{"id":49622,"date":"2023-04-09T09:37:52","date_gmt":"2023-04-09T14:37:52","guid":{"rendered":"http:\/\/losperiodistas.com.mx\/portal\/?p=49622"},"modified":"2023-04-09T09:37:53","modified_gmt":"2023-04-09T14:37:53","slug":"politica-antidrogas-de-la-4t-abre-las-puertas-de-mexico-a-una-epidemia-de-fentanilo-proceso","status":"publish","type":"post","link":"https:\/\/losperiodistas.com.mx\/portal\/politica-antidrogas-de-la-4t-abre-las-puertas-de-mexico-a-una-epidemia-de-fentanilo-proceso\/","title":{"rendered":"Pol\u00edtica antidrogas de la 4T abre las puertas de M\u00e9xico a una epidemia de fentanilo | Proceso"},"content":{"rendered":"\n<p class=\"has-light-green-cyan-background-color has-background has-medium-font-size\"><strong>Los programas contra las adicciones del gobierno federal han sido insuficientes frente a la proliferaci\u00f3n de opi\u00e1ceos sint\u00e9ticos como el fentanilo. Y la falta de una pol\u00edtica de drogas efectiva abre las puertas a que esta epidemia se propague sin control.<\/strong><\/p>\n\n\n\n<figure class=\"wp-block-image size-full is-style-default\"><img fetchpriority=\"high\" decoding=\"async\" width=\"800\" height=\"450\" src=\"https:\/\/losperiodistas.com.mx\/portal\/wp-content\/uploads\/2023\/04\/f800x450-171847_223293_5050.webp\" alt=\"\" class=\"wp-image-49623\" srcset=\"https:\/\/losperiodistas.com.mx\/portal\/wp-content\/uploads\/2023\/04\/f800x450-171847_223293_5050.webp 800w, https:\/\/losperiodistas.com.mx\/portal\/wp-content\/uploads\/2023\/04\/f800x450-171847_223293_5050-300x169.webp 300w, https:\/\/losperiodistas.com.mx\/portal\/wp-content\/uploads\/2023\/04\/f800x450-171847_223293_5050-768x432.webp 768w\" sizes=\"(max-width: 800px) 100vw, 800px\" \/><figcaption>Consumo de drogas. Foto: Alejandro Sald\u00edvar<\/figcaption><\/figure>\n\n\n\n<p class=\"has-vivid-red-color has-text-color has-medium-font-size\"><strong>ALEJANDRO SALD\u00cdVAR \/ PROCESO<\/strong><\/p>\n\n\n\n<p><em><strong>A pesar de que el gobierno ha implementado programas para tratar las adicciones, \u00e9stos han sido insuficientes para hacer frente a la proliferaci\u00f3n de opi\u00e1ceos sint\u00e9ticos como el fentanilo. La falta de una pol\u00edtica de drogas efectiva abre la puerta a que esta epidemia se propague sin control, sobre todo en la frontera con Estados Unidos. La ausencia de regulaci\u00f3n efectiva en la venta de precursores qu\u00edmicos, utilizados para fabricar este tipo de drogas, ha permitido que los traficantes obtengan f\u00e1cilmente los materiales para su producci\u00f3n a gran escala, e incluso que la oferten en la web profunda.<\/strong><\/em><\/p>\n\n\n\n<p>CIUDAD DE M\u00c9XICO (Proceso).- Alfredo no conoce el fentanilo, pero s\u00ed la piedra. Casi todos los d\u00edas consume esta mezcla de clorhidrato de coca\u00edna y bicarbonato de sodio en la azotea de un edificio en la delegaci\u00f3n \u00c1lvaro Obreg\u00f3n. \u00c9l no vive ah\u00ed, pero desde algunos a\u00f1os es el \u00fanico lugar donde se siente seguro para preparar su dosis. Detr\u00e1s de \u00e9l llegan otros dos sigilosos consumidores habituales.<\/p>\n\n\n\n<p>La azotea huele a ropa reci\u00e9n lavada y a mierda de perro seca. Una l\u00e1mpara fluorescente parpadea sobre trazos ca\u00f3ticos en la pared. Hace unos minutos compraron por 50 pesos algunos \u201cpiedrulces\u201d que les permitir\u00e1n terminar el d\u00eda \u201cde a padrino\u201d. Para ellos, el ritual de conseguir un envase es casi tan importante como fumar.<\/p>\n\n\n\n<p>Fantasma toma un envase de Yakult como c\u00e1liz sacrificial de su loquera, mientras los otros preparan los utensilios para la ceremonia: una antena, una lata, un encendedor, cigarrillos.<\/p>\n\n\n\n<p>Arturo desenvuelve con cuidado un peque\u00f1o papel que contiene diminutas piedras blanquecinas. No se da cuenta de que, debajo de ellas, aparece el nombre de la senadora Lilly T\u00e9llez, quien manifest\u00f3 a finales de marzo su intenci\u00f3n de contender por la Presidencia de M\u00e9xico. Es un detalle que no tiene importancia para \u00e9l, pero se atreve a decir: \u201cLa pol\u00edtica es una droga, \u00bfa poco no?\u201d.<\/p>\n\n\n\n<p>Roberto balbucea la canci\u00f3n del Tri \u201cLas piedras rodantes\u201d, como si estuviera girando sobre su propio destino errante. Con su pulgar percudido de ceniza chasquea el encendedor. El sonido de las piedritas quem\u00e1ndose sobre aluminio es un coro de diminutas chispas, ansiosas por alcanzar algo m\u00e1s all\u00e1 de su incandescencia.<\/p>\n\n\n\n<p>Despu\u00e9s de que Arturo inhala de su antena, sus ojos se esconden detr\u00e1s de los p\u00e1rpados, como si un placer ef\u00edmero recorriera su cuerpo. En esa azotea de un edificio desolado, el universo entero se condensa en un humo espeso, donde un tr\u00edo de consumidores se sumerge en su propio mundo, sin saber con certeza que sustancia est\u00e1n consumiendo.<\/p>\n\n\n\n<p>Arturo empez\u00f3 a consumir piedra en los noventa, desde entonces algunos de sus amigos est\u00e1n en el reclusorio, unos autoexiliados y otros muertos. Ha probado desde la mariguana, la hero\u00edna y el pegamento; sin embargo, se habitu\u00f3 a la piedra: \u201cCuando fumo siento que mi cabeza se vac\u00eda por algunos minutos\u201d, confiesa un poco agitado.<\/p>\n\n\n\n<h2 class=\"wp-block-heading\">Vanguardia prohibicionista<\/h2>\n\n\n\n<p>Jaime Arredondo S\u00e1nchez Lira, catedr\u00e1tico del Instituto Canadiense de Investigaci\u00f3n sobre el Uso de Sustancias, de la Universidad de Victoria, expresa en entrevista su preocupaci\u00f3n por la falta de evidencia cient\u00edfica en las medidas que se est\u00e1n tomando alrededor de la pol\u00edtica p\u00fablica en materia de consumo de sustancias.<\/p>\n\n\n\n<p>Seg\u00fan S\u00e1nchez Lira, la pol\u00edtica actual es extremadamente moral y regresiva, incluso parecida a las campa\u00f1as de \u201cDi no a las drogas\u201d de la era de Reagan en Estados Unidos. \u201cEs un retraso que ni en los gobiernos panistas pens\u00e9 que llegar\u00edamos a tanto\u201d, dice.<\/p>\n\n\n\n<p>S\u00e1nchez Lira critica el desempe\u00f1o de la Comisi\u00f3n Nacional contra las Adicciones (Conadic) y de su titular Gady Zabicky Sirot, por estar al margen de las discusiones y no oponerse a las campa\u00f1as de prevenci\u00f3n basadas en narrativas falsas que justifican la criminalizaci\u00f3n de las drogas.<\/p>\n\n\n\n<p>\u201cLa Ley General de Salud indica que la estrategia de pol\u00edtica de drogas del gobierno debe estar basada en evidencia y pues ahora est\u00e1 completamente descontextualizado el tema de mostrar, por ejemplo, a Hitler para ver si efectivamente as\u00ed asustamos a los chicos para no consumir metanfetaminas, es absurdo\u201d, asegura el investigador.<\/p>\n\n\n\n<p>\u201cPara vivir feliz no necesitas meterte nada\u201d, es el slogan de los spots del gobierno federal que mezcla im\u00e1genes del holocausto con close ups extremos de una jeringa con hero\u00edna, c\u00e1psulas de colores y l\u00edneas de polvo blanco.<\/p>\n\n\n\n<p>\u201cLos nazis crearon las metanfetaminas para convertir a sus soldados en seres incansables y deshumanizados. Bajo su efecto, el ej\u00e9rcito nazi inicia la peor guerra de la historia y crea los campos de exterminio\u201d, se escucha una voz masculina de fondo a las im\u00e1genes de archivo.<\/p>\n\n\n\n<p>Seg\u00fan S\u00e1nchez Lira, este spot es absurdo y ning\u00fan pa\u00eds se ha atrevido a tanto. \u201cEstas t\u00e1cticas pueden aumentar el estigma sobre el consumo de sustancias y alejar a las personas que buscan ayuda. Tenemos que combatir el estigma del consumo de sustancias porque mientras m\u00e1s asustamos a una persona, m\u00e1s se aleja de nosotros\u201d, explica.<\/p>\n\n\n\n<h3 class=\"wp-block-heading\">Fragmento del reportaje publicado en la edici\u00f3n 2423 de la revista Proceso, cuya edici\u00f3n digital puede adquirir en\u00a0<a href=\"https:\/\/publicacionesdigitales.proceso.com.mx\/library\" target=\"_blank\" rel=\"noreferrer noopener\">este enlace<\/a>.<\/h3>\n\n\n\n<p>Fuente: <a href=\"https:\/\/www.proceso.com.mx\/reportajes\/2023\/4\/8\/politica-antidrogas-de-la-4t-abre-las-puertas-de-mexico-una-epidemia-de-fentanilo-305028.html\">https:\/\/www.proceso.com.mx\/reportajes\/2023\/4\/8\/politica-antidrogas-de-la-4t-abre-las-puertas-de-mexico-una-epidemia-de-fentanilo-305028.html<\/a><\/p>\n","protected":false},"excerpt":{"rendered":"<p>Los programas contra las adicciones del gobierno federal han sido insuficientes frente a la proliferaci\u00f3n de opi\u00e1ceos sint\u00e9ticos como el [&hellip;]<\/p>\n","protected":false},"author":1,"featured_media":49623,"comment_status":"open","ping_status":"open","sticky":false,"template":"","format":"standard","meta":{"site-sidebar-layout":"default","site-content-layout":"","ast-site-content-layout":"default","site-content-style":"default","site-sidebar-style":"default","ast-global-header-display":"","ast-banner-title-visibility":"","ast-main-header-display":"","ast-hfb-above-header-display":"","ast-hfb-below-header-display":"","ast-hfb-mobile-header-display":"","site-post-title":"","ast-breadcrumbs-content":"","ast-featured-img":"","footer-sml-layout":"","theme-transparent-header-meta":"","adv-header-id-meta":"","stick-header-meta":"","header-above-stick-meta":"","header-main-stick-meta":"","header-below-stick-meta":"","astra-migrate-meta-layouts":"default","ast-page-background-enabled":"default","ast-page-background-meta":{"desktop":{"background-color":"var(--ast-global-color-4)","background-image":"","background-repeat":"repeat","background-position":"center center","background-size":"auto","background-attachment":"scroll","background-type":"","background-media":"","overlay-type":"","overlay-color":"","overlay-opacity":"","overlay-gradient":""},"tablet":{"background-color":"","background-image":"","background-repeat":"repeat","background-position":"center center","background-size":"auto","background-attachment":"scroll","background-type":"","background-media":"","overlay-type":"","overlay-color":"","overlay-opacity":"","overlay-gradient":""},"mobile":{"background-color":"","background-image":"","background-repeat":"repeat","background-position":"center center","background-size":"auto","background-attachment":"scroll","background-type":"","background-media":"","overlay-type":"","overlay-color":"","overlay-opacity":"","overlay-gradient":""}},"ast-content-background-meta":{"desktop":{"background-color":"var(--ast-global-color-5)","background-image":"","background-repeat":"repeat","background-position":"center center","background-size":"auto","background-attachment":"scroll","background-type":"","background-media":"","overlay-type":"","overlay-color":"","overlay-opacity":"","overlay-gradient":""},"tablet":{"background-color":"var(--ast-global-color-5)","background-image":"","background-repeat":"repeat","background-position":"center center","background-size":"auto","background-attachment":"scroll","background-type":"","background-media":"","overlay-type":"","overlay-color":"","overlay-opacity":"","overlay-gradient":""},"mobile":{"background-color":"var(--ast-global-color-5)","background-image":"","background-repeat":"repeat","background-position":"center center","background-size":"auto","background-attachment":"scroll","background-type":"","background-media":"","overlay-type":"","overlay-color":"","overlay-opacity":"","overlay-gradient":""}},"footnotes":""},"categories":[8],"tags":[15895,15894],"class_list":["post-49622","post","type-post","status-publish","format-standard","has-post-thumbnail","hentry","category-noticias","tag-consumo-fentanilo","tag-mexico-drogas-sinteticas"],"_links":{"self":[{"href":"https:\/\/losperiodistas.com.mx\/portal\/wp-json\/wp\/v2\/posts\/49622","targetHints":{"allow":["GET"]}}],"collection":[{"href":"https:\/\/losperiodistas.com.mx\/portal\/wp-json\/wp\/v2\/posts"}],"about":[{"href":"https:\/\/losperiodistas.com.mx\/portal\/wp-json\/wp\/v2\/types\/post"}],"author":[{"embeddable":true,"href":"https:\/\/losperiodistas.com.mx\/portal\/wp-json\/wp\/v2\/users\/1"}],"replies":[{"embeddable":true,"href":"https:\/\/losperiodistas.com.mx\/portal\/wp-json\/wp\/v2\/comments?post=49622"}],"version-history":[{"count":1,"href":"https:\/\/losperiodistas.com.mx\/portal\/wp-json\/wp\/v2\/posts\/49622\/revisions"}],"predecessor-version":[{"id":49624,"href":"https:\/\/losperiodistas.com.mx\/portal\/wp-json\/wp\/v2\/posts\/49622\/revisions\/49624"}],"wp:featuredmedia":[{"embeddable":true,"href":"https:\/\/losperiodistas.com.mx\/portal\/wp-json\/wp\/v2\/media\/49623"}],"wp:attachment":[{"href":"https:\/\/losperiodistas.com.mx\/portal\/wp-json\/wp\/v2\/media?parent=49622"}],"wp:term":[{"taxonomy":"category","embeddable":true,"href":"https:\/\/losperiodistas.com.mx\/portal\/wp-json\/wp\/v2\/categories?post=49622"},{"taxonomy":"post_tag","embeddable":true,"href":"https:\/\/losperiodistas.com.mx\/portal\/wp-json\/wp\/v2\/tags?post=49622"}],"curies":[{"name":"wp","href":"https:\/\/api.w.org\/{rel}","templated":true}]}}