{"id":49619,"date":"2023-04-09T09:27:48","date_gmt":"2023-04-09T14:27:48","guid":{"rendered":"http:\/\/losperiodistas.com.mx\/portal\/?p=49619"},"modified":"2023-04-09T09:27:49","modified_gmt":"2023-04-09T14:27:49","slug":"el-papa-cristo-ha-resucitado-jesus-el-viviente-esta-con-nosotros-para-siempre-vatican-news","status":"publish","type":"post","link":"https:\/\/losperiodistas.com.mx\/portal\/el-papa-cristo-ha-resucitado-jesus-el-viviente-esta-con-nosotros-para-siempre-vatican-news\/","title":{"rendered":"El Papa: Cristo ha resucitado. Jes\u00fas, el Viviente est\u00e1 con nosotros para siempre | Vatican News"},"content":{"rendered":"\n<p class=\"has-luminous-vivid-amber-background-color has-background has-medium-font-size\">Obtengamos la fuerza para preservar en el bien, buscando el Bien que no defrauda. Apresur\u00e9monos dijo el Papa en su mensaje Urbi et Orbi, a crecer en un camino de confianza rec\u00edproca, entre las personas, entre los pueblos y las naciones. Apresur\u00e9monos a superar los conflictos y las divisiones, y a abrir nuestros corazones a quien m\u00e1s lo necesita. A recorrer senderos de paz y de fraternidad.<\/p>\n\n\n\n<p><\/p>\n\n\n\n<figure class=\"wp-block-embed is-type-video is-provider-youtube wp-block-embed-youtube wp-embed-aspect-16-9 wp-has-aspect-ratio\"><div class=\"wp-block-embed__wrapper\">\n<iframe title=\"09 abril de 2023, Domingo de Resurrecci\u00f3n, Santa Misa y Bendici\u00f3n \u201cUrbi et Orbi\u201d | Papa Francisco\" width=\"500\" height=\"281\" src=\"https:\/\/www.youtube.com\/embed\/MgHTlJLqt40?feature=oembed\" frameborder=\"0\" allow=\"accelerometer; autoplay; clipboard-write; encrypted-media; gyroscope; picture-in-picture; web-share\" referrerpolicy=\"strict-origin-when-cross-origin\" allowfullscreen><\/iframe>\n<\/div><\/figure>\n\n\n\n<p class=\"has-vivid-red-color has-text-color has-medium-font-size\"><strong>PATRICIA YNESTROZA \/ VATICAN NEWS <\/strong><\/p>\n\n\n\n<p>El papa Francisco en su mensaje Urbi et Orbi pidi\u00f3 que obtengamos hoy la fuerza para perseverar en el bien, hacia el encuentro del Bien que no defrauda. \u2026 \u00abel mayor pecado es no creer en la fuerza de la Resurrecci\u00f3n\u00bb, hoy, afirm\u00f3, creemos y \u00absabemos que Cristo verdaderamente resucit\u00f3\u00bb.<\/p>\n\n\n\n<p>\u201cCreemos en Ti, Se\u00f1or Jes\u00fas, creemos que contigo la esperanza renace y el camino sigue. T\u00fa, Se\u00f1or de la vida, ali\u00e9ntanos en nuestro caminar y rep\u00edtenos, como a los disc\u00edpulos la tarde de Pascua: \u00ab\u00a1La paz est\u00e9 con ustedes!\u00bb\u201d<\/p>\n\n\n\n<p>El Resucitado nos pide que nos dejemos sorprender por el gozoso anuncio de la Pascua, por la luz que ilumina las tinieblas y las oscuridades que se ciernen tantas veces sobre el mundo.&nbsp;<\/p>\n\n\n\n<h2 class=\"wp-block-heading\"><strong>Quiero decirles a todos: Feliz Pascua<\/strong><\/h2>\n\n\n\n<p>El Pont\u00edfice quiso desearles a todos, con alegr\u00eda en el coraz\u00f3n: \u00a1feliz Pascua!<\/p>\n\n\n\n<p>\u201cQue sea para cada uno de ustedes, queridos hermanos y hermanas \u2014en particular para los enfermos y los pobres, para los ancianos y los que est\u00e1n atravesando momentos de prueba y dificultad\u2014, un paso de la tribulaci\u00f3n a la consolaci\u00f3n\u201d.<\/p>\n\n\n\n<p>A todos dijo, que no estamos solos, Jes\u00fas, el Viviente, est\u00e1 con nosotros para siempre. Que la Iglesia y el mundo se alegren, se\u00f1al\u00f3, porque hoy nuestra esperanza ya no se estrella contra el muro de la muerte; el Se\u00f1or nos ha abierto un puente hacia la vida.<\/p>\n\n\n\n<figure class=\"wp-block-image is-style-default\"><img decoding=\"async\" src=\"https:\/\/www.vaticannews.va\/content\/dam\/vaticannews\/agenzie\/images\/srv\/2023\/04\/09\/2023-04-09-benedizione-urbi-et-orbi\/1681036104162.JPG\/_jcr_content\/renditions\/cq5dam.thumbnail.cropped.750.422.jpeg\" alt=\"Papa Francisco concediendo indulgencias en este Domingo de Resurrecci\u00f3n\"\/><\/figure>\n\n\n\n<p>Papa Francisco concediendo indulgencias en este Domingo de Resurrecci\u00f3n<\/p>\n\n\n\n<h2 class=\"wp-block-heading\"><strong>\u00a1Cristo ha resucitado!<\/strong><\/h2>\n\n\n\n<p>\u201cCristo ha resucitado, verdaderamente ha resucitado, como se proclama en las Iglesias de Oriente. Ese&nbsp;<em>verdaderamente&nbsp;<\/em>nos dice que la esperanza no es una ilusi\u00f3n, \u00a1es verdad! Y que, a partir de la Pascua, el camino de la humanidad, marcado por la esperanza, avanza veloz\u201d. Esta prisa, nos lo muestran con su ejemplo los primeros testigos de la Resurrecci\u00f3n, dijo el Papa.<\/p>\n\n\n\n<p>Los Evangelios describen la prisa con la que el d\u00eda de Pascua \u00ablas mujeres corrieron a dar la noticia a los disc\u00edpulos\u00bb. Y, despu\u00e9s que Mar\u00eda Magdalena \u00abcorri\u00f3 al encuentro de Sim\u00f3n Pedro\u00bb, Juan y el mismo Pedro \u201ccorrieron los dos juntos\u201d para llegar al lugar donde Jes\u00fas hab\u00eda sido sepultado. En definitiva, afirm\u00f3 Francisco, en Pascua el andar se acelera y se vuelve una carrera, porque la humanidad ve la meta de su camino, el sentido de su destino, Jesucristo, y est\u00e1 llamada a ir de prisa hacia \u00c9l, esperanza del mundo.&nbsp; &nbsp;<\/p>\n\n\n\n<h2 class=\"wp-block-heading\"><strong>Alegr\u00eda por signos concretos de esperanza<\/strong><\/h2>\n\n\n\n<p>&nbsp;Alegr\u00e9monos, exclam\u00f3 el Papa, por los signos concretos de esperanza que nos llegan de tantos pa\u00edses, empezando de aquellos que ofrecen asistencia y acogida a quienes huyen de la guerra y de la pobreza.<\/p>\n\n\n\n<p>\u201cDirijamos una s\u00faplica al Resucitado: \u00a1ay\u00fadanos a correr hacia Ti! \u00a1Ay\u00fadanos a abrir nuestros corazones!\u201d<\/p>\n\n\n\n<h2 class=\"wp-block-heading\"><strong>Ucrania-Rusia-Siria-Turqu\u00eda<\/strong><\/h2>\n\n\n\n<p>Que el Resucitado ayude al amado pueblo ucraniano en el camino hacia la paz e infunde la luz pascual sobre el pueblo ruso. Que conforte a los heridos, a los que han perdido sus seres queridos por la guerra, que los prisioneros, dijo Francisco, puedan volver sanos y salvos con sus familias.<\/p>\n\n\n\n<p>Exclam\u00f3 Francisco, que Jes\u00fas abra los corazones de toda la comunidad internacional para que se esfuerce por poner fin a esa guerra y a todos los conflictos que ensangrientan al mundo, comenzando por Siria, que a\u00fan espera la paz.<\/p>\n\n\n\n<p>Que sostenga a los afectados por el terremoto en Turqu\u00eda y en Siria. Pidi\u00f3 rezar por los que han perdido familiares y amigos, o se quedaron sin casa. \u201cQue puedan recibir consuelo de Dios y ayuda de la familia de las naciones\u201d.<\/p>\n\n\n\n<h2 class=\"wp-block-heading\"><strong>Jerusal\u00e9n-L\u00edbano-T\u00fanez<\/strong><\/h2>\n\n\n\n<p>\u201cEn este d\u00eda te confiamos, Se\u00f1or, la ciudad de Jerusal\u00e9n, primer testigo de tu Resurrecci\u00f3n. Expreso mi profunda preocupaci\u00f3n por los ataques de estos \u00faltimos d\u00edas, que amenazan el deseado clima de confianza y respeto rec\u00edproco, necesario para retomar el di\u00e1logo entre israel\u00edes y palestinos, de modo que la paz reine en la Ciudad Santa y en toda la regi\u00f3n\u201d, se\u00f1al\u00f3 el Papa preocupado, y pidi\u00f3 ayuda por el L\u00edbano, a\u00fan en busca de estabilidad y unidad.<\/p>\n\n\n\n<p>Tambi\u00e9n pidi\u00f3 por el \u201cquerido\u201d pueblo de T\u00fanez, en particular de los j\u00f3venes y de aquellos que sufren a causa de los problemas sociales y econ\u00f3micos, para que no pierdan la esperanza y colaboren en la construcci\u00f3n de un futuro de paz y fraternidad.<\/p>\n\n\n\n<figure class=\"wp-block-image is-style-default\"><img decoding=\"async\" src=\"https:\/\/www.vaticannews.va\/content\/dam\/vaticannews\/agenzie\/images\/srv\/2023\/04\/09\/2023-04-09-benedizione-urbi-et-orbi\/1681036708430.JPG\/_jcr_content\/renditions\/cq5dam.thumbnail.cropped.750.422.jpeg\" alt=\"Mensaje Urbi et Orbi\"\/><\/figure>\n\n\n\n<p>Mensaje Urbi et Orbi<\/p>\n\n\n\n<h2 class=\"wp-block-heading\"><strong>Hait\u00ed-\u00c1frica<\/strong><\/h2>\n\n\n\n<p>El Papa pidi\u00f3 a Jes\u00fas resucitado que dirija su mirada sobre Hait\u00ed, que est\u00e1 sufriendo desde hace varios a\u00f1os una grave crisis sociopol\u00edtica y humanitaria, que sostenga los esfuerzos de los actores pol\u00edticos y de la comunidad internacional en la b\u00fasqueda de una soluci\u00f3n definitiva a los numerosos problemas que afligen a esa poblaci\u00f3n tan atribulada.<\/p>\n\n\n\n<p>Que consolide los procesos de paz y reconciliaci\u00f3n emprendidos en Etiop\u00eda y en Sud\u00e1n del Sur, y que cese la violencia en la Rep\u00fablica Democr\u00e1tica del Congo.<\/p>\n\n\n\n<h2 class=\"wp-block-heading\"><strong>Nicaragua-Eritrea-Myanmar<\/strong><\/h2>\n\n\n\n<p>Francisco pidi\u00f3 al Resucitado que sostenga a las comunidades cristianas que est\u00e1n celebrando la Pascua en \u201ccircunstancias particulares, como en Nicaragua y en Eritrea\u201d, y pidi\u00f3 al Se\u00f1or por todos aquellos a quienes se les impide profesar libre y p\u00fablicamente su fe.<\/p>\n\n\n\n<p>El Papa pidi\u00f3 al se\u00f1or que conceda consuelo a las v\u00edctimas del terrorismo internacional, especialmente en Burkina Faso, Mal\u00ed, Mozambique y Nigeria. Que ayude a Myanmar a recorrer caminos de paz e ilumina los corazones de los responsables para que los martirizados Rohiny\u00e1 encuentren justicia.<\/p>\n\n\n\n<figure class=\"wp-block-image is-style-default\"><img decoding=\"async\" src=\"https:\/\/www.vaticannews.va\/content\/dam\/vaticannews\/agenzie\/images\/srv\/2023\/04\/09\/2023-04-09-benedizione-urbi-et-orbi\/1681035806294.JPG\/_jcr_content\/renditions\/cq5dam.thumbnail.cropped.750.422.jpeg\" alt=\"Desde la Logia Central, Mensaje urbi et Orbi\"\/><\/figure>\n\n\n\n<p>Desde la Logia Central, Mensaje urbi et Orbi<\/p>\n\n\n\n<h2 class=\"wp-block-heading\"><strong>Refugiados-prisioneros pol\u00edticos-migrantes<\/strong><\/h2>\n\n\n\n<p>Por \u00faltimo, Francisco pidi\u00f3 a Jes\u00fas que conforte a los refugiados, a los deportados, a los prisioneros pol\u00edticos y a los migrantes, especialmente a los m\u00e1s vulnerables, as\u00ed como a todos aquellos que sufren a causa del hambre, la pobreza y los nefastos efectos del narcotr\u00e1fico, la trata de personas y toda forma de esclavitud.<\/p>\n\n\n\n<p>\u00abInspira, Se\u00f1or, a los responsables de las naciones, para que ning\u00fan hombre o mujer sea discriminado y pisoteado en su dignidad; para que en el pleno respeto de los derechos humanos y de la democracia se sanen esas heridas sociales, se busque siempre y solamente el bien com\u00fan de los ciudadanos, se garantice la seguridad y las condiciones necesarias para el di\u00e1logo y la convivencia pac\u00edfica\u00bb.<\/p>\n","protected":false},"excerpt":{"rendered":"<p>Obtengamos la fuerza para preservar en el bien, buscando el Bien que no defrauda. Apresur\u00e9monos dijo el Papa en su [&hellip;]<\/p>\n","protected":false},"author":1,"featured_media":49620,"comment_status":"open","ping_status":"open","sticky":false,"template":"","format":"standard","meta":{"site-sidebar-layout":"default","site-content-layout":"","ast-site-content-layout":"default","site-content-style":"default","site-sidebar-style":"default","ast-global-header-display":"","ast-banner-title-visibility":"","ast-main-header-display":"","ast-hfb-above-header-display":"","ast-hfb-below-header-display":"","ast-hfb-mobile-header-display":"","site-post-title":"","ast-breadcrumbs-content":"","ast-featured-img":"","footer-sml-layout":"","theme-transparent-header-meta":"","adv-header-id-meta":"","stick-header-meta":"","header-above-stick-meta":"","header-main-stick-meta":"","header-below-stick-meta":"","astra-migrate-meta-layouts":"default","ast-page-background-enabled":"default","ast-page-background-meta":{"desktop":{"background-color":"var(--ast-global-color-4)","background-image":"","background-repeat":"repeat","background-position":"center center","background-size":"auto","background-attachment":"scroll","background-type":"","background-media":"","overlay-type":"","overlay-color":"","overlay-opacity":"","overlay-gradient":""},"tablet":{"background-color":"","background-image":"","background-repeat":"repeat","background-position":"center center","background-size":"auto","background-attachment":"scroll","background-type":"","background-media":"","overlay-type":"","overlay-color":"","overlay-opacity":"","overlay-gradient":""},"mobile":{"background-color":"","background-image":"","background-repeat":"repeat","background-position":"center center","background-size":"auto","background-attachment":"scroll","background-type":"","background-media":"","overlay-type":"","overlay-color":"","overlay-opacity":"","overlay-gradient":""}},"ast-content-background-meta":{"desktop":{"background-color":"var(--ast-global-color-5)","background-image":"","background-repeat":"repeat","background-position":"center center","background-size":"auto","background-attachment":"scroll","background-type":"","background-media":"","overlay-type":"","overlay-color":"","overlay-opacity":"","overlay-gradient":""},"tablet":{"background-color":"var(--ast-global-color-5)","background-image":"","background-repeat":"repeat","background-position":"center center","background-size":"auto","background-attachment":"scroll","background-type":"","background-media":"","overlay-type":"","overlay-color":"","overlay-opacity":"","overlay-gradient":""},"mobile":{"background-color":"var(--ast-global-color-5)","background-image":"","background-repeat":"repeat","background-position":"center center","background-size":"auto","background-attachment":"scroll","background-type":"","background-media":"","overlay-type":"","overlay-color":"","overlay-opacity":"","overlay-gradient":""}},"footnotes":""},"categories":[8],"tags":[15893,196],"class_list":["post-49619","post","type-post","status-publish","format-standard","has-post-thumbnail","hentry","category-noticias","tag-bendicion-urbi-et-orbi","tag-papa-francisco"],"_links":{"self":[{"href":"https:\/\/losperiodistas.com.mx\/portal\/wp-json\/wp\/v2\/posts\/49619","targetHints":{"allow":["GET"]}}],"collection":[{"href":"https:\/\/losperiodistas.com.mx\/portal\/wp-json\/wp\/v2\/posts"}],"about":[{"href":"https:\/\/losperiodistas.com.mx\/portal\/wp-json\/wp\/v2\/types\/post"}],"author":[{"embeddable":true,"href":"https:\/\/losperiodistas.com.mx\/portal\/wp-json\/wp\/v2\/users\/1"}],"replies":[{"embeddable":true,"href":"https:\/\/losperiodistas.com.mx\/portal\/wp-json\/wp\/v2\/comments?post=49619"}],"version-history":[{"count":1,"href":"https:\/\/losperiodistas.com.mx\/portal\/wp-json\/wp\/v2\/posts\/49619\/revisions"}],"predecessor-version":[{"id":49621,"href":"https:\/\/losperiodistas.com.mx\/portal\/wp-json\/wp\/v2\/posts\/49619\/revisions\/49621"}],"wp:featuredmedia":[{"embeddable":true,"href":"https:\/\/losperiodistas.com.mx\/portal\/wp-json\/wp\/v2\/media\/49620"}],"wp:attachment":[{"href":"https:\/\/losperiodistas.com.mx\/portal\/wp-json\/wp\/v2\/media?parent=49619"}],"wp:term":[{"taxonomy":"category","embeddable":true,"href":"https:\/\/losperiodistas.com.mx\/portal\/wp-json\/wp\/v2\/categories?post=49619"},{"taxonomy":"post_tag","embeddable":true,"href":"https:\/\/losperiodistas.com.mx\/portal\/wp-json\/wp\/v2\/tags?post=49619"}],"curies":[{"name":"wp","href":"https:\/\/api.w.org\/{rel}","templated":true}]}}