{"id":49616,"date":"2023-04-09T09:18:14","date_gmt":"2023-04-09T14:18:14","guid":{"rendered":"http:\/\/losperiodistas.com.mx\/portal\/?p=49616"},"modified":"2023-04-09T09:18:18","modified_gmt":"2023-04-09T14:18:18","slug":"quema-de-judas-en-puebla-amlo-cespedes-y-consultarivera-los-protagonistas-video-e-consulta","status":"publish","type":"post","link":"https:\/\/losperiodistas.com.mx\/portal\/quema-de-judas-en-puebla-amlo-cespedes-y-consultarivera-los-protagonistas-video-e-consulta\/","title":{"rendered":"Quema de Judas en Puebla: AMLO, C\u00e9spedes y ConsultaRivera, los protagonistas (Video) | E-Consulta"},"content":{"rendered":"\n<p class=\"has-medium-font-size\"><strong>La tradici\u00f3n de Semana Santa regres\u00f3 al Barrio del Artista luego de la pandemia de coronavirus<\/strong><\/p>\n\n\n\n<p><\/p>\n\n\n\n<figure class=\"wp-block-image size-full is-style-default\"><img fetchpriority=\"high\" decoding=\"async\" width=\"640\" height=\"426\" src=\"https:\/\/losperiodistas.com.mx\/portal\/wp-content\/uploads\/2023\/04\/quema-de-judas-en-puebla-amlo-cespedes-y-rivera-los-protagonistas-video.jpg\" alt=\"\" class=\"wp-image-49617\" srcset=\"https:\/\/losperiodistas.com.mx\/portal\/wp-content\/uploads\/2023\/04\/quema-de-judas-en-puebla-amlo-cespedes-y-rivera-los-protagonistas-video.jpg 640w, https:\/\/losperiodistas.com.mx\/portal\/wp-content\/uploads\/2023\/04\/quema-de-judas-en-puebla-amlo-cespedes-y-rivera-los-protagonistas-video-300x200.jpg 300w\" sizes=\"(max-width: 640px) 100vw, 640px\" \/><figcaption><em>Foto \/ Agencia Enfoque<\/em><\/figcaption><\/figure>\n\n\n\n<p class=\"has-vivid-red-color has-text-color has-medium-font-size\"><strong>GABRIELA GARC\u00cdA GUZM\u00c1N \/ JES\u00daS ARRONIZ \/ E-CONSULTA<\/strong><\/p>\n\n\n\n<p>Luego de tres a\u00f1os de ausencia, a causa de la pandemia de covid-19, regres\u00f3 la&nbsp;<strong><a href=\"https:\/\/www.e-consulta.com\/nota\/2017-04-15\/ciudad\/hacen-explotar-donald-trump-en-la-quema-de-judas\" target=\"_blank\" rel=\"noreferrer noopener\">quema de Judas en Puebla<\/a><\/strong>; decenas de poblanos y turistas se dieron cita en el Barrio del Artista, para presenciar c\u00f3mo le prend\u00edan fuego a ocho figuras de cart\u00f3n elaboradas este a\u00f1o y que representaron el pasaje de la Biblia.<\/p>\n\n\n\n<p>La imagen principal de esta tradici\u00f3n de\u00a0<strong><a href=\"https:\/\/www.e-consulta.com\/nota\/2023-03-31\/ciudad\/viacrusis-procesion-y-mas-en-catedral-por-semana-santa-2023-en-puebla\" target=\"_blank\" rel=\"noreferrer noopener\">Semana Santa 2023\u00a0<\/a><\/strong>fue un\u00a0<strong>diablo<\/strong>\u00a0que el pecho ten\u00eda la palabra\u00a0<strong><a href=\"https:\/\/www.e-consulta.com\/nota\/2023-03-06\/nacion\/amlo-representa-carteles-o-al-pueblo-cuestiona-eu\" target=\"_blank\" rel=\"noreferrer noopener\">AMLO<\/a><\/strong>, siglas del nombre del presidente de la Rep\u00fablica,\u00a0<strong>Andr\u00e9s Manuel L\u00f3pez Obrador<\/strong>; en el resto del cuerpo ten\u00eda escrito el nombre del gobernador de Puebla,\u00a0<strong>Sergio Salom\u00f3n<\/strong>, as\u00ed como el del alcalde\u00a0<strong>Eduardo Rivera P\u00e9rez<\/strong>, el de\u00a0<strong>Lily T\u00e9llez<\/strong>, senadora de la Rep\u00fablica.<\/p>\n\n\n\n<figure class=\"wp-block-embed is-type-video is-provider-youtube wp-block-embed-youtube wp-embed-aspect-16-9 wp-has-aspect-ratio\"><div class=\"wp-block-embed__wrapper\">\n<iframe title=\"Quema de Judas en #Puebla: #AMLO, C\u00e9spedes y Rivera, los protagonistas\" width=\"500\" height=\"281\" src=\"https:\/\/www.youtube.com\/embed\/sZcB-2mruAQ?feature=oembed\" frameborder=\"0\" allow=\"accelerometer; autoplay; clipboard-write; encrypted-media; gyroscope; picture-in-picture; web-share\" referrerpolicy=\"strict-origin-when-cross-origin\" allowfullscreen><\/iframe>\n<\/div><\/figure>\n\n\n\n<p><\/p>\n\n\n\n<p>Los mu\u00f1ecos de la quema de judas en Puebla fueron colgados del cuello en los \u00e1rboles Barrio del Artista, representando el momento en el que, de acuerdo con los textos religiosos,&nbsp;<strong>Judas Iscariote<\/strong>&nbsp;se ahorc\u00f3 tras vender a Jes\u00fas por 30 monedas de plata para su crucifixi\u00f3n.<\/p>\n\n\n\n<figure class=\"wp-block-image is-style-default\"><img decoding=\"async\" src=\"https:\/\/fotos.e-consulta.com\/site_uploads\/2022\/1-quema-de-judas-en-puebla-amlo-cespedes-y-rivera-los-protagonistas-video.jpg\" alt=\"\"\/><\/figure>\n\n\n\n<p>Hab\u00eda\u00a0<strong>siete Judas m\u00e1s<\/strong>, los cuales representaban a los\u00a0<strong>medios de comunicaci\u00f3n<\/strong>, a\u00a0<strong>gobernantes internacionales<\/strong>, artistas reconocidos, expresidentes de la Rep\u00fablica y\u00a0<strong>hasta conten\u00edan los nombres de los artistas del Barrio del Artista<\/strong>.<\/p>\n\n\n\n<figure class=\"wp-block-image is-style-default\"><img decoding=\"async\" src=\"https:\/\/fotos.e-consulta.com\/site_uploads\/2022\/2-quema-de-judas-en-puebla-amlo-cespedes-y-rivera-los-protagonistas-video.jpg\" alt=\"\"\/><\/figure>\n\n\n\n<p>Ah\u00ed estuvieron representados&nbsp;<strong><a href=\"https:\/\/www.e-consulta.com\/nota\/2023-02-13\/nacion\/amlo-propone-joe-biden-intercambiar-avion-presidencial-por-helicopteros\" target=\"_blank\" rel=\"noreferrer noopener\">Joe Biden<\/a><\/strong>, presidente de Estados Unidos, cuya relaci\u00f3n diplom\u00e1tica se ha visto afectada en las \u00faltimas semanas debido a que l\u00edderes del partido republicano propusieron declarar a los c\u00e1rteles de la droga mexicanos como grupos terroristas, por lo que avalar\u00edan la presencia de militares estadounidenses en el pa\u00eds.<\/p>\n\n\n\n<p>Otro de los judas de este a\u00f1o fue el presidente de El Salvador,\u00a0<a href=\"https:\/\/www.e-consulta.com\/opinion\/2019-06-02\/nayib-bukele-el-salvador-de-el-salvador-por-marcelina-romero\" target=\"_blank\" rel=\"noreferrer noopener\">Nayib Bukele<\/a>, quien ha sido considerado en su pa\u00eds como un dictador por las pol\u00edticas implementadas durante su mandato como la\u00a0<strong><a href=\"https:\/\/www.e-consulta.com\/nota\/2023-02-28\/mundo\/el-salvador-asi-es-la-mega-carcel-para-pandilleros-que-preocupa-activistas\" target=\"_blank\" rel=\"noreferrer noopener\">mega c\u00e1rcel para pandilleros<\/a><\/strong><\/p>\n\n\n\n<figure class=\"wp-block-embed is-type-rich is-provider-twitter wp-block-embed-twitter\"><div class=\"wp-block-embed__wrapper\">\nhttps:\/\/twitter.com\/e_consulta\/status\/1644847341776646144?ref_src=twsrc%5Etfw%7Ctwcamp%5Etweetembed%7Ctwterm%5E1644847341776646144%7Ctwgr%5E0ddd2ca6dd0dad2f5ca4a1002c7a74705b64c5f5%7Ctwcon%5Es1_c10&#038;ref_url=https%3A%2F%2Fwww.e-consulta.com%2Fnota%2F2023-04-08%2Fciudad%2Fquema-de-judas-en-puebla-amlo-cespedes-y-rivera-los-protagonistas-video\n<\/div><\/figure>\n\n\n\n<p>As\u00ed al grito de \u00a1<strong>que los quemen<\/strong>!, fueron encendidas las mechas de cada uno de los ocho mu\u00f1ecos que\u00a0<strong>ardieron en llamadas<\/strong>.<\/p>\n\n\n\n<figure class=\"wp-block-image is-style-default\"><img decoding=\"async\" src=\"https:\/\/fotos.e-consulta.com\/site_uploads\/2022\/3-quema-de-judas-en-puebla-amlo-cespedes-y-rivera-los-protagonistas-video.jpg\" alt=\"\"\/><\/figure>\n\n\n\n<p>A su vez los pintores mexicanos&nbsp;<strong><a href=\"https:\/\/www.e-consulta.com\/nota\/2021-01-18\/entretenimiento\/quien-amo-frida-kahlo-ademas-de-diego-rivera\" target=\"_blank\" rel=\"noreferrer noopener\">Diego Rivera<\/a>,&nbsp;<a href=\"https:\/\/www.e-consulta.com\/nota\/2022-07-06\/cultura\/puebla-de-los-angeles-otra-obra-de-frida-kahlo\" target=\"_blank\" rel=\"noreferrer noopener\">Frida Kahlo<\/a>&nbsp;y&nbsp;<a href=\"https:\/\/www.e-consulta.com\/nota\/2018-12-19\/nacion\/denuncian-que-se-llevaron-de-los-pinos-obras-de-arte-colchones-y-hasta\" target=\"_blank\" rel=\"noreferrer noopener\">David Alfaro Siqueiros<\/a><\/strong>&nbsp;tambi\u00e9n fueron caracterizados y quemados, pero a diferencia de los anteriores, fue un homenaje a su legado.<\/p>\n\n\n\n<figure class=\"wp-block-image is-style-default\"><img decoding=\"async\" src=\"https:\/\/fotos.e-consulta.com\/site_uploads\/2022\/4-quema-de-judas-en-puebla-amlo-cespedes-y-rivera-los-protagonistas-video.jpg\" alt=\"\"\/><\/figure>\n\n\n\n<h2 class=\"wp-block-heading\"><strong>Origen y significado de la quema de Judas en Puebla<\/strong><\/h2>\n\n\n\n<p>En Puebla, la&nbsp;<a href=\"https:\/\/www.e-consulta.com\/nota\/2014-04-19\/sociedad\/arden-politicos-y-partidos-en-la-quema-de-judas-del-barrio-del-artista\" target=\"_blank\" rel=\"noreferrer noopener\">quema de Judas<\/a>&nbsp;tiene su&nbsp;<strong>origen en el virreinato<\/strong>&nbsp;caracterizando a&nbsp;<strong>personajes considerados en su momento como traidores<\/strong>&nbsp;para posteriormente quemarlos para&nbsp;<strong>purificar la ciudad de malas energ\u00edas<\/strong>.<\/p>\n\n\n\n<p><strong>Alberto G\u00f3mez S\u00e1nchez<\/strong>, presidente del Barrio del Artista comparti\u00f3 que la tradici\u00f3n de la Quema de Judas en Puebla fue suspendida tres por la pandemia por covid-19, por lo que este a\u00f1o regresaron con la actitud de festejar nuevamente las tradiciones mexicanas.<\/p>\n\n\n\n<figure class=\"wp-block-image is-style-default\"><img decoding=\"async\" src=\"https:\/\/fotos.e-consulta.com\/site_uploads\/2022\/5-quema-de-judas-en-puebla-amlo-cespedes-y-rivera-los-protagonistas-video.jpg\" alt=\"\"\/><\/figure>\n\n\n\n<p>\u201cEs una tradici\u00f3n que venimos realizando, es la representaci\u00f3n de Judas Iscariote y de la&nbsp;<strong>evangelizaci\u00f3n de los mexicanos<\/strong>, estas&nbsp;<strong>figuras de carrizo, papel china y sistema de coheter\u00eda<\/strong>, respetando a este gran traidor b\u00edblico, Judas Iscariote, es una&nbsp;<strong>forma sat\u00edrica<\/strong>&nbsp;de sacar ese coraje por dicha traici\u00f3n\u201d.<\/p>\n\n\n\n<p>Fue as\u00ed como hoy 8 de abril de nueva cuenta locales y turistas disfrutaron de la quema de judas en Puebla, una tradici\u00f3n de Semana Santa.<\/p>\n\n\n\n<p>Fuente: <a href=\"https:\/\/www.e-consulta.com\/nota\/2023-04-08\/ciudad\/quema-de-judas-en-puebla-amlo-cespedes-y-rivera-los-protagonistas-video\">https:\/\/www.e-consulta.com\/nota\/2023-04-08\/ciudad\/quema-de-judas-en-puebla-amlo-cespedes-y-rivera-los-protagonistas-video<\/a><\/p>\n","protected":false},"excerpt":{"rendered":"<p>La tradici\u00f3n de Semana Santa regres\u00f3 al Barrio del Artista luego de la pandemia de coronavirus GABRIELA GARC\u00cdA GUZM\u00c1N \/ [&hellip;]<\/p>\n","protected":false},"author":1,"featured_media":49617,"comment_status":"open","ping_status":"open","sticky":false,"template":"","format":"standard","meta":{"site-sidebar-layout":"default","site-content-layout":"","ast-site-content-layout":"default","site-content-style":"default","site-sidebar-style":"default","ast-global-header-display":"","ast-banner-title-visibility":"","ast-main-header-display":"","ast-hfb-above-header-display":"","ast-hfb-below-header-display":"","ast-hfb-mobile-header-display":"","site-post-title":"","ast-breadcrumbs-content":"","ast-featured-img":"","footer-sml-layout":"","theme-transparent-header-meta":"","adv-header-id-meta":"","stick-header-meta":"","header-above-stick-meta":"","header-main-stick-meta":"","header-below-stick-meta":"","astra-migrate-meta-layouts":"default","ast-page-background-enabled":"default","ast-page-background-meta":{"desktop":{"background-color":"var(--ast-global-color-4)","background-image":"","background-repeat":"repeat","background-position":"center center","background-size":"auto","background-attachment":"scroll","background-type":"","background-media":"","overlay-type":"","overlay-color":"","overlay-opacity":"","overlay-gradient":""},"tablet":{"background-color":"","background-image":"","background-repeat":"repeat","background-position":"center center","background-size":"auto","background-attachment":"scroll","background-type":"","background-media":"","overlay-type":"","overlay-color":"","overlay-opacity":"","overlay-gradient":""},"mobile":{"background-color":"","background-image":"","background-repeat":"repeat","background-position":"center center","background-size":"auto","background-attachment":"scroll","background-type":"","background-media":"","overlay-type":"","overlay-color":"","overlay-opacity":"","overlay-gradient":""}},"ast-content-background-meta":{"desktop":{"background-color":"var(--ast-global-color-5)","background-image":"","background-repeat":"repeat","background-position":"center center","background-size":"auto","background-attachment":"scroll","background-type":"","background-media":"","overlay-type":"","overlay-color":"","overlay-opacity":"","overlay-gradient":""},"tablet":{"background-color":"var(--ast-global-color-5)","background-image":"","background-repeat":"repeat","background-position":"center center","background-size":"auto","background-attachment":"scroll","background-type":"","background-media":"","overlay-type":"","overlay-color":"","overlay-opacity":"","overlay-gradient":""},"mobile":{"background-color":"var(--ast-global-color-5)","background-image":"","background-repeat":"repeat","background-position":"center center","background-size":"auto","background-attachment":"scroll","background-type":"","background-media":"","overlay-type":"","overlay-color":"","overlay-opacity":"","overlay-gradient":""}},"footnotes":""},"categories":[8],"tags":[15892,15891,12115,15890],"class_list":["post-49616","post","type-post","status-publish","format-standard","has-post-thumbnail","hentry","category-noticias","tag-amlo-cespedes","tag-barrio-del-artista-puebla","tag-lalo-rivera","tag-quema-de-judas"],"_links":{"self":[{"href":"https:\/\/losperiodistas.com.mx\/portal\/wp-json\/wp\/v2\/posts\/49616","targetHints":{"allow":["GET"]}}],"collection":[{"href":"https:\/\/losperiodistas.com.mx\/portal\/wp-json\/wp\/v2\/posts"}],"about":[{"href":"https:\/\/losperiodistas.com.mx\/portal\/wp-json\/wp\/v2\/types\/post"}],"author":[{"embeddable":true,"href":"https:\/\/losperiodistas.com.mx\/portal\/wp-json\/wp\/v2\/users\/1"}],"replies":[{"embeddable":true,"href":"https:\/\/losperiodistas.com.mx\/portal\/wp-json\/wp\/v2\/comments?post=49616"}],"version-history":[{"count":1,"href":"https:\/\/losperiodistas.com.mx\/portal\/wp-json\/wp\/v2\/posts\/49616\/revisions"}],"predecessor-version":[{"id":49618,"href":"https:\/\/losperiodistas.com.mx\/portal\/wp-json\/wp\/v2\/posts\/49616\/revisions\/49618"}],"wp:featuredmedia":[{"embeddable":true,"href":"https:\/\/losperiodistas.com.mx\/portal\/wp-json\/wp\/v2\/media\/49617"}],"wp:attachment":[{"href":"https:\/\/losperiodistas.com.mx\/portal\/wp-json\/wp\/v2\/media?parent=49616"}],"wp:term":[{"taxonomy":"category","embeddable":true,"href":"https:\/\/losperiodistas.com.mx\/portal\/wp-json\/wp\/v2\/categories?post=49616"},{"taxonomy":"post_tag","embeddable":true,"href":"https:\/\/losperiodistas.com.mx\/portal\/wp-json\/wp\/v2\/tags?post=49616"}],"curies":[{"name":"wp","href":"https:\/\/api.w.org\/{rel}","templated":true}]}}