{"id":49487,"date":"2023-04-06T07:05:19","date_gmt":"2023-04-06T12:05:19","guid":{"rendered":"http:\/\/losperiodistas.com.mx\/portal\/?p=49487"},"modified":"2023-04-06T07:05:21","modified_gmt":"2023-04-06T12:05:21","slug":"el-principito-cumple-80-anos-dw","status":"publish","type":"post","link":"https:\/\/losperiodistas.com.mx\/portal\/el-principito-cumple-80-anos-dw\/","title":{"rendered":"\u00abEl principito\u00bb cumple 80 a\u00f1os | DW"},"content":{"rendered":"\n<p class=\"has-light-green-cyan-background-color has-background has-medium-font-size\">Un libro infantil para adultos: generaciones enteras de lectores comparten entusiasmo desde hace d\u00e9cadas por la fant\u00e1stica historia contada por Antoine de Saint-Exup\u00e9ry.<\/p>\n\n\n\n<figure class=\"wp-block-image size-full\"><img fetchpriority=\"high\" decoding=\"async\" width=\"700\" height=\"394\" src=\"https:\/\/losperiodistas.com.mx\/portal\/wp-content\/uploads\/2023\/04\/65215155_303.jpg\" alt=\"\" class=\"wp-image-49488\" srcset=\"https:\/\/losperiodistas.com.mx\/portal\/wp-content\/uploads\/2023\/04\/65215155_303.jpg 700w, https:\/\/losperiodistas.com.mx\/portal\/wp-content\/uploads\/2023\/04\/65215155_303-300x169.jpg 300w\" sizes=\"(max-width: 700px) 100vw, 700px\" \/><figcaption>\u00abEl principito\u00bb ha sido un bestseller mundial durante 80 a\u00f1os.<\/figcaption><\/figure>\n\n\n\n<p><\/p>\n\n\n\n<p class=\"has-vivid-red-color has-text-color has-medium-font-size\">NADINE WOJCI<strong>K \/ DW<\/strong><\/p>\n\n\n\n<p>Todav\u00eda recuerdo el d\u00eda en que mi madre apareci\u00f3 una tarde en mi cuarto con el&nbsp;<a href=\"https:\/\/www.dw.com\/es\/manuscrito-de-el-principito-se-exhibir%C3%A1-en-francia-en-2022\/a-60052376\">libro de \u00abEl principito\u201d<\/a>. \u00abEse debe de&nbsp;ser un&nbsp;gran libro\u00bb, pens\u00e9, cuando not\u00e9 con qu\u00e9 cuidado lo abr\u00eda. Los dibujos de ese ni\u00f1o de pelo dorado me cautivaron.&nbsp;<a href=\"https:\/\/www.dw.com\/es\/a-subasta-manuscrito-del-escritor-y-piloto-franc%C3%A9s-antoine-de-saint-exup%C3%A9ry\/a-4335590\">Pero la historia&#8230;<\/a>&nbsp;\u00a1me perturb\u00f3! Qu\u00e9 horrible, un planeta tan peque\u00f1o, \u00a1es como una prisi\u00f3n! Y esa extra\u00f1a y rencorosa rosa, pero \u00bfpor qu\u00e9 le gusta tanto? \u00bfY por qu\u00e9 se hace amigo de un zorro y luego lo vuelve a abandonar?<\/p>\n\n\n\n<p>Cuando mi madre me le\u00eda en voz alta un breve cap\u00edtulo, yo no me atrev\u00eda a decirle lo&nbsp;inc\u00f3moda que me parec\u00eda la historia. Y, mientras la cultura pop celebraba al h\u00e9roe de la novela infantil m\u00e1s famosa del mundo, yo solo quer\u00eda distanciarme de ese ni\u00f1o extraterrestre.<\/p>\n\n\n\n<h2 class=\"wp-block-heading\">\u00abEl Principito\u00bb, un recuerdo a la ni\u00f1ez&nbsp;<\/h2>\n\n\n\n<p>El libro trata de un ni\u00f1o que vive en un planeta muy peque\u00f1o con una rosa, dos volcanes activos y uno inactivo, y con brotes del \u00e1rbol baobab con los que hay que luchar. La rosa y el principito no se llevan bien, la rosa es gru\u00f1ona y exigente. As\u00ed que el ni\u00f1o decide irse y emprende un viaje para explorar siete planetas. Su \u00faltima parada es la Tierra.<\/p>\n\n\n\n<p>A los&nbsp;80 a\u00f1os de su primera publicaci\u00f3n, le di otra oportunidad a esta historia. Debo decir que esta vez sus cap\u00edtulos me cautivaron. Pero no es un cuento para ni\u00f1os, sino m\u00e1s bien un recordatorio de la ni\u00f1ez que hay en cada uno de nosotros. La corta novela aborda en 27 cap\u00edtulos grandes temas de la vida adulta, como el amor, la soledad y la muerte.<\/p>\n\n\n\n<p>\u00abEl Principito\u00bb es el \u00faltimo libro de un&nbsp;apasionado de la aviaci\u00f3n,&nbsp;<a href=\"https:\/\/www.dw.com\/es\/marsella-celebra-a-saint-exup%C3%A9ry-a-65-a%C3%B1os-de-su-muerte\/a-4532886\">Antoine de Saint-Exup\u00e9ry<\/a>, publicado en Nueva York en 1943. Tres a\u00f1os despu\u00e9s, fue traducido al franc\u00e9s. Sin embargo, el c\u00e9lebre autor nunca lleg\u00f3 a verlo, ya que nunca volvi\u00f3 de un vuelo en la Segunda Guerra Mundial, en 1944.<\/p>\n\n\n\n<h2 class=\"wp-block-heading\">Antoine de Saint-Exup\u00e9ry: piloto y escritor&nbsp;<\/h2>\n\n\n\n<p>La carrera de aviador de Saint-Exup\u00e9ry, nacido en Lyon en 1900, comenz\u00f3 con vuelos tur\u00edsticos sobre Par\u00eds. En los a\u00f1os veinte, vol\u00f3 rutas como Toulouse &#8211; Casablanca \u2013 Dakar. Posteriormente, fue asignado como portador de correo a\u00e9reo nocturno a Argentina.<\/p>\n\n\n\n<p>M\u00e1s tarde, intent\u00f3 repetidamente batir r\u00e9cords de distancia y sobrevivi\u00f3 a dos accidentes en los trayectos Par\u00eds &#8211; Saig\u00f3n y Nueva York &#8211; Tierra del Fuego. Con el comienzo de la Segunda Guerra Mundial, fue llamado a filas.<\/p>\n\n\n\n<p>Su vida de piloto no s\u00f3lo se lee como una historia de aventuras. Antoine de Saint-Exup\u00e9ry escribi\u00f3 novelas muy aclamadas durante algunas etapas de su vida. Aunque recibi\u00f3 premios literarios, se consideraba, ante todo, piloto, y despu\u00e9s escritor.<\/p>\n\n\n\n<p>\u00abEl Principito\u201d fue, al principio, una decepci\u00f3n. Es un cuento agridulce, ilustrado por el propio Saint-Exup\u00e9ry, donde se encuentra tambi\u00e9n su biograf\u00eda plasmada en&nbsp;la narraci\u00f3n del piloto que se estrell\u00f3 en el desierto. Pero nadie se imagin\u00f3 que este libro no s\u00f3lo se convertir\u00eda en su mayor \u00e9xito, sino tambi\u00e9n en el m\u00e1s vendido en la historia francesa. Se dice que, desde entonces, se han vendido m\u00e1s de 200 millones de ejemplares y ha sido traducido a unos 340 idiomas y dialectos.<\/p>\n\n\n\n<h2 class=\"wp-block-heading\">Una oda a la imaginaci\u00f3n<\/h2>\n\n\n\n<p>\u00abDib\u00fajame una oveja\u00bb, es lo primero que el principito le dice al piloto siniestrado. El piloto dibuja tres ovejas, pero todas ellas son rechazadas por el ni\u00f1o. Exasperado, dibuja por \u00faltimo una caja y dice: \u00abLa oveja que quieres est\u00e1 ah\u00ed dentro\u00bb. Para su gran asombro, el extra\u00f1o ni\u00f1o queda muy entusiasmado.<\/p>\n\n\n\n<p>Pero as\u00ed no era yo de ni\u00f1a. Qu\u00e9 tonter\u00eda, pens\u00e9 en ese entonces. \u00bfPor qu\u00e9 no pinta la oveja como le gusta al pr\u00edncipe? No pod\u00eda entender la genialidad de estas l\u00edneas. Hoy en d\u00eda, este pasaje s\u00ed me convence: es una oda a la imaginaci\u00f3n, a una&nbsp;ingenuidad infantil sin prejuicios. \u00abLos grandes nunca entienden nada por s\u00ed mismos. Y, para los ni\u00f1os, es demasiado trabajo explicarles las cosas una y otra vez\u00bb, escribe Saint-Exup\u00e9ry en el primer cap\u00edtulo.<\/p>\n\n\n\n<h2 class=\"wp-block-heading\">\u00abS\u00f3lo se ve bien con el coraz\u00f3n&#8230;\u00bb<\/h2>\n\n\n\n<p>El libro est\u00e1 lleno de sabidur\u00eda. \u00abS\u00f3lo se ve bien con el coraz\u00f3n, lo esencial es invisible a los ojos\u00bb es probablemente el m\u00e1s famoso aforismo. El cuento tambi\u00e9n contiene reflexiones de cr\u00edtica social.<\/p>\n\n\n\n<p>El principito experimenta extra\u00f1os encuentros en cada planeta antes de llegar a la tierra: un monarca que busca s\u00fabditos,&nbsp;un borracho que bebe para olvidar la verg\u00fcenza de beber,&nbsp;un farolero que s\u00f3lo ejerce \u00f3rdenes,&nbsp;un vanidoso que quiere ser admirado,&nbsp;un ge\u00f3grafo que explica el mundo, pero no lo ha visto,&nbsp;un hombre de negocios que se cree due\u00f1o de las estrellas.<\/p>\n\n\n\n<p>\u00abTodos los mayores han sido primero ni\u00f1os, pero pocos lo recuerdan\u201d, escribe Saint-Exup\u00e9ry al principio de su obra literaria. Y es que, sin duda alguna, \u00abEl Principito\u00bb nos recuerda como ning\u00fan otro libro lo que es la infancia\u00a0y, quiz\u00e1 por eso, ha sido un\u00a0<em>bestseller<\/em>\u00a0mundial durante 80 a\u00f1os.(ms)\u00a0<\/p>\n\n\n\n<p>Fuente: <a href=\"https:\/\/www.dw.com\/es\/el-principito-cumple-80-a%C3%B1os\/a-65242187\">https:\/\/www.dw.com\/es\/el-principito-cumple-80-a%C3%B1os\/a-65242187<\/a><\/p>\n","protected":false},"excerpt":{"rendered":"<p>Un libro infantil para adultos: generaciones enteras de lectores comparten entusiasmo desde hace d\u00e9cadas por la fant\u00e1stica historia contada por [&hellip;]<\/p>\n","protected":false},"author":1,"featured_media":49488,"comment_status":"open","ping_status":"open","sticky":false,"template":"","format":"standard","meta":{"site-sidebar-layout":"default","site-content-layout":"","ast-site-content-layout":"default","site-content-style":"default","site-sidebar-style":"default","ast-global-header-display":"","ast-banner-title-visibility":"","ast-main-header-display":"","ast-hfb-above-header-display":"","ast-hfb-below-header-display":"","ast-hfb-mobile-header-display":"","site-post-title":"","ast-breadcrumbs-content":"","ast-featured-img":"","footer-sml-layout":"","theme-transparent-header-meta":"","adv-header-id-meta":"","stick-header-meta":"","header-above-stick-meta":"","header-main-stick-meta":"","header-below-stick-meta":"","astra-migrate-meta-layouts":"default","ast-page-background-enabled":"default","ast-page-background-meta":{"desktop":{"background-color":"var(--ast-global-color-4)","background-image":"","background-repeat":"repeat","background-position":"center center","background-size":"auto","background-attachment":"scroll","background-type":"","background-media":"","overlay-type":"","overlay-color":"","overlay-opacity":"","overlay-gradient":""},"tablet":{"background-color":"","background-image":"","background-repeat":"repeat","background-position":"center center","background-size":"auto","background-attachment":"scroll","background-type":"","background-media":"","overlay-type":"","overlay-color":"","overlay-opacity":"","overlay-gradient":""},"mobile":{"background-color":"","background-image":"","background-repeat":"repeat","background-position":"center center","background-size":"auto","background-attachment":"scroll","background-type":"","background-media":"","overlay-type":"","overlay-color":"","overlay-opacity":"","overlay-gradient":""}},"ast-content-background-meta":{"desktop":{"background-color":"var(--ast-global-color-5)","background-image":"","background-repeat":"repeat","background-position":"center center","background-size":"auto","background-attachment":"scroll","background-type":"","background-media":"","overlay-type":"","overlay-color":"","overlay-opacity":"","overlay-gradient":""},"tablet":{"background-color":"var(--ast-global-color-5)","background-image":"","background-repeat":"repeat","background-position":"center center","background-size":"auto","background-attachment":"scroll","background-type":"","background-media":"","overlay-type":"","overlay-color":"","overlay-opacity":"","overlay-gradient":""},"mobile":{"background-color":"var(--ast-global-color-5)","background-image":"","background-repeat":"repeat","background-position":"center center","background-size":"auto","background-attachment":"scroll","background-type":"","background-media":"","overlay-type":"","overlay-color":"","overlay-opacity":"","overlay-gradient":""}},"footnotes":""},"categories":[8],"tags":[15869,6751],"class_list":["post-49487","post","type-post","status-publish","format-standard","has-post-thumbnail","hentry","category-noticias","tag-antoine-de-saint-exupery-2","tag-el-principito"],"_links":{"self":[{"href":"https:\/\/losperiodistas.com.mx\/portal\/wp-json\/wp\/v2\/posts\/49487","targetHints":{"allow":["GET"]}}],"collection":[{"href":"https:\/\/losperiodistas.com.mx\/portal\/wp-json\/wp\/v2\/posts"}],"about":[{"href":"https:\/\/losperiodistas.com.mx\/portal\/wp-json\/wp\/v2\/types\/post"}],"author":[{"embeddable":true,"href":"https:\/\/losperiodistas.com.mx\/portal\/wp-json\/wp\/v2\/users\/1"}],"replies":[{"embeddable":true,"href":"https:\/\/losperiodistas.com.mx\/portal\/wp-json\/wp\/v2\/comments?post=49487"}],"version-history":[{"count":1,"href":"https:\/\/losperiodistas.com.mx\/portal\/wp-json\/wp\/v2\/posts\/49487\/revisions"}],"predecessor-version":[{"id":49489,"href":"https:\/\/losperiodistas.com.mx\/portal\/wp-json\/wp\/v2\/posts\/49487\/revisions\/49489"}],"wp:featuredmedia":[{"embeddable":true,"href":"https:\/\/losperiodistas.com.mx\/portal\/wp-json\/wp\/v2\/media\/49488"}],"wp:attachment":[{"href":"https:\/\/losperiodistas.com.mx\/portal\/wp-json\/wp\/v2\/media?parent=49487"}],"wp:term":[{"taxonomy":"category","embeddable":true,"href":"https:\/\/losperiodistas.com.mx\/portal\/wp-json\/wp\/v2\/categories?post=49487"},{"taxonomy":"post_tag","embeddable":true,"href":"https:\/\/losperiodistas.com.mx\/portal\/wp-json\/wp\/v2\/tags?post=49487"}],"curies":[{"name":"wp","href":"https:\/\/api.w.org\/{rel}","templated":true}]}}