{"id":49484,"date":"2023-04-06T06:58:07","date_gmt":"2023-04-06T11:58:07","guid":{"rendered":"http:\/\/losperiodistas.com.mx\/portal\/?p=49484"},"modified":"2023-04-06T06:58:09","modified_gmt":"2023-04-06T11:58:09","slug":"argentina-la-voz-de-la-madruga-desde-el-balcon-de-la-macarena-la-saeta-es-de-valientes-nius","status":"publish","type":"post","link":"https:\/\/losperiodistas.com.mx\/portal\/argentina-la-voz-de-la-madruga-desde-el-balcon-de-la-macarena-la-saeta-es-de-valientes-nius\/","title":{"rendered":"Argentina, la voz de la Madrug\u00e1 desde el balc\u00f3n de la Macarena: \u00abLa saeta es de valientes\u00bb | NIUS"},"content":{"rendered":"\n<ul class=\"has-luminous-vivid-amber-background-color has-background has-medium-font-size wp-block-list\"><li>La saeta a la Macarena antes de su recogida es uno de los momentos m\u00e1s emblem\u00e1ticos de la Semana Santa de Sevilla<\/li><li>La cantaora onubense acept\u00f3 el encargo aunque necesit\u00f3 dos d\u00edas para pensarlo debido a la gran responsabilidad que conlleva<\/li><\/ul>\n\n\n\n<figure class=\"wp-block-image size-large\"><img fetchpriority=\"high\" decoding=\"async\" width=\"1024\" height=\"576\" src=\"https:\/\/losperiodistas.com.mx\/portal\/wp-content\/uploads\/2023\/04\/dsc1897_0682-1024x576.jpeg\" alt=\"\" class=\"wp-image-49485\" srcset=\"https:\/\/losperiodistas.com.mx\/portal\/wp-content\/uploads\/2023\/04\/dsc1897_0682-1024x576.jpeg 1024w, https:\/\/losperiodistas.com.mx\/portal\/wp-content\/uploads\/2023\/04\/dsc1897_0682-300x169.jpeg 300w, https:\/\/losperiodistas.com.mx\/portal\/wp-content\/uploads\/2023\/04\/dsc1897_0682-768x432.jpeg 768w, https:\/\/losperiodistas.com.mx\/portal\/wp-content\/uploads\/2023\/04\/dsc1897_0682.jpeg 1200w\" sizes=\"(max-width: 1024px) 100vw, 1024px\" \/><figcaption>magen de la artista onubense Argentina. CEDIDA<\/figcaption><\/figure>\n\n\n\n<p class=\"has-vivid-red-color has-text-color has-medium-font-size\"><strong>JAVIER GARC\u00cdA PADILLA \/ Sevilla \/ NIUS<\/strong><\/p>\n\n\n\n<p>No hay micr\u00f3fonos ni altavoces y la ac\u00fastica no es la de un teatro. Es\u00a0<strong>el escenario m\u00e1s peque\u00f1o del mundo<\/strong>\u00a0y a la vez el m\u00e1s complicado. Bienvenidos al balc\u00f3n de<a href=\"https:\/\/www.niusdiario.es\/espana\/andalucia\/20221019\/nace-macarena-tv-television-cofrade-programacion-directo_18_07753424.html\">\u00a0la Macarena<\/a>, donde no hay p\u00fablico sino fieles esperando escuchar una saeta. \u00abAqu\u00ed no hay trampa ni cart\u00f3n\u00bb, dice Argentina&#8230; Ella ser\u00e1 la \u00faltima voz que oir\u00e1 la Virgen antes de su recogida en la Madrug\u00e1 de Sevilla.<\/p>\n\n\n\n<p>\u00abMe lo dijeron hace dos semanas\u00bb, explica la artista onubense, que pidi\u00f3 dos d\u00edas para pens\u00e1rselo. \u00abNecesitaba saber que estaba preparada\u00bb, dice Argentina, \u00abes una responsabilidad y un momento muy \u00edntimo porque, aunque est\u00e9s cantando, no deja de ser&nbsp;<strong>un rezo que gritas a los cuatro vientos<\/strong>\u00ab.&nbsp;Al final dijo que s\u00ed y desde entonces no ha dejado de pensar en ese estrecho balc\u00f3n al que todos se asoman entre la Madrug\u00e1 y el Viernes Santo.<\/p>\n\n\n\n<h4 class=\"has-cyan-bluish-gray-background-color has-background wp-block-heading\">M\u00c1S<\/h4>\n\n\n\n<ul class=\"has-cyan-bluish-gray-background-color has-background wp-block-list\"><li><a href=\"https:\/\/www.niusdiario.es\/espana\/andalucia\/20230405\/camara-aerea-spidercam-semana-santa-incidentes-retraso-cofradias-sevilla_18_09194085.html#utm_source=apoyo_editorial_articulo\">La c\u00e1mara a\u00e9rea de la Semana Santa sevillana \u2018la l\u00eda\u2019 enred\u00e1ndose con los pasos y retrasando los cortejos<\/a><\/li><li><a href=\"https:\/\/www.niusdiario.es\/espana\/andalucia\/20230405\/cristo-articulado-doblete-semana-santa-huetor-tajar-granada_18_09194480.html#utm_source=apoyo_editorial_articulo\">Jes\u00fas Cautivo, el mi\u00e9rcoles, y Jes\u00fas Nazareno, el jueves: la talla articulada que hace doblete en un pueblo de Granada<\/a><\/li><li><a href=\"https:\/\/www.niusdiario.es\/espana\/andalucia\/20230404\/musicos-semana-santa-hartos-gente-cruza-banda-no-pasa-sevilla_18_09190955.html#utm_source=apoyo_editorial_articulo\">Los m\u00fasicos de Semana Santa est\u00e1n hartos de la gente que se cruza mientras tocan: \u00abPor la banda no se pasa\u00bb<\/a><\/li><\/ul>\n\n\n\n<p>\u00abCantar saeta es muy arriesgado\u00bb, confiesa la cantaora de Huelva, \u00abporque no hay m\u00fasica que\u00a0te tape, nada&#8230; ah\u00ed est\u00e1s t\u00fa en tu m\u00e1ximo esplendor\u00bb. Es un encargo dif\u00edcil que ya hicieron antes otras voces como las de\u00a0<strong>Erika Leiva<\/strong>,<strong>\u00a0Alex Ortiz\u00a0<\/strong>o\u00a0<strong>Joana Jim\u00e9nez<\/strong>. \u00abLa saeta es de valientes\u00bb, sentencia Argentina.<\/p>\n\n\n\n<figure class=\"wp-block-embed is-type-video is-provider-youtube wp-block-embed-youtube wp-embed-aspect-16-9 wp-has-aspect-ratio\"><div class=\"wp-block-embed__wrapper\">\n<iframe title=\"Argentina &amp; Banda Nazareno de Huelva en Sevilla. &quot;La Saeta&quot; para Cristo de los Gitanos\" width=\"500\" height=\"281\" src=\"https:\/\/www.youtube.com\/embed\/lvl9R0MUijA?feature=oembed\" frameborder=\"0\" allow=\"accelerometer; autoplay; clipboard-write; encrypted-media; gyroscope; picture-in-picture; web-share\" referrerpolicy=\"strict-origin-when-cross-origin\" allowfullscreen><\/iframe>\n<\/div><\/figure>\n\n\n\n<p>Sin embargo, no es la primera saeta de la artista ni tampoco es la primera vez que le canta a la Macarena. Ya lo hizo en 2012 en la Campana, pero esta vez lo har\u00e1 en uno de los&nbsp;<strong>momentos m\u00e1s emblem\u00e1ticos de la Semana Santa de Sevilla<\/strong>, durante su recogida el Viernes Santo.&nbsp;La Virgen Macarena es de las \u00faltimas im\u00e1genes que vuelven a casa tras la Madrug\u00e1.&nbsp;<\/p>\n\n\n\n<p>La cita nunca tiene hora fija. La Macarena suele entrar en su Bas\u00edlica pasadas las dos de la tarde del Viernes Santo, pero justo antes se detiene para escuchar la saeta que cada a\u00f1o le cantan desde el balc\u00f3n de la Casa Hermandad, la \u00faltima que escucha hasta la siguiente Semana Santa.&nbsp;<strong>\u00abEs un momento \u00fanico\u00bb<\/strong>, explica Argentina, y confiesa vivirlo con nervios.<\/p>\n\n\n\n<p>La tranquilidad se la da\u00a0<strong>Enrique Casillas, pregonero de la Semana Santa<\/strong>\u00a0de este a\u00f1o en Sevilla y encargado de escribir las dos saetas por seguiriyas que cantar\u00e1 Argentina. \u00abEs un buen amigo y le pedimos el favor de que las hiciera\u00bb, dice. La primera es para el Se\u00f1or de la Sentencia, la segunda para la Virgen. \u00abLa letra es preciosa\u00bb, dice la cantaora, que estrena las dos desde el balc\u00f3n de la Macarena, el escenario m\u00e1s peque\u00f1o del mundo&#8230; y el que m\u00e1s llena.<\/p>\n\n\n\n<p>Fuente: <a href=\"https:\/\/www.niusdiario.es\/espana\/andalucia\/20230405\/argentina-voz-madruga-balcon-macarena-saeta-valientes-sevilla_18_09199890.html\">https:\/\/www.niusdiario.es\/espana\/andalucia\/20230405\/argentina-voz-madruga-balcon-macarena-saeta-valientes-sevilla_18_09199890.html<\/a><\/p>\n","protected":false},"excerpt":{"rendered":"<p>La saeta a la Macarena antes de su recogida es uno de los momentos m\u00e1s emblem\u00e1ticos de la Semana Santa [&hellip;]<\/p>\n","protected":false},"author":1,"featured_media":49485,"comment_status":"open","ping_status":"open","sticky":false,"template":"","format":"standard","meta":{"site-sidebar-layout":"default","site-content-layout":"","ast-site-content-layout":"default","site-content-style":"default","site-sidebar-style":"default","ast-global-header-display":"","ast-banner-title-visibility":"","ast-main-header-display":"","ast-hfb-above-header-display":"","ast-hfb-below-header-display":"","ast-hfb-mobile-header-display":"","site-post-title":"","ast-breadcrumbs-content":"","ast-featured-img":"","footer-sml-layout":"","theme-transparent-header-meta":"","adv-header-id-meta":"","stick-header-meta":"","header-above-stick-meta":"","header-main-stick-meta":"","header-below-stick-meta":"","astra-migrate-meta-layouts":"default","ast-page-background-enabled":"default","ast-page-background-meta":{"desktop":{"background-color":"var(--ast-global-color-4)","background-image":"","background-repeat":"repeat","background-position":"center center","background-size":"auto","background-attachment":"scroll","background-type":"","background-media":"","overlay-type":"","overlay-color":"","overlay-opacity":"","overlay-gradient":""},"tablet":{"background-color":"","background-image":"","background-repeat":"repeat","background-position":"center center","background-size":"auto","background-attachment":"scroll","background-type":"","background-media":"","overlay-type":"","overlay-color":"","overlay-opacity":"","overlay-gradient":""},"mobile":{"background-color":"","background-image":"","background-repeat":"repeat","background-position":"center center","background-size":"auto","background-attachment":"scroll","background-type":"","background-media":"","overlay-type":"","overlay-color":"","overlay-opacity":"","overlay-gradient":""}},"ast-content-background-meta":{"desktop":{"background-color":"var(--ast-global-color-5)","background-image":"","background-repeat":"repeat","background-position":"center center","background-size":"auto","background-attachment":"scroll","background-type":"","background-media":"","overlay-type":"","overlay-color":"","overlay-opacity":"","overlay-gradient":""},"tablet":{"background-color":"var(--ast-global-color-5)","background-image":"","background-repeat":"repeat","background-position":"center center","background-size":"auto","background-attachment":"scroll","background-type":"","background-media":"","overlay-type":"","overlay-color":"","overlay-opacity":"","overlay-gradient":""},"mobile":{"background-color":"var(--ast-global-color-5)","background-image":"","background-repeat":"repeat","background-position":"center center","background-size":"auto","background-attachment":"scroll","background-type":"","background-media":"","overlay-type":"","overlay-color":"","overlay-opacity":"","overlay-gradient":""}},"footnotes":""},"categories":[8],"tags":[15867,9560,9555,15868],"class_list":["post-49484","post","type-post","status-publish","format-standard","has-post-thumbnail","hentry","category-noticias","tag-argentina-cantante","tag-la-macarena","tag-la-madruga","tag-saetas"],"_links":{"self":[{"href":"https:\/\/losperiodistas.com.mx\/portal\/wp-json\/wp\/v2\/posts\/49484","targetHints":{"allow":["GET"]}}],"collection":[{"href":"https:\/\/losperiodistas.com.mx\/portal\/wp-json\/wp\/v2\/posts"}],"about":[{"href":"https:\/\/losperiodistas.com.mx\/portal\/wp-json\/wp\/v2\/types\/post"}],"author":[{"embeddable":true,"href":"https:\/\/losperiodistas.com.mx\/portal\/wp-json\/wp\/v2\/users\/1"}],"replies":[{"embeddable":true,"href":"https:\/\/losperiodistas.com.mx\/portal\/wp-json\/wp\/v2\/comments?post=49484"}],"version-history":[{"count":1,"href":"https:\/\/losperiodistas.com.mx\/portal\/wp-json\/wp\/v2\/posts\/49484\/revisions"}],"predecessor-version":[{"id":49486,"href":"https:\/\/losperiodistas.com.mx\/portal\/wp-json\/wp\/v2\/posts\/49484\/revisions\/49486"}],"wp:featuredmedia":[{"embeddable":true,"href":"https:\/\/losperiodistas.com.mx\/portal\/wp-json\/wp\/v2\/media\/49485"}],"wp:attachment":[{"href":"https:\/\/losperiodistas.com.mx\/portal\/wp-json\/wp\/v2\/media?parent=49484"}],"wp:term":[{"taxonomy":"category","embeddable":true,"href":"https:\/\/losperiodistas.com.mx\/portal\/wp-json\/wp\/v2\/categories?post=49484"},{"taxonomy":"post_tag","embeddable":true,"href":"https:\/\/losperiodistas.com.mx\/portal\/wp-json\/wp\/v2\/tags?post=49484"}],"curies":[{"name":"wp","href":"https:\/\/api.w.org\/{rel}","templated":true}]}}