{"id":49480,"date":"2023-04-06T06:00:48","date_gmt":"2023-04-06T11:00:48","guid":{"rendered":"http:\/\/losperiodistas.com.mx\/portal\/?p=49480"},"modified":"2023-04-06T06:39:13","modified_gmt":"2023-04-06T11:39:13","slug":"ramses-y-el-oro-de-los-faraones-una-exposicion-del-sarcofago-de-ramses-ii-en-paris-euronews","status":"publish","type":"post","link":"https:\/\/losperiodistas.com.mx\/portal\/ramses-y-el-oro-de-los-faraones-una-exposicion-del-sarcofago-de-ramses-ii-en-paris-euronews\/","title":{"rendered":"&#8216;Rams\u00e9s y el oro de los faraones&#8217;: una exposici\u00f3n del sarc\u00f3fago de Rams\u00e9s II en Par\u00eds | Euronews"},"content":{"rendered":"\n<figure class=\"wp-block-embed is-type-video is-provider-youtube wp-block-embed-youtube wp-embed-aspect-16-9 wp-has-aspect-ratio\"><div class=\"wp-block-embed__wrapper\">\n<iframe title=\"&#039;Rams\u00e9s y el oro de los faraones&#039;: una exposici\u00f3n del sarc\u00f3fago de Rams\u00e9s II en Par\u00eds\" width=\"500\" height=\"281\" src=\"https:\/\/www.youtube.com\/embed\/Co3Iaj3BstQ?feature=oembed\" frameborder=\"0\" allow=\"accelerometer; autoplay; clipboard-write; encrypted-media; gyroscope; picture-in-picture; web-share\" referrerpolicy=\"strict-origin-when-cross-origin\" allowfullscreen><\/iframe>\n<\/div><figcaption><em>Sarc\u00f3fago del fara\u00f3n Rams\u00e9s II\u00a0<\/em>\u00a0\u00a0&#8211;\u00a0\u00a0Derechos de autor\u00a0 Christophe Ena\/Copyright 2023 The AP. All rights reserved.<\/figcaption><\/figure>\n\n\n\n<p class=\"has-vivid-red-color has-text-color has-medium-font-size\"><strong>ANG\u00c9LICA PARRA HERN\u00c1NDEZ \/ AFP \/ EURONEWS<\/strong><\/p>\n\n\n\n<p>El&nbsp;<strong>f\u00e9retro del fara\u00f3n Rams\u00e9s II<\/strong>&nbsp;es presentado en&nbsp;<strong>Par\u00eds<\/strong>, luego de 47 a\u00f1os, en una exposici\u00f3n que se inaugurar\u00e1 el 7 de abril en el Gran Sal\u00f3n de la Villette.&nbsp;&nbsp;<\/p>\n\n\n\n<p>El extradordinario pr\u00e9stamo del f\u00e9retro se realiza en el marco de una cooperaci\u00f3n cient\u00edfica y arqueol\u00f3gica de muy larga data entre Francia y Egipto.&nbsp;<\/p>\n\n\n\n<p>El gran&nbsp;<strong>guerrero Rams\u00e9s II dur\u00f3 66 a\u00f1os en el poder<\/strong>. La exposici\u00f3n titulada \u00abRams\u00e9s y el oro de los faraones\u00bb&nbsp; comenz\u00f3 en San Francisco en 2022, y&nbsp; continuar\u00e1 en S\u00eddney en oto\u00f1o, aunque el sarc\u00f3fago s\u00f3lo podr\u00e1 verse en Francia.<\/p>\n\n\n\n<p>Este sarc\u00f3fago est\u00e1 expuesto habitualmente en el Museo Nacional de la Civilizaci\u00f3n Egipcia de El Cairo, y se puede ver al rey con los brazos cruzados sobre el pecho.&nbsp;<\/p>\n\n\n\n<p>Luego del \u00e9xito de la exposici\u00f3n \u00abTutankam\u00f3n, el tesoro de los faraones\u00bb en 2019 en el Gran Sal\u00f3n de La Villette, que convoc\u00f3 a 1,4 millones de visitantes, esta exposici\u00f3n permitir\u00e1 al gran p\u00fablico descubrir otros sarc\u00f3fagos, joyas preciosas y amuletos,\u00a0hasta el mes de septiembre.<\/p>\n\n\n\n<p>Fuente: <a href=\"https:\/\/es.euronews.com\/cultura\/2023\/04\/04\/ramses-y-el-oro-de-los-faraones-una-exposicion-del-sarcofago-de-ramses-ii-en-paris\">https:\/\/es.euronews.com\/cultura\/2023\/04\/04\/ramses-y-el-oro-de-los-faraones-una-exposicion-del-sarcofago-de-ramses-ii-en-paris<\/a><\/p>\n","protected":false},"excerpt":{"rendered":"<p>ANG\u00c9LICA PARRA HERN\u00c1NDEZ \/ AFP \/ EURONEWS El&nbsp;f\u00e9retro del fara\u00f3n Rams\u00e9s II&nbsp;es presentado en&nbsp;Par\u00eds, luego de 47 a\u00f1os, en una [&hellip;]<\/p>\n","protected":false},"author":1,"featured_media":49481,"comment_status":"open","ping_status":"open","sticky":false,"template":"","format":"standard","meta":{"site-sidebar-layout":"default","site-content-layout":"","ast-site-content-layout":"default","site-content-style":"default","site-sidebar-style":"default","ast-global-header-display":"","ast-banner-title-visibility":"","ast-main-header-display":"","ast-hfb-above-header-display":"","ast-hfb-below-header-display":"","ast-hfb-mobile-header-display":"","site-post-title":"","ast-breadcrumbs-content":"","ast-featured-img":"","footer-sml-layout":"","theme-transparent-header-meta":"","adv-header-id-meta":"","stick-header-meta":"","header-above-stick-meta":"","header-main-stick-meta":"","header-below-stick-meta":"","astra-migrate-meta-layouts":"default","ast-page-background-enabled":"default","ast-page-background-meta":{"desktop":{"background-color":"var(--ast-global-color-4)","background-image":"","background-repeat":"repeat","background-position":"center center","background-size":"auto","background-attachment":"scroll","background-type":"","background-media":"","overlay-type":"","overlay-color":"","overlay-opacity":"","overlay-gradient":""},"tablet":{"background-color":"","background-image":"","background-repeat":"repeat","background-position":"center center","background-size":"auto","background-attachment":"scroll","background-type":"","background-media":"","overlay-type":"","overlay-color":"","overlay-opacity":"","overlay-gradient":""},"mobile":{"background-color":"","background-image":"","background-repeat":"repeat","background-position":"center center","background-size":"auto","background-attachment":"scroll","background-type":"","background-media":"","overlay-type":"","overlay-color":"","overlay-opacity":"","overlay-gradient":""}},"ast-content-background-meta":{"desktop":{"background-color":"var(--ast-global-color-5)","background-image":"","background-repeat":"repeat","background-position":"center center","background-size":"auto","background-attachment":"scroll","background-type":"","background-media":"","overlay-type":"","overlay-color":"","overlay-opacity":"","overlay-gradient":""},"tablet":{"background-color":"var(--ast-global-color-5)","background-image":"","background-repeat":"repeat","background-position":"center center","background-size":"auto","background-attachment":"scroll","background-type":"","background-media":"","overlay-type":"","overlay-color":"","overlay-opacity":"","overlay-gradient":""},"mobile":{"background-color":"var(--ast-global-color-5)","background-image":"","background-repeat":"repeat","background-position":"center center","background-size":"auto","background-attachment":"scroll","background-type":"","background-media":"","overlay-type":"","overlay-color":"","overlay-opacity":"","overlay-gradient":""}},"footnotes":""},"categories":[8],"tags":[15865,15866,8273,5239],"class_list":["post-49480","post","type-post","status-publish","format-standard","has-post-thumbnail","hentry","category-noticias","tag-feretro-faraon","tag-gran-salon-de-la-villette","tag-paris","tag-ramses-ii"],"_links":{"self":[{"href":"https:\/\/losperiodistas.com.mx\/portal\/wp-json\/wp\/v2\/posts\/49480","targetHints":{"allow":["GET"]}}],"collection":[{"href":"https:\/\/losperiodistas.com.mx\/portal\/wp-json\/wp\/v2\/posts"}],"about":[{"href":"https:\/\/losperiodistas.com.mx\/portal\/wp-json\/wp\/v2\/types\/post"}],"author":[{"embeddable":true,"href":"https:\/\/losperiodistas.com.mx\/portal\/wp-json\/wp\/v2\/users\/1"}],"replies":[{"embeddable":true,"href":"https:\/\/losperiodistas.com.mx\/portal\/wp-json\/wp\/v2\/comments?post=49480"}],"version-history":[{"count":1,"href":"https:\/\/losperiodistas.com.mx\/portal\/wp-json\/wp\/v2\/posts\/49480\/revisions"}],"predecessor-version":[{"id":49482,"href":"https:\/\/losperiodistas.com.mx\/portal\/wp-json\/wp\/v2\/posts\/49480\/revisions\/49482"}],"wp:featuredmedia":[{"embeddable":true,"href":"https:\/\/losperiodistas.com.mx\/portal\/wp-json\/wp\/v2\/media\/49481"}],"wp:attachment":[{"href":"https:\/\/losperiodistas.com.mx\/portal\/wp-json\/wp\/v2\/media?parent=49480"}],"wp:term":[{"taxonomy":"category","embeddable":true,"href":"https:\/\/losperiodistas.com.mx\/portal\/wp-json\/wp\/v2\/categories?post=49480"},{"taxonomy":"post_tag","embeddable":true,"href":"https:\/\/losperiodistas.com.mx\/portal\/wp-json\/wp\/v2\/tags?post=49480"}],"curies":[{"name":"wp","href":"https:\/\/api.w.org\/{rel}","templated":true}]}}