{"id":49475,"date":"2023-04-06T06:26:49","date_gmt":"2023-04-06T11:26:49","guid":{"rendered":"http:\/\/losperiodistas.com.mx\/portal\/?p=49475"},"modified":"2023-04-06T06:38:12","modified_gmt":"2023-04-06T11:38:12","slug":"al-menos-158-sacerdotes-catolicos-de-maryland-abusaron-de-mas-de-600-ninos-en-varias-decadas-la-vanguardia","status":"publish","type":"post","link":"https:\/\/losperiodistas.com.mx\/portal\/al-menos-158-sacerdotes-catolicos-de-maryland-abusaron-de-mas-de-600-ninos-en-varias-decadas-la-vanguardia\/","title":{"rendered":"Al menos 158 sacerdotes cat\u00f3licos de Maryland abusaron de m\u00e1s de 600 ni\u00f1os en varias d\u00e9cadas\u00a0| La Vanguardia"},"content":{"rendered":"\n<figure class=\"wp-block-image size-full\"><img fetchpriority=\"high\" decoding=\"async\" width=\"948\" height=\"465\" src=\"https:\/\/losperiodistas.com.mx\/portal\/wp-content\/uploads\/2023\/04\/642dc696be3aa.jpeg\" alt=\"\" class=\"wp-image-49478\" srcset=\"https:\/\/losperiodistas.com.mx\/portal\/wp-content\/uploads\/2023\/04\/642dc696be3aa.jpeg 948w, https:\/\/losperiodistas.com.mx\/portal\/wp-content\/uploads\/2023\/04\/642dc696be3aa-300x147.jpeg 300w, https:\/\/losperiodistas.com.mx\/portal\/wp-content\/uploads\/2023\/04\/642dc696be3aa-768x377.jpeg 768w\" sizes=\"(max-width: 948px) 100vw, 948px\" \/><figcaption>Anthony Brown, fiscal general de Maryland, present\u00f3 este mi\u00e9rcoles el documento de 456 p\u00e1ginas en el que se especifican los abusos sexuales cometidos por miembros de la iglesia cat\u00f3lica\u00a0<br>\u00a0Julio Cortez \/ LaPresse<\/figcaption><\/figure>\n\n\n\n<p class=\"has-vivid-red-color has-text-color has-medium-font-size\"><strong>FRANCESC PEIR\u00d3N \/ Corresponsal Nueva York \/ LA VANGUARDIA<\/strong><\/p>\n\n\n\n<p>Un informe del fiscal general de Maryland, el dem\u00f3crata Anthony Brow, se\u00f1ala que 158 miembros del clero cat\u00f3lico (curas, seminaristas, profesores de escuelas religiosas), abusaron de no menos de 600 ni\u00f1os a lo largo de varias d\u00e9cadas.<\/p>\n\n\n\n<p>As\u00ed consta en este documento de 456 p\u00e1ginas que fue desvelado este mi\u00e9rcoles. Significa un desarrollo relevante frente a la batalla legal para impedir su divulgaci\u00f3n y supone aportar m\u00e1s pruebas sobre parroquias en todo el pa\u00eds que han realizado revelaciones similares y que han impactado en los cimientos de la iglesia cat\u00f3lica.<\/p>\n\n\n\n<p>El juez Robert Taylor, del tribunal de Baltimore, permiti\u00f3 la salida a la luz de este documento en una versi\u00f3n redactada (aparecen tachados nombres de implicados). \u201cLa necesidad de divulgaci\u00f3n supera a la necesidad del secreto\u201d, escribi\u00f3 Taylor en su orden.<\/p>\n\n\n\n<p>\u201cDesde 1940 y hasta el 2022, m\u00e1s de un centenar de sacerdotes y otros miembros de la archidi\u00f3cesis de Baltimore estuvieron implicados en abusos horribles y repetidos cometidos sobre los menores m\u00e1s vulnerables en sus comunidades mientras los l\u00edderes religiosos miraban hacia otro lado\u201d, recalca el documento de la fiscal\u00eda.<\/p>\n\n\n\n<p>\u201cUna y otra vez, integrantes de la jerarqu\u00eda de la iglesia cat\u00f3lica rechazaron tener en cuenta las alegaciones de abusos sexuales y las encubrieron el m\u00e1ximo tiempo posible\u201d, insiste.<\/p>\n\n\n\n<p>La investigaci\u00f3n se inici\u00f3 en el 2018 y Brown asegur\u00f3 que m\u00e1s de 300 personas contactaron con su oficina. Estos testimonios les permiti\u00f3 acceder a registros de tratamientos m\u00e9dicos, personales y procedimientos policiales. A partir de aqu\u00ed, los abogados entrevistaron a centenares de v\u00edctimas, a sus familiares y a otros testigos.<\/p>\n\n\n\n<p>\u201cUna cosa consistente a lo largo de toda la investigaci\u00f3n lo configura el poder y la autoridad absoluta de estos sacerdotes abusadores y los l\u00edderes religiosos mantuvieron sobre las v\u00edctimas, sus familias y la comunidad. El informe recopila documentos de esta prolongada y s\u00f3rdida historia\u201d, subray\u00f3 el fiscal general en rueda de prensa.<\/p>\n\n\n\n<p>Muchos de esto abusadores han muerto o sus posibles delitos ya han prescrito. \u201cAunque sea demasiado tarde para que las v\u00edctimas vean la respuesta de la justicia, tenemos la esperanza de que, exponiendo las transgresiones de la archidi\u00f3cesis en toda su extensi\u00f3n, ofrecer\u00e1 un cierto sentido de rendici\u00f3n de cuentas y animar\u00e1 a otros a denunciar lo que sufrieron\u00bb, a\u00f1adi\u00f3 el fiscal general de Maryland.\u00a0<\/p>\n\n\n\n<p>Fuente: <a href=\"https:\/\/www.lavanguardia.com\/internacional\/20230405\/8880555\/158-sacerdotes-catolicos-maryland-abusaron-mas-600-ninos-decadas.html\">https:\/\/www.lavanguardia.com\/internacional\/20230405\/8880555\/158-sacerdotes-catolicos-maryland-abusaron-mas-600-ninos-decadas.html<\/a><\/p>\n","protected":false},"excerpt":{"rendered":"<p>FRANCESC PEIR\u00d3N \/ Corresponsal Nueva York \/ LA VANGUARDIA Un informe del fiscal general de Maryland, el dem\u00f3crata Anthony Brow, [&hellip;]<\/p>\n","protected":false},"author":1,"featured_media":49478,"comment_status":"open","ping_status":"open","sticky":false,"template":"","format":"standard","meta":{"site-sidebar-layout":"default","site-content-layout":"","ast-site-content-layout":"default","site-content-style":"default","site-sidebar-style":"default","ast-global-header-display":"","ast-banner-title-visibility":"","ast-main-header-display":"","ast-hfb-above-header-display":"","ast-hfb-below-header-display":"","ast-hfb-mobile-header-display":"","site-post-title":"","ast-breadcrumbs-content":"","ast-featured-img":"","footer-sml-layout":"","theme-transparent-header-meta":"","adv-header-id-meta":"","stick-header-meta":"","header-above-stick-meta":"","header-main-stick-meta":"","header-below-stick-meta":"","astra-migrate-meta-layouts":"default","ast-page-background-enabled":"default","ast-page-background-meta":{"desktop":{"background-color":"var(--ast-global-color-4)","background-image":"","background-repeat":"repeat","background-position":"center center","background-size":"auto","background-attachment":"scroll","background-type":"","background-media":"","overlay-type":"","overlay-color":"","overlay-opacity":"","overlay-gradient":""},"tablet":{"background-color":"","background-image":"","background-repeat":"repeat","background-position":"center center","background-size":"auto","background-attachment":"scroll","background-type":"","background-media":"","overlay-type":"","overlay-color":"","overlay-opacity":"","overlay-gradient":""},"mobile":{"background-color":"","background-image":"","background-repeat":"repeat","background-position":"center center","background-size":"auto","background-attachment":"scroll","background-type":"","background-media":"","overlay-type":"","overlay-color":"","overlay-opacity":"","overlay-gradient":""}},"ast-content-background-meta":{"desktop":{"background-color":"var(--ast-global-color-5)","background-image":"","background-repeat":"repeat","background-position":"center center","background-size":"auto","background-attachment":"scroll","background-type":"","background-media":"","overlay-type":"","overlay-color":"","overlay-opacity":"","overlay-gradient":""},"tablet":{"background-color":"var(--ast-global-color-5)","background-image":"","background-repeat":"repeat","background-position":"center center","background-size":"auto","background-attachment":"scroll","background-type":"","background-media":"","overlay-type":"","overlay-color":"","overlay-opacity":"","overlay-gradient":""},"mobile":{"background-color":"var(--ast-global-color-5)","background-image":"","background-repeat":"repeat","background-position":"center center","background-size":"auto","background-attachment":"scroll","background-type":"","background-media":"","overlay-type":"","overlay-color":"","overlay-opacity":"","overlay-gradient":""}},"footnotes":""},"categories":[8],"tags":[15864,2743,9127,11351],"class_list":["post-49475","post","type-post","status-publish","format-standard","has-post-thumbnail","hentry","category-noticias","tag-600-menores-abusados","tag-abusos-sexuales","tag-maryland","tag-sacerdotes"],"_links":{"self":[{"href":"https:\/\/losperiodistas.com.mx\/portal\/wp-json\/wp\/v2\/posts\/49475","targetHints":{"allow":["GET"]}}],"collection":[{"href":"https:\/\/losperiodistas.com.mx\/portal\/wp-json\/wp\/v2\/posts"}],"about":[{"href":"https:\/\/losperiodistas.com.mx\/portal\/wp-json\/wp\/v2\/types\/post"}],"author":[{"embeddable":true,"href":"https:\/\/losperiodistas.com.mx\/portal\/wp-json\/wp\/v2\/users\/1"}],"replies":[{"embeddable":true,"href":"https:\/\/losperiodistas.com.mx\/portal\/wp-json\/wp\/v2\/comments?post=49475"}],"version-history":[{"count":1,"href":"https:\/\/losperiodistas.com.mx\/portal\/wp-json\/wp\/v2\/posts\/49475\/revisions"}],"predecessor-version":[{"id":49479,"href":"https:\/\/losperiodistas.com.mx\/portal\/wp-json\/wp\/v2\/posts\/49475\/revisions\/49479"}],"wp:featuredmedia":[{"embeddable":true,"href":"https:\/\/losperiodistas.com.mx\/portal\/wp-json\/wp\/v2\/media\/49478"}],"wp:attachment":[{"href":"https:\/\/losperiodistas.com.mx\/portal\/wp-json\/wp\/v2\/media?parent=49475"}],"wp:term":[{"taxonomy":"category","embeddable":true,"href":"https:\/\/losperiodistas.com.mx\/portal\/wp-json\/wp\/v2\/categories?post=49475"},{"taxonomy":"post_tag","embeddable":true,"href":"https:\/\/losperiodistas.com.mx\/portal\/wp-json\/wp\/v2\/tags?post=49475"}],"curies":[{"name":"wp","href":"https:\/\/api.w.org\/{rel}","templated":true}]}}