{"id":49472,"date":"2023-04-06T05:58:42","date_gmt":"2023-04-06T10:58:42","guid":{"rendered":"http:\/\/losperiodistas.com.mx\/portal\/?p=49472"},"modified":"2023-04-06T05:58:44","modified_gmt":"2023-04-06T10:58:44","slug":"el-papa-la-madurez-sacerdotal-pasa-por-admitir-la-verdad-de-la-propia-debilidad-vatican-news","status":"publish","type":"post","link":"https:\/\/losperiodistas.com.mx\/portal\/el-papa-la-madurez-sacerdotal-pasa-por-admitir-la-verdad-de-la-propia-debilidad-vatican-news\/","title":{"rendered":"El Papa: La madurez sacerdotal pasa por \u201cadmitir la verdad de la propia debilidad\u201d | Vatican News"},"content":{"rendered":"\n<p class=\"has-luminous-vivid-amber-background-color has-background has-medium-font-size\">El Esp\u00edritu Santo es el protagonista de la homil\u00eda del Santo Padre Francisco en la Santa Misa Crismal. El Papa habla del camino del ministerio sacerdotal en cada etapa, desde la primera llamada, de sus dificultades, de las vacilaciones, hasta llegar a la madurez sacerdotal, y afirma de ella: \u00abpasa por el Esp\u00edritu Santo, se realiza cuando \u00c9l se convierte en el protagonista de nuestra vida.\u201c<\/p>\n\n\n\n<figure class=\"wp-block-embed is-type-video is-provider-youtube wp-block-embed-youtube wp-embed-aspect-16-9 wp-has-aspect-ratio\"><div class=\"wp-block-embed__wrapper\">\n<iframe title=\"06 de abril de 2023, Santa Misa Crismal | Papa Francisco\" width=\"500\" height=\"281\" src=\"https:\/\/www.youtube.com\/embed\/lkwM6E-06Pk?feature=oembed\" frameborder=\"0\" allow=\"accelerometer; autoplay; clipboard-write; encrypted-media; gyroscope; picture-in-picture; web-share\" referrerpolicy=\"strict-origin-when-cross-origin\" allowfullscreen><\/iframe>\n<\/div><\/figure>\n\n\n\n<p><\/p>\n\n\n\n<p class=\"has-vivid-red-color has-text-color has-medium-font-size\"><strong>VATICAN NEWS<\/strong><\/p>\n\n\n\n<p>El sacerdocio no crece remend\u00e1ndose, sino \u201cdesbord\u00e1ndose\u201d. El Papa Francisco lo subraya en su homil\u00eda de la Santa Misa Crismal, celebrada en la Bas\u00edlica Vaticana en este Jueves Santo. El Esp\u00edritu Santo abarca la completa reflexi\u00f3n del pont\u00edfice, que recuerda, ante todo, las palabras con las que Jes\u00fas comenz\u00f3 la predicaci\u00f3n: \u00abEl Esp\u00edritu del Se\u00f1or est\u00e1 sobre m\u00ed\u00bb (Lc 4,18).&nbsp;<\/p>\n\n\n\n<p>En el d\u00eda en que naci\u00f3 el sacerdocio, el Papa habla de cu\u00e1n hermoso es \u00abreconocer que \u00c9l est\u00e1 en el origen de nuestro ministerio, de la vida y de la vitalidad de todo pastor\u201d. De hecho sin el Esp\u00edritu, dador de vida, tampoco la Iglesia ser\u00eda Esposa viva de Cristo, si no, a lo sumo, \u201cuna organizaci\u00f3n religiosa\u201d. No ser\u00eda \u201cel Cuerpo de Cristo\u201d, sino \u201cun templo construido por manos humanas\u201d:&nbsp;<\/p>\n\n\n\n<p><em>\u00bfC\u00f3mo, pues, puede edificarse la Iglesia, si no es a partir del hecho de que somos \u201ctemplos del Esp\u00edritu Santo\u201d que \u201chabita en nosotros\u201d?&nbsp;&nbsp;No podemos dejarlo de lado o aparcarlo en alguna zona de devoci\u00f3n. Necesitamos decirle cada d\u00eda: \u201cVen porque sin tu ayuda divina no hay nada en el hombre\u201d.<\/em><\/p>\n\n\n\n<h2 class=\"wp-block-heading\"><strong>\u201cPor pura gracia\u201d<\/strong><\/h2>\n\n\n\n<p>Francisco hace presente a los pastores que no es por m\u00e9ritos, sino \u201cpor pura gracia\u201d que han recibido la unci\u00f3n que los ha hecho padres y pastores del Pueblo santo de Dios. Y es la unci\u00f3n del Esp\u00edritu el primer aspecto que desarrolla en su homil\u00eda. Recuerda la \u201cprimera unci\u00f3n\u201d de Jes\u00fas, aquella en el vientre de Mar\u00eda, y aquella en el Jord\u00e1n despu\u00e9s de la cual \u201ctoda acci\u00f3n de Cristo\u201d se realiz\u00f3 con la copresencia del Esp\u00edritu Santo.&nbsp;<\/p>\n\n\n\n<p><em>Jes\u00fas y el Esp\u00edritu act\u00faan siempre juntos, de modo que son como las dos manos del Padre que,<\/em>&nbsp;<em>extendidas hacia nosotros, nos abrazan y nos levantan. Y por ellas fueron marcadas nuestras manos, ungidas por el Esp\u00edritu de Cristo.<\/em><\/p>\n\n\n\n<h2 class=\"wp-block-heading\"><strong>La unci\u00f3n de la Palabra que cambia vidas<\/strong><\/h2>\n\n\n\n<p>El Se\u00f1or \u2013 contin\u00faa dici\u00e9ndoles el Santo Padre &#8211; no s\u00f3lo nos ha elegido y llamado, sino que ha derramado en nosotros la unci\u00f3n de su Esp\u00edritu, el mismo Esp\u00edritu que descendi\u00f3 sobre los Ap\u00f3stoles. Es a ellos a quien invita pues, a dirigir la mirada:&nbsp;<\/p>\n\n\n\n<p><em>La unci\u00f3n de la Palabra cambi\u00f3 sus vidas. Con entusiasmo siguieron al Maestro y comenzaron a predicar, convencidos de que m\u00e1s tarde realizar\u00edan cosas a\u00fan mayores; hasta que lleg\u00f3 la Pascua. All\u00ed todo pareci\u00f3 detenerse; llegaron a renegar y a abandonar al Maestro. Tomaron conciencia de su propia incapacidad y se dieron cuenta de que no lo hab\u00edan entendido.&nbsp;<\/em><\/p>\n\n\n\n<h2 class=\"wp-block-heading\"><strong>Ap\u00f3stoles en el mundo<\/strong><\/h2>\n\n\n\n<p>El \u201cno conozco a ese hombre\u201d que Pedro pronunci\u00f3 en el patio del sumo sacerdote despu\u00e9s de la \u00daltima Cena, no es s\u00f3lo \u00abuna defensa impulsiva, &#8211; se\u00f1ala Francisco -sino una confesi\u00f3n de ignorancia espiritual\u00bb: \u00e9l y los dem\u00e1s quiz\u00e1 se esperaban una vida de \u00e9xito detr\u00e1s de un Mes\u00edas que atra\u00eda multitudes y hac\u00eda prodigios, pero no reconoc\u00edan el esc\u00e1ndalo de la cruz, que ech\u00f3 por tierra sus certezas. Jes\u00fas sab\u00eda que no lograr\u00edan nada solos, y por eso les prometi\u00f3 el Par\u00e1clito. Y fue precisamente esa \u201csegunda unci\u00f3n\u201d, en Pentecost\u00e9s, la que transform\u00f3 a los disc\u00edpulos, llev\u00e1ndolos a pastorear el reba\u00f1o de Dios y ya no a s\u00ed mismos.&nbsp;<\/p>\n\n\n\n<p><em>Fue esa unci\u00f3n fervorosa la que extingui\u00f3 su religiosidad centrada en s\u00ed mismos y en sus propias capacidades.<\/em>&nbsp;<em>Al recibir el Esp\u00edritu, los miedos y vacilaciones de Pedro se evaporan; Santiago y Juan, consumidos por el deseo de dar la vida, dejan de buscar puestos de honor; los dem\u00e1s ya no permanecen encerrados y temerosos en el cen\u00e1culo, sino que salen y se convierten en ap\u00f3stoles en el mundo.<\/em><\/p>\n\n\n\n<p>El de los primeros ap\u00f3stoles es un itinerario que, corrobora el Santo Padre, tambi\u00e9n abarca la vida sacerdotal y apost\u00f3lica de los pastores hoy. Tambi\u00e9n hoy los sacerdotes tienen una \u201cprimera unci\u00f3n\u201d que es la llamada de amor por la que se consagraron. Y tambi\u00e9n hoy, llega para cada uno \u201cla etapa pascual\u201d, un momento de crisis que reviste diversas formas:&nbsp;<\/p>\n\n\n\n<p><em>A todos, antes o despu\u00e9s, nos sucede que experimentamos decepciones, dificultades y debilidades, con el ideal que parece desgastarse entre las exigencias de la realidad, mientras se impone una cierta costumbre; y algunas pruebas, antes dif\u00edciles de imaginar, hacen que la fidelidad parezca m\u00e1s dif\u00edcil que antes.<\/em><\/p>\n\n\n\n<h2 class=\"wp-block-heading\"><strong>Cuando llega la crisis, tiempo de una \u201csegunda unci\u00f3n\u201d<\/strong><\/h2>\n\n\n\n<p>Se trata de una etapa de tentaci\u00f3n, \u00abde prueba\u00bb que todos han tenido, tienen y tendr\u00e1n, y que representa un momento culminante para los que han sido ungidos por el ministerio de la que se puede \u201csalir mal parado\u201d, advierte Francisco.&nbsp;&nbsp;Un momento en el que se insin\u00faan \u201ctres tentaciones peligrosas\u201d: la del compromiso, por la que uno se conforma con lo que puede hacer; la de los suced\u00e1neos, por la que uno intenta \u201cllenarse\u201d con algo distinto respecto a nuestra unci\u00f3n; la del des\u00e1nimo, por la que, insatisfecho, uno sigue adelante por pura inercia.&nbsp;<\/p>\n\n\n\n<p><em>Y aqu\u00ed est\u00e1 el gran riesgo: mientras las apariencias permanecen intactas, nos replegamos sobre nosotros mismos y seguimos adelante desmotivados; la fragancia de la unci\u00f3n ya no perfuma la vida y el coraz\u00f3n ya no se ensancha, sino que se encoge, envuelto en el desencanto. Es un destilado, \u00bfsaben? Cuando el sacerdocio se desliza lentamente hacia el clericalismo, y el sacerdote se olvida de ser pastor del pueblo, para convertirse en un cl\u00e9rigo de estado.<\/em><\/p>\n\n\n\n<p>Pero esta crisis \u2013 ense\u00f1a el Santo Padre &#8211; puede convertirse tambi\u00e9n en el punto de inflexi\u00f3n del sacerdocio, en la \u00abetapa decisiva de la vida espiritual, en la que hay que hacer la elecci\u00f3n definitiva entre Jes\u00fas y el mundo, entre la heroicidad de la caridad y la mediocridad, entre la cruz y un cierto bienestar, entre la santidad y una honesta fidelidad al compromiso religioso\u00bb. Es el momento \u201cde una segunda unci\u00f3n\u201d, de acoger al Esp\u00edritu \u201cen la fragilidad\u00bb de la propia realidad.<\/p>\n\n\n\n<p><em>Es el kair\u00f3s en el que descubrir que \u00ablas cosas no se reducen a abandonar la barca y las redes para seguir a Jes\u00fas durante un tiempo determinado, sino que exige ir hasta el Calvario, acoger la lecci\u00f3n y el fruto, e ir con la ayuda del Esp\u00edritu Santo hasta el final de una vida que debe terminar en la perfecci\u00f3n de la divina Caridad\u00bb.<\/em><\/p>\n\n\n\n<p>El Santo Padre se detiene, deja los papeles de lado y dice que tiene presente, en este preciso momento, a algunos sacerdotes que est\u00e1n en crisis, que est\u00e1n desorientados y que no saben c\u00f3mo tomar el camino, c\u00f3mo retomar el camino en esta segunda unci\u00f3n del Esp\u00edritu.&nbsp;<\/p>\n\n\n\n<p><em>A estos hermanos -los tengo presentes- sencillamente les digo: \u00e1nimo, el Se\u00f1or es m\u00e1s grande que tus debilidades, que tus pecados. Encomi\u00e9ndate al Se\u00f1or y deja que te llame por segunda vez, esta vez con la unci\u00f3n del Esp\u00edritu Santo. La doble vida no te ayudar\u00e1; tirarlo todo por la ventana, tampoco. Mira hacia delante, d\u00e9jate acariciar por la unci\u00f3n del Esp\u00edritu Santo.<\/em><\/p>\n\n\n\n<h2 class=\"wp-block-heading\"><strong>La madurez sacerdotal<\/strong><\/h2>\n\n\n\n<p>Despu\u00e9s se\u00f1ala que el camino para hacer el paso de maduraci\u00f3n sacerdotal es \u201cadmitir la verdad de la propia debilidad\u201d. Es a lo que exhorta, dice, \u201cel Esp\u00edritu de la Verdad\u201d, que impulsa a mirar hasta el fondo de cada uno para preguntarse:&nbsp;<\/p>\n\n\n\n<p><em>\u00bfMi realizaci\u00f3n depende de lo bueno que soy, del cargo que obtengo, de los cumplidos que recibo, de la carrera que hago, de los superiores o colaboradores que tengo, de las comodidades que puedo garantizarme, o de la unci\u00f3n que perfuma mi vida?&nbsp;<\/em><\/p>\n\n\n\n<p>La madurez sacerdotal \u2013 afirma luego el Papa &#8211; pasa por el Esp\u00edritu Santo, se realiza cuando \u00c9l se convierte en el protagonista de nuestra vida. \u201cEntonces todo cambia de perspectiva, incluso las decepciones y las amarguras, tambi\u00e9n los pecados, porque ya no se trata de mejorar componiendo algo, sino de entregarnos, sin reservarnos nada, a Aquel que nos ha impregnado de su unci\u00f3n y quiere llegar hasta lo m\u00e1s profundo de nosotros\u201d.&nbsp;<\/p>\n\n\n\n<p><em>Hermanos, redescubramos entonces que la vida espiritual se vuelve libre y gozosa no cuando se guardan las formas y se hace un remiendo, sino cuando se deja la iniciativa al Esp\u00edritu y, abandonados a sus designios, nos disponemos a servir donde y como se nos pida. \u00a1Nuestro sacerdocio no crece remendando, sino desbord\u00e1ndose!&nbsp;<\/em><\/p>\n\n\n\n<h2 class=\"wp-block-heading\"><strong>Custodiar la unci\u00f3n<\/strong><\/h2>\n\n\n\n<p>No hay que tolerar, advierte tambi\u00e9n el Santo Padre, los dobleces, las \u201chipocres\u00edas clericales\u201d, que son peligrosas. Y citando a san Gregorio Magno, invita a los pastores a custodiar la unci\u00f3n invocando y escuchando al Esp\u00edritu, que \u201clava las manchas\u201d:&nbsp;<\/p>\n\n\n\n<p><em>Quien predica la palabra de Dios considere primero c\u00f3mo debe vivir, para que luego, de su vida, deduzca qu\u00e9 y c\u00f3mo debe predicar. [&#8230;] que no se atreva a decir exteriormente lo que no hubiera o\u00eddo primero en el interior\u00bb. El maestro interior al que hay que escuchar es el Esp\u00edritu, sabiendo que no hay nada en nosotros que \u00c9l no quiera ungir. [\u2026] Dej\u00e9monos impulsar por \u00c9l para combatir las falsedades que se agitan en nuestro interior; y dej\u00e9monos regenerar por \u00c9l en la adoraci\u00f3n, porque cuando lo adoramos, \u00c9l derrama su Esp\u00edritu en nuestros corazones.&nbsp;<\/em><\/p>\n\n\n\n<h2 class=\"wp-block-heading\"><strong>Llevar armon\u00eda donde no la hay<\/strong><\/h2>\n\n\n\n<p>\u201cEl Esp\u00edritu del Se\u00f1or est\u00e1 sobre m\u00ed, porque el Se\u00f1or me ha ungido\u201d. \u201c\u00c9l me ha&nbsp;<em>\u2018enviado\u2019<\/em>&nbsp;\u2013 subraya Francisco- a llevar una buena nueva, liberaci\u00f3n, curaci\u00f3n y gracia\u201d, a \u201cllevar armon\u00eda donde no la hay\u201d. La armon\u00eda, de hecho, es el segundo aspecto que el Santo Padre quiere subrayar en su homil\u00eda. El Esp\u00edritu Santo \u2013 dice &#8211; es armon\u00eda. Antes que nada, en el cielo, pero tambi\u00e9n en la tierra:<\/p>\n\n\n\n<p><em>\u00c9l suscita la diversidad de los carismas y la recompone en la unidad, crea una concordia que no se basa en la homologaci\u00f3n, sino en la creatividad de la caridad. As\u00ed crea armon\u00eda en la multiplicidad.&nbsp;<\/em><\/p>\n\n\n\n<p>Crear armon\u00eda es lo que \u00c9l desea, especialmente a trav\u00e9s de aquellos en quienes ha derramado su unci\u00f3n. Y \u201ccrear armon\u00eda entre nosotros &#8211; asegura el Obispo de Roma &#8211; no es s\u00f3lo un m\u00e9todo adecuado para que la coordinaci\u00f3n eclesial funcione mejor.\u201d No es bailar \u201cel minuet\u201d a\u00f1ade, no es \u00abuna cuesti\u00f3n de estrategia o cortes\u00eda, sino una exigencia interna de la vida en el Esp\u00edritu\u201d. Y advierte que \u201cse peca contra el Esp\u00edritu, que es comuni\u00f3n, cuando nos convertimos, aunque sea por ligereza, en instrumentos de divisi\u00f3n, y le hacemos el juego al enemigo, que no sale a la luz y ama los rumores y las insinuaciones, que fomenta los partidos y las cordadas, alimenta la nostalgia del pasado, la desconfianza, el pesimismo, el miedo\u201d.&nbsp;<\/p>\n\n\n\n<p><em>Tengamos cuidado, por favor, de no ensuciar la unci\u00f3n del Esp\u00edritu y el manto de la Santa Madre Iglesia con la desuni\u00f3n, con las polarizaciones, con cualquier falta de caridad y de comuni\u00f3n. Recordemos que el Esp\u00edritu, \u201cel nosotros de Dios\u201d, prefiere la forma comunitaria: la disponibilidad respecto a las propias necesidades, la obediencia respecto a los propios gustos, la humildad respecto a las propias pretensiones.&nbsp;<\/em><\/p>\n\n\n\n<h2 class=\"wp-block-heading\"><strong>\u201cGracias\u201d<\/strong><\/h2>\n\n\n\n<p>El Papa concluye llamando a todos a \u201ccustodiar la armon\u00eda\u201d que \u201cno es una virtud entre otras, es mucho m\u00e1s\u201d puesto que, sin ella, como dice San Gregorio Magno \u201cqueda demostrado que las dem\u00e1s virtudes no son virtudes\u201d. Piensa tambi\u00e9n en la \u201camabilidad del sacerdote\u201d y en cu\u00e1nta gente \u201cno se no se acerca o se aleja porque en la Iglesia no se siente acogida y amada, sino mirada con recelo y juzgada\u201d y exhorta a\u00fan:&nbsp;<\/p>\n\n\n\n<p><em>En nombre de Dios, \u00a1acojamos y perdonemos siempre! Recordemos que ser agrios y quejumbrosos, adem\u00e1s de no producir nada bueno, corrompe el anuncio, porque contra-testimonia a Dios, que es comuni\u00f3n y armon\u00eda. Esto desagrada sobre todo al Esp\u00edritu Santo, a quien el ap\u00f3stol Pablo nos exhorta a no entristecer (cf. Ef 4,30).&nbsp;<\/em><\/p>\n\n\n\n<p>La gratitud, expresada m\u00e1s veces por el Papa, es lo que marca el final de la homil\u00eda: gratitud por el testimonio y el servicio escondido que hacen, por el perd\u00f3n y el consuelo que dan en nombre de Dios; por su ministerio, que a menudo se realiza en medio de mucho esfuerzo y poco reconocimiento.<\/p>\n\n\n\n<p><em>Que el Esp\u00edritu de Dios, que no defrauda a los que conf\u00edan en \u00c9l, los llene de paz y lleve a t\u00e9rmino lo que ha comenzado en ustedes, para que sean profetas de su unci\u00f3n y ap\u00f3stoles de armon\u00eda.<\/em><\/p>\n\n\n\n<p>Fuente: <a href=\"https:\/\/www.vaticannews.va\/es\/papa\/news\/2023-04\/papa-misa-crismal-madurez-sacerdotal-pasa-admitir-debilidad.html\">https:\/\/www.vaticannews.va\/es\/papa\/news\/2023-04\/papa-misa-crismal-madurez-sacerdotal-pasa-admitir-debilidad.html<\/a><\/p>\n","protected":false},"excerpt":{"rendered":"<p>El Esp\u00edritu Santo es el protagonista de la homil\u00eda del Santo Padre Francisco en la Santa Misa Crismal. El Papa [&hellip;]<\/p>\n","protected":false},"author":1,"featured_media":49473,"comment_status":"open","ping_status":"open","sticky":false,"template":"","format":"standard","meta":{"site-sidebar-layout":"default","site-content-layout":"","ast-site-content-layout":"default","site-content-style":"default","site-sidebar-style":"default","ast-global-header-display":"","ast-banner-title-visibility":"","ast-main-header-display":"","ast-hfb-above-header-display":"","ast-hfb-below-header-display":"","ast-hfb-mobile-header-display":"","site-post-title":"","ast-breadcrumbs-content":"","ast-featured-img":"","footer-sml-layout":"","theme-transparent-header-meta":"","adv-header-id-meta":"","stick-header-meta":"","header-above-stick-meta":"","header-main-stick-meta":"","header-below-stick-meta":"","astra-migrate-meta-layouts":"default","ast-page-background-enabled":"default","ast-page-background-meta":{"desktop":{"background-color":"var(--ast-global-color-4)","background-image":"","background-repeat":"repeat","background-position":"center center","background-size":"auto","background-attachment":"scroll","background-type":"","background-media":"","overlay-type":"","overlay-color":"","overlay-opacity":"","overlay-gradient":""},"tablet":{"background-color":"","background-image":"","background-repeat":"repeat","background-position":"center center","background-size":"auto","background-attachment":"scroll","background-type":"","background-media":"","overlay-type":"","overlay-color":"","overlay-opacity":"","overlay-gradient":""},"mobile":{"background-color":"","background-image":"","background-repeat":"repeat","background-position":"center center","background-size":"auto","background-attachment":"scroll","background-type":"","background-media":"","overlay-type":"","overlay-color":"","overlay-opacity":"","overlay-gradient":""}},"ast-content-background-meta":{"desktop":{"background-color":"var(--ast-global-color-5)","background-image":"","background-repeat":"repeat","background-position":"center center","background-size":"auto","background-attachment":"scroll","background-type":"","background-media":"","overlay-type":"","overlay-color":"","overlay-opacity":"","overlay-gradient":""},"tablet":{"background-color":"var(--ast-global-color-5)","background-image":"","background-repeat":"repeat","background-position":"center center","background-size":"auto","background-attachment":"scroll","background-type":"","background-media":"","overlay-type":"","overlay-color":"","overlay-opacity":"","overlay-gradient":""},"mobile":{"background-color":"var(--ast-global-color-5)","background-image":"","background-repeat":"repeat","background-position":"center center","background-size":"auto","background-attachment":"scroll","background-type":"","background-media":"","overlay-type":"","overlay-color":"","overlay-opacity":"","overlay-gradient":""}},"footnotes":""},"categories":[8],"tags":[15863,9542,196],"class_list":["post-49472","post","type-post","status-publish","format-standard","has-post-thumbnail","hentry","category-noticias","tag-ministerio-sacerdotal","tag-misa-crismal","tag-papa-francisco"],"_links":{"self":[{"href":"https:\/\/losperiodistas.com.mx\/portal\/wp-json\/wp\/v2\/posts\/49472","targetHints":{"allow":["GET"]}}],"collection":[{"href":"https:\/\/losperiodistas.com.mx\/portal\/wp-json\/wp\/v2\/posts"}],"about":[{"href":"https:\/\/losperiodistas.com.mx\/portal\/wp-json\/wp\/v2\/types\/post"}],"author":[{"embeddable":true,"href":"https:\/\/losperiodistas.com.mx\/portal\/wp-json\/wp\/v2\/users\/1"}],"replies":[{"embeddable":true,"href":"https:\/\/losperiodistas.com.mx\/portal\/wp-json\/wp\/v2\/comments?post=49472"}],"version-history":[{"count":1,"href":"https:\/\/losperiodistas.com.mx\/portal\/wp-json\/wp\/v2\/posts\/49472\/revisions"}],"predecessor-version":[{"id":49474,"href":"https:\/\/losperiodistas.com.mx\/portal\/wp-json\/wp\/v2\/posts\/49472\/revisions\/49474"}],"wp:featuredmedia":[{"embeddable":true,"href":"https:\/\/losperiodistas.com.mx\/portal\/wp-json\/wp\/v2\/media\/49473"}],"wp:attachment":[{"href":"https:\/\/losperiodistas.com.mx\/portal\/wp-json\/wp\/v2\/media?parent=49472"}],"wp:term":[{"taxonomy":"category","embeddable":true,"href":"https:\/\/losperiodistas.com.mx\/portal\/wp-json\/wp\/v2\/categories?post=49472"},{"taxonomy":"post_tag","embeddable":true,"href":"https:\/\/losperiodistas.com.mx\/portal\/wp-json\/wp\/v2\/tags?post=49472"}],"curies":[{"name":"wp","href":"https:\/\/api.w.org\/{rel}","templated":true}]}}