{"id":49469,"date":"2023-04-06T05:51:00","date_gmt":"2023-04-06T10:51:00","guid":{"rendered":"http:\/\/losperiodistas.com.mx\/portal\/?p=49469"},"modified":"2023-04-06T05:51:03","modified_gmt":"2023-04-06T10:51:03","slug":"iberdrola-va-por-el-largo-plazo-cfe-queda-a-deber-en-transparencia-el-economista","status":"publish","type":"post","link":"https:\/\/losperiodistas.com.mx\/portal\/iberdrola-va-por-el-largo-plazo-cfe-queda-a-deber-en-transparencia-el-economista\/","title":{"rendered":"Iberdrola va por el largo plazo; CFE queda a deber en transparencia\u00a0| El Economista"},"content":{"rendered":"\n<p class=\"has-background has-medium-font-size\" style=\"background-color:#f4d19b\">La venta de 13 plantas de generaci\u00f3n el\u00e9ctrica en M\u00e9xico que representaban el 77% del negocio de Iberdrola en el pa\u00eds fue un movimiento pensando en el largo plazo por parte de la espa\u00f1ola, que aunque pierde en ventas de inmediato, recuperar\u00e1 sus inversiones y podr\u00e1 continuar sus operaciones.<\/p>\n\n\n\n<figure class=\"wp-block-image size-large\"><img fetchpriority=\"high\" decoding=\"async\" width=\"1024\" height=\"579\" src=\"https:\/\/losperiodistas.com.mx\/portal\/wp-content\/uploads\/2023\/04\/Captura-de-pantalla-2023-04-06-a-las-4.44.52-1024x579.jpg\" alt=\"\" class=\"wp-image-49470\" srcset=\"https:\/\/losperiodistas.com.mx\/portal\/wp-content\/uploads\/2023\/04\/Captura-de-pantalla-2023-04-06-a-las-4.44.52-1024x579.jpg 1024w, https:\/\/losperiodistas.com.mx\/portal\/wp-content\/uploads\/2023\/04\/Captura-de-pantalla-2023-04-06-a-las-4.44.52-300x170.jpg 300w, https:\/\/losperiodistas.com.mx\/portal\/wp-content\/uploads\/2023\/04\/Captura-de-pantalla-2023-04-06-a-las-4.44.52-768x435.jpg 768w, https:\/\/losperiodistas.com.mx\/portal\/wp-content\/uploads\/2023\/04\/Captura-de-pantalla-2023-04-06-a-las-4.44.52.jpg 1502w\" sizes=\"(max-width: 1024px) 100vw, 1024px\" \/><figcaption>Foto EE: Archivo.<\/figcaption><\/figure>\n\n\n\n<p class=\"has-vivid-red-color has-text-color has-medium-font-size\"><strong>KAROL GARC\u00cdA \/ EL ECONOMISTA<\/strong><\/p>\n\n\n\n<p>La venta de&nbsp;<strong>13 plantas<\/strong>&nbsp;de generaci\u00f3n el\u00e9ctrica en M\u00e9xico que<strong>&nbsp;representaban el 77% del negocio de Iberdrola<\/strong>&nbsp;en el pa\u00eds fue un movimiento pensando en el largo plazo por parte de la espa\u00f1ola, que aunque pierde en ventas de inmediato, recuperar\u00e1 sus inversiones y podr\u00e1 continuar sus operaciones.<\/p>\n\n\n\n<p>Es la&nbsp;<strong>Comisi\u00f3n Federal de Electricidad (CFE)<\/strong>&nbsp;quien se queda con el reto de transparentar bajo qu\u00e9 esquema operar\u00e1 esas plantas y c\u00f3mo se pagar\u00e1 el desembolso de casi 6,000 millones de d\u00f3lares que realiz\u00f3 el fideicomiso respaldado por el gobierno federal para dotarla de activos.<\/p>\n\n\n\n<p>As\u00ed lo consider\u00f3 el especialista en el sector energ\u00e9tico, Arturo Carranza, quien explic\u00f3 a&nbsp;<em>El Economista<\/em>&nbsp;que la espa\u00f1ola incluso \u00abya se hab\u00eda tardado\u00bb en tener una lectura adecuada de cu\u00e1l puede ser su futuro en M\u00e9xico dado el entorno de pol\u00edtica energ\u00e9tica que se vive hoy.<\/p>\n\n\n\n<p>Y es que fueron dos a\u00f1os de negociaciones para llegar a este acuerdo de&nbsp;<a href=\"https:\/\/www.eleconomista.com.mx\/empresas\/Venta-de-Iberdrola-a-CFE-fluyo-gracias-a-intereses-comunes-publico-y-privado-Baker-McKenzie-20230405-0072.html\" target=\"_blank\" rel=\"noreferrer noopener\">adquisici\u00f3n de 8,534 megawatts instalados en 12 ciclos combinados<\/a>&nbsp;a gas y vapor de agua y un parque e\u00f3lico que pasan a manos de la CFE, como explic\u00f3 el CEO de Iberdrola, Jos\u00e9 Ignacio S\u00e1nchez Gal\u00e1n al referirse al acuerdo con el gobierno mexicano que finalmente comand\u00f3 el titular de Hacienda, Rogelio Ram\u00edrez de la O, en su calidad de responsable de las finanzas nacionales, y no el director general de la CFE, Manuel Bartlett, en su defensa de la empresa del Estado.<\/p>\n\n\n\n<p>Iberdrola gana en su estrategia de enfocarse en su cartera de renovables en el mundo, privilegia el largo plazo de su negocio en M\u00e9xico tambi\u00e9n y deja lo que ya no le resulta tan atractivo\u00bb, asegur\u00f3 Carranza, \u00abpara la CFE, aunque no le da la totalidad de la generaci\u00f3n nacional, s\u00ed le quita a un gran competidor cuyos permisos de producci\u00f3n independiente de energ\u00eda estaban pr\u00f3ximos a vencerse,&nbsp;<strong>quit\u00e1ndole ventas a la empresa del Estado<\/strong>\u00ab.<\/p>\n\n\n\n<p>Ahora Iberdrola se enfocar\u00e1 en la materializaci\u00f3n de sus planes de hidr\u00f3geno verde y operaci\u00f3n sustentable, porque la demanda el\u00e9ctrica no disminuir\u00e1, pero deber\u00e1 volverse m\u00e1s eficiente en el mundo y en M\u00e9xico la espa\u00f1ola no vendi\u00f3 todo su parque de producci\u00f3n, s\u00f3lo el que era conveniente.<\/p>\n\n\n\n<p>De cualquier forma, cuando concluya la venta de los activos, la ib\u00e9rica perder\u00e1 los ingresos constantes que obten\u00eda al ser productor independiente de energ\u00eda de al menos la quinta parte de la energ\u00eda que distribuye la CFE.<\/p>\n\n\n\n<p>Tambi\u00e9n perder\u00e1 ventas a terceros, aunque ya lo ven\u00eda haciendo conforme se venc\u00edan los permisos y la Comisi\u00f3n Reguladora de Energ\u00eda no le otorgaba pr\u00f3rrogas para tener m\u00e1s socios de autoabasto, y deja clientes del tama\u00f1o de Axtel, Banco Afirme, Bacard\u00ed Compa\u00f1\u00eda, Bayer de M\u00e9xico, Bemis Packaging M\u00e9xico, Bepensa Bebidas, Bio Pappel, Blackhawk de M\u00e9xico, Carrizal Mining, Cebadas y Maltas, Cementos Apasco, Cemix, Oxxo y Scribe.<\/p>\n\n\n\n<p>El gran reto, refiri\u00f3 Arturo Carranza, ser\u00e1 en qu\u00e9 esquema operar\u00e1 la CFE estos permisos y si est\u00e1 dispuesta a competir con apertura u transparencia en el mercado mayorista o vuelve a un r\u00e9gimen de excepci\u00f3n.<\/p>\n\n\n\n<p>Fuente: <a href=\"https:\/\/www.eleconomista.com.mx\/empresas\/Iberdrola-va-por-el-largo-plazo-CFE-queda-a-deber-en-transparencia-20230405-0083.html\">https:\/\/www.eleconomista.com.mx\/empresas\/Iberdrola-va-por-el-largo-plazo-CFE-queda-a-deber-en-transparencia-20230405-0083.html<\/a><\/p>\n","protected":false},"excerpt":{"rendered":"<p>La venta de 13 plantas de generaci\u00f3n el\u00e9ctrica en M\u00e9xico que representaban el 77% del negocio de Iberdrola en el [&hellip;]<\/p>\n","protected":false},"author":1,"featured_media":49470,"comment_status":"open","ping_status":"open","sticky":false,"template":"","format":"standard","meta":{"site-sidebar-layout":"default","site-content-layout":"","ast-site-content-layout":"default","site-content-style":"default","site-sidebar-style":"default","ast-global-header-display":"","ast-banner-title-visibility":"","ast-main-header-display":"","ast-hfb-above-header-display":"","ast-hfb-below-header-display":"","ast-hfb-mobile-header-display":"","site-post-title":"","ast-breadcrumbs-content":"","ast-featured-img":"","footer-sml-layout":"","theme-transparent-header-meta":"","adv-header-id-meta":"","stick-header-meta":"","header-above-stick-meta":"","header-main-stick-meta":"","header-below-stick-meta":"","astra-migrate-meta-layouts":"default","ast-page-background-enabled":"default","ast-page-background-meta":{"desktop":{"background-color":"var(--ast-global-color-4)","background-image":"","background-repeat":"repeat","background-position":"center center","background-size":"auto","background-attachment":"scroll","background-type":"","background-media":"","overlay-type":"","overlay-color":"","overlay-opacity":"","overlay-gradient":""},"tablet":{"background-color":"","background-image":"","background-repeat":"repeat","background-position":"center center","background-size":"auto","background-attachment":"scroll","background-type":"","background-media":"","overlay-type":"","overlay-color":"","overlay-opacity":"","overlay-gradient":""},"mobile":{"background-color":"","background-image":"","background-repeat":"repeat","background-position":"center center","background-size":"auto","background-attachment":"scroll","background-type":"","background-media":"","overlay-type":"","overlay-color":"","overlay-opacity":"","overlay-gradient":""}},"ast-content-background-meta":{"desktop":{"background-color":"var(--ast-global-color-5)","background-image":"","background-repeat":"repeat","background-position":"center center","background-size":"auto","background-attachment":"scroll","background-type":"","background-media":"","overlay-type":"","overlay-color":"","overlay-opacity":"","overlay-gradient":""},"tablet":{"background-color":"var(--ast-global-color-5)","background-image":"","background-repeat":"repeat","background-position":"center center","background-size":"auto","background-attachment":"scroll","background-type":"","background-media":"","overlay-type":"","overlay-color":"","overlay-opacity":"","overlay-gradient":""},"mobile":{"background-color":"var(--ast-global-color-5)","background-image":"","background-repeat":"repeat","background-position":"center center","background-size":"auto","background-attachment":"scroll","background-type":"","background-media":"","overlay-type":"","overlay-color":"","overlay-opacity":"","overlay-gradient":""}},"footnotes":""},"categories":[8],"tags":[34,4461],"class_list":["post-49469","post","type-post","status-publish","format-standard","has-post-thumbnail","hentry","category-noticias","tag-cfe","tag-iberdrola"],"_links":{"self":[{"href":"https:\/\/losperiodistas.com.mx\/portal\/wp-json\/wp\/v2\/posts\/49469","targetHints":{"allow":["GET"]}}],"collection":[{"href":"https:\/\/losperiodistas.com.mx\/portal\/wp-json\/wp\/v2\/posts"}],"about":[{"href":"https:\/\/losperiodistas.com.mx\/portal\/wp-json\/wp\/v2\/types\/post"}],"author":[{"embeddable":true,"href":"https:\/\/losperiodistas.com.mx\/portal\/wp-json\/wp\/v2\/users\/1"}],"replies":[{"embeddable":true,"href":"https:\/\/losperiodistas.com.mx\/portal\/wp-json\/wp\/v2\/comments?post=49469"}],"version-history":[{"count":1,"href":"https:\/\/losperiodistas.com.mx\/portal\/wp-json\/wp\/v2\/posts\/49469\/revisions"}],"predecessor-version":[{"id":49471,"href":"https:\/\/losperiodistas.com.mx\/portal\/wp-json\/wp\/v2\/posts\/49469\/revisions\/49471"}],"wp:featuredmedia":[{"embeddable":true,"href":"https:\/\/losperiodistas.com.mx\/portal\/wp-json\/wp\/v2\/media\/49470"}],"wp:attachment":[{"href":"https:\/\/losperiodistas.com.mx\/portal\/wp-json\/wp\/v2\/media?parent=49469"}],"wp:term":[{"taxonomy":"category","embeddable":true,"href":"https:\/\/losperiodistas.com.mx\/portal\/wp-json\/wp\/v2\/categories?post=49469"},{"taxonomy":"post_tag","embeddable":true,"href":"https:\/\/losperiodistas.com.mx\/portal\/wp-json\/wp\/v2\/tags?post=49469"}],"curies":[{"name":"wp","href":"https:\/\/api.w.org\/{rel}","templated":true}]}}