{"id":49455,"date":"2023-04-05T12:08:51","date_gmt":"2023-04-05T17:08:51","guid":{"rendered":"http:\/\/losperiodistas.com.mx\/portal\/?p=49455"},"modified":"2023-04-05T12:08:53","modified_gmt":"2023-04-05T17:08:53","slug":"la-renovacion-del-ine","status":"publish","type":"post","link":"https:\/\/losperiodistas.com.mx\/portal\/la-renovacion-del-ine\/","title":{"rendered":"La renovaci\u00f3n del INE"},"content":{"rendered":"\n<p class=\"has-vivid-red-color has-text-color\" style=\"font-size:26px\"><strong><em>Por Humberto Aguilar Coronado*<\/em><\/strong><\/p>\n\n\n\n<p>El lunes 3 de abril asistimos a la segunda renovaci\u00f3n de consejer\u00edas y la primera renovaci\u00f3n de la presidencia del consejo general del INE, desde su creaci\u00f3n como organismo responsable del cumplimiento de la funci\u00f3n estatal electoral, organismo que organiza las elecciones federales y coparticipa en la organizaci\u00f3n de las elecciones locales, las consultas populares y los procesos de revocaci\u00f3n de mandato.<\/p>\n\n\n\n<p>As\u00ed, el Consejo General del INE ha sido totalmente renovado en relaci\u00f3n con el que inici\u00f3 funciones en el 2014.<\/p>\n\n\n\n<p>Deseo sinceramente que, gracias a las nuevas visiones, a las distintas experiencias y trayectorias de los nuevos integrantes, as\u00ed como las dificultades y coyunturas del momento, la nueva integraci\u00f3n sea capaz de afrontar con \u00e9xito los retos inmediatos del instituto.<\/p>\n\n\n\n<p>Los retos de los organismos electorales en M\u00e9xico han sido enormes y han sido superados con \u00e9xito desde hace m\u00e1s de 30 a\u00f1os.<\/p>\n\n\n\n<p>La construcci\u00f3n de mecanismos e instituciones capaces de generar confianza en los procesos electorales y de dotar de certeza a los resultados de esos procesos, han ocupado mucho tiempo, recursos y esfuerzos de la sociedad mexicana.<\/p>\n\n\n\n<p>La presidenta, la nueva consejera y los dos nuevos consejeros, asumen su responsabilidad en un momento en que el Instituto est\u00e1 siendo acosado desde el poder.<\/p>\n\n\n\n<p>Por lo tanto, de buena fe y con confianza, espero que el juramento que hicieron, por el cual protestan cumplir y hacer cumplir la Constituci\u00f3n y las leyes que de ella emanan, signifique que asumen el valor que impulsa a todos los servidores p\u00fablicos del INE y que su actuaci\u00f3n sea desplegando la lealtad que la instituci\u00f3n demanda y que defiendan al INE con lealtad institucional del ataque que lo acosa desde el poder.<\/p>\n\n\n\n<p>*Es Diputado Federal del PAN por el Distrito 10 de Puebla<\/p>\n","protected":false},"excerpt":{"rendered":"<p>Por Humberto Aguilar Coronado* El lunes 3 de abril asistimos a la segunda renovaci\u00f3n de consejer\u00edas y la primera renovaci\u00f3n [&hellip;]<\/p>\n","protected":false},"author":1,"featured_media":49456,"comment_status":"open","ping_status":"open","sticky":false,"template":"","format":"standard","meta":{"site-sidebar-layout":"default","site-content-layout":"","ast-site-content-layout":"default","site-content-style":"default","site-sidebar-style":"default","ast-global-header-display":"","ast-banner-title-visibility":"","ast-main-header-display":"","ast-hfb-above-header-display":"","ast-hfb-below-header-display":"","ast-hfb-mobile-header-display":"","site-post-title":"","ast-breadcrumbs-content":"","ast-featured-img":"","footer-sml-layout":"","theme-transparent-header-meta":"","adv-header-id-meta":"","stick-header-meta":"","header-above-stick-meta":"","header-main-stick-meta":"","header-below-stick-meta":"","astra-migrate-meta-layouts":"default","ast-page-background-enabled":"default","ast-page-background-meta":{"desktop":{"background-color":"var(--ast-global-color-4)","background-image":"","background-repeat":"repeat","background-position":"center center","background-size":"auto","background-attachment":"scroll","background-type":"","background-media":"","overlay-type":"","overlay-color":"","overlay-opacity":"","overlay-gradient":""},"tablet":{"background-color":"","background-image":"","background-repeat":"repeat","background-position":"center center","background-size":"auto","background-attachment":"scroll","background-type":"","background-media":"","overlay-type":"","overlay-color":"","overlay-opacity":"","overlay-gradient":""},"mobile":{"background-color":"","background-image":"","background-repeat":"repeat","background-position":"center center","background-size":"auto","background-attachment":"scroll","background-type":"","background-media":"","overlay-type":"","overlay-color":"","overlay-opacity":"","overlay-gradient":""}},"ast-content-background-meta":{"desktop":{"background-color":"var(--ast-global-color-5)","background-image":"","background-repeat":"repeat","background-position":"center center","background-size":"auto","background-attachment":"scroll","background-type":"","background-media":"","overlay-type":"","overlay-color":"","overlay-opacity":"","overlay-gradient":""},"tablet":{"background-color":"var(--ast-global-color-5)","background-image":"","background-repeat":"repeat","background-position":"center center","background-size":"auto","background-attachment":"scroll","background-type":"","background-media":"","overlay-type":"","overlay-color":"","overlay-opacity":"","overlay-gradient":""},"mobile":{"background-color":"var(--ast-global-color-5)","background-image":"","background-repeat":"repeat","background-position":"center center","background-size":"auto","background-attachment":"scroll","background-type":"","background-media":"","overlay-type":"","overlay-color":"","overlay-opacity":"","overlay-gradient":""}},"footnotes":""},"categories":[8,18],"tags":[15862,885],"class_list":["post-49455","post","type-post","status-publish","format-standard","has-post-thumbnail","hentry","category-noticias","category-palabra-de-tigre","tag-consejo-general-ine","tag-ine"],"_links":{"self":[{"href":"https:\/\/losperiodistas.com.mx\/portal\/wp-json\/wp\/v2\/posts\/49455","targetHints":{"allow":["GET"]}}],"collection":[{"href":"https:\/\/losperiodistas.com.mx\/portal\/wp-json\/wp\/v2\/posts"}],"about":[{"href":"https:\/\/losperiodistas.com.mx\/portal\/wp-json\/wp\/v2\/types\/post"}],"author":[{"embeddable":true,"href":"https:\/\/losperiodistas.com.mx\/portal\/wp-json\/wp\/v2\/users\/1"}],"replies":[{"embeddable":true,"href":"https:\/\/losperiodistas.com.mx\/portal\/wp-json\/wp\/v2\/comments?post=49455"}],"version-history":[{"count":1,"href":"https:\/\/losperiodistas.com.mx\/portal\/wp-json\/wp\/v2\/posts\/49455\/revisions"}],"predecessor-version":[{"id":49457,"href":"https:\/\/losperiodistas.com.mx\/portal\/wp-json\/wp\/v2\/posts\/49455\/revisions\/49457"}],"wp:featuredmedia":[{"embeddable":true,"href":"https:\/\/losperiodistas.com.mx\/portal\/wp-json\/wp\/v2\/media\/49456"}],"wp:attachment":[{"href":"https:\/\/losperiodistas.com.mx\/portal\/wp-json\/wp\/v2\/media?parent=49455"}],"wp:term":[{"taxonomy":"category","embeddable":true,"href":"https:\/\/losperiodistas.com.mx\/portal\/wp-json\/wp\/v2\/categories?post=49455"},{"taxonomy":"post_tag","embeddable":true,"href":"https:\/\/losperiodistas.com.mx\/portal\/wp-json\/wp\/v2\/tags?post=49455"}],"curies":[{"name":"wp","href":"https:\/\/api.w.org\/{rel}","templated":true}]}}