{"id":49449,"date":"2023-04-05T11:52:45","date_gmt":"2023-04-05T16:52:45","guid":{"rendered":"http:\/\/losperiodistas.com.mx\/portal\/?p=49449"},"modified":"2023-04-05T11:52:46","modified_gmt":"2023-04-05T16:52:46","slug":"picasso-el-artista-que-despreciaba-a-las-mujeres-dw","status":"publish","type":"post","link":"https:\/\/losperiodistas.com.mx\/portal\/picasso-el-artista-que-despreciaba-a-las-mujeres-dw\/","title":{"rendered":"Picasso, el artista que despreciaba a las mujeres | DW"},"content":{"rendered":"\n<p class=\"has-light-green-cyan-background-color has-background has-medium-font-size\">Picasso clasificaba a las mujeres en \u201cdiosas o felpudos\u201d. \u00bfHa llegado el momento de bajar al genio espa\u00f1ol del pedestal?<\/p>\n\n\n\n<figure class=\"wp-block-image size-full is-style-default\"><img fetchpriority=\"high\" decoding=\"async\" width=\"700\" height=\"394\" src=\"https:\/\/losperiodistas.com.mx\/portal\/wp-content\/uploads\/2023\/04\/65016080_303.jpeg\" alt=\"\" class=\"wp-image-49450\" srcset=\"https:\/\/losperiodistas.com.mx\/portal\/wp-content\/uploads\/2023\/04\/65016080_303.jpeg 700w, https:\/\/losperiodistas.com.mx\/portal\/wp-content\/uploads\/2023\/04\/65016080_303-300x169.jpeg 300w\" sizes=\"(max-width: 700px) 100vw, 700px\" \/><\/figure>\n\n\n\n<p><\/p>\n\n\n\n<p class=\"has-vivid-red-color has-text-color has-medium-font-size\"><strong>SABINE OELZE \/ DW<\/strong><\/p>\n\n\n\n<p>\u00abDiosas o felpudos\u00bb. Esta clasificaci\u00f3n hacia las mujeres ya lo dice todo. De las once relaciones femeninas que se conocen del pintor espa\u00f1ol, la&nbsp;mayor\u00eda sufri\u00f3&nbsp;esta metamorfosis: el artista las idolatraba y luego las trataba como escoria.<\/p>\n\n\n\n<p>Por eso siguen creciendo las cr\u00edticas contra&nbsp;<a href=\"https:\/\/www.dw.com\/es\/de-picasso-a-warhol-museo-en-teher%C3%A1n-presenta-obras-maestras-de-arte-ocultas-durante-d%C3%A9cadas\/a-62872070\">este superartista del siglo XX<\/a>. \u00abYo acusar\u00eda a&nbsp;<a href=\"https:\/\/www.dw.com\/es\/picasso-pablo\/t-39482822\">Pablo Picasso<\/a>&nbsp;de ser manipulador, de tener una inclinaci\u00f3n s\u00e1dica y de obtener cierto placer torturando a las mujeres de&nbsp;determinada manera, haci\u00e9ndoles promesas y votos de amor, aunque no hubiera ninguna verdad detr\u00e1s de ellos\u00bb, dice Ann-Kathrin Hahn, conservadora de arte del&nbsp;<a href=\"https:\/\/www.dw.com\/es\/sale-a-la-luz-en-italia-probable-pintura-in%C3%A9dita-de-picasso-representando-a-hitler\/a-62869165\">Museo Picasso de M\u00fcnster.<\/a>&nbsp;Incluso algunos visitantes le preguntan a menudo:\u00bb\u00bfPuede un museo seguir celebrando acr\u00edticamente a un artista como \u00e9l?\u201d<\/p>\n\n\n\n<h2 class=\"wp-block-heading\">Picasso: sin escr\u00fapulos y sediento de poder<\/h2>\n\n\n\n<p>Algunas de sus exparejas describen en sus memorias a Picasso como un genio despiadado que estaba dispuesto a pasar por encima de todos por su carrera. De&nbsp;forma casi obsesiva, inmortaliz\u00f3 cada una de sus relaciones en sus pinturas, dibujos, esculturas y cer\u00e1micas.<\/p>\n\n\n\n<p>Sin embargo, la entusiasta inspiraci\u00f3n que al principio le suscitaban sus amantes, terminaba casi siempre en repulsi\u00f3n. Fernande Olivier fue la primera compa\u00f1era sentimental que relat\u00f3 en su libro \u00abPicasso y sus amigos\u201d (1933) sus recuerdos junto al espa\u00f1ol entre los a\u00f1os 1905 y 1913 en Paris. Cuando se conocen en Montmartre, Picasso era pobre y poco conocido. As\u00ed, Olivier se convierte en una de las modelos m\u00e1s importantes en los primeros a\u00f1os de su carrera. El artista descompone la figura de Olivier en formas geom\u00e9tricas. En sus obras cubistas, la nariz, los ojos, las mejillas y las zonas faciales son apenas reconocibles.<\/p>\n\n\n\n<h2 class=\"wp-block-heading\">Las se\u00f1oritas de Avignon, el cuadro mis\u00f3gino<\/h2>\n\n\n\n<p>A trav\u00e9s del retrato de Olivier, Picasso logra crear un hito en la historia del arte moderno. Sin embargo, el trato del artista hacia ella deja mucho que desear, incluso la encerr\u00f3 . Fue maltratada e incluso encerrada en la casa taller de artistas Bateau Lavoir, para impedir que pudiese trabajar&nbsp;como modelo para otros artistas. Al final de su relaci\u00f3n, el espa\u00f1ol la deja en la pobreza mientras se lanza a una nueva aventura con su nueva pareja Eva Gouel.<a href=\"https:\/\/www.dw.com\/es\/picasso-el-artista-que-despreciaba-a-las-mujeres\/a-65239049#\"><\/a><\/p>\n\n\n\n<p>Fernande Olivier, musa de Picasso cuya figura descompuso el artista en formas geom\u00e9tricas.<\/p>\n\n\n\n<p>La periodista de arte Rose-Maria Gropp analiza en su libro \u00abDiosas y felpudos. Las mujeres de Picasso\u00bb, publicado en febrero de 2023, la perspectiva de las parejas de Picasso.&nbsp;Gropp se sirve para ello de los&nbsp;diarios privados de estas mujeres y otras fuentes sin publicar.<\/p>\n\n\n\n<p>La periodista capta&nbsp;tambi\u00e9n en las obras del espa\u00f1ol su desprecio por las mujeres. \u00abEs sencillamente impensable imaginar un cuadro tan tr\u00e1gico como las \u00abSe\u00f1oritas de Avignon\u00bb, de 1907, sin la violencia de su creador. Es imposible. Para m\u00ed, sin embargo, fue igual de interesante percibir c\u00f3mo las cinco mujeres acorraladas en el cuadro de tama\u00f1o natural transmiten precisamente esta energ\u00eda destructiva\u00bb. Esto significa que Picasso era consciente del poder que ten\u00edan las mujeres, explica Gropp en&nbsp;entrevista con DW.<\/p>\n\n\n\n<h2 class=\"wp-block-heading\">Derribar a&nbsp;Picasso de su pedestal<\/h2>\n\n\n\n<p>La estadounidense Abigail Solomon-Godeau, historiadora de arte y residente en Par\u00eds, tambi\u00e9n considera&nbsp;mis\u00f3gino a Picasso. \u00abLo que me interesa son los discursos de la historia del arte, los discursos sobre Picasso, los discursos sobre los grandes maestros geniales. Porque es el discurso el que forma la interpretaci\u00f3n de un cuadro. El cuadro que estamos viendo hoy, llamado &#8216;Se\u00f1oritas de Avignon&#8217;, no es&nbsp;el mismo cuadro que la gente vio en 1907. Hoy lo vemos con otros ojos\u00bb, explica en la entrevista con DW.<\/p>\n\n\n\n<p>Y, por eso, la gente se hace hoy en d\u00eda preguntas sobre esta obra que no pod\u00eda hacerse hace 115 a\u00f1os. A la historiadora le gustar\u00eda derribar&nbsp;a Picasso de su pedestal. No era un superhombre y su masculinidad t\u00f3xica no pod\u00eda excusarse por su car\u00e1cter mediterr\u00e1neo.<\/p>\n\n\n\n<h2 class=\"wp-block-heading\">La mujer que logr\u00f3 dejar a Picasso: Fran\u00e7oise Gilot<\/h2>\n\n\n\n<p>Fran\u00e7oise Gilot, con la que Picasso tuvo dos hijos, Paloma y Claude, relata en su libro \u00abMi vida con Picasso\u201d la d\u00e9cada que convivi\u00f3 con el artista, entre 1943 y 1954. Gilot proven\u00eda de una familia adinerada. Gracias a su independencia econ\u00f3mica, fue la \u00fanica mujer que abandon\u00f3 a Picasso, algo que \u00e9l nunca le perdon\u00f3. Durante mucho tiempo, incluso se neg\u00f3 a reconocer la paternidad de los hijos que tuvieron juntos.<a href=\"https:\/\/www.dw.com\/es\/picasso-el-artista-que-despreciaba-a-las-mujeres\/a-65239049#\"><\/a><\/p>\n\n\n\n<p>Fran\u00e7oise Gilot fue la \u00fanica mujer que logr\u00f3 dejar a Picasso. Con ella, el artista tuvo dos hijas: Claude y Paloma.<\/p>\n\n\n\n<p>Atracci\u00f3n y repulsi\u00f3n: Markus M\u00fcller, quien junto a Marilyn McCully, public\u00f3 el libro \u00abPicasso. Mujeres de su vida. Un homenaje\u00bb confirma&nbsp;tambi\u00e9n este patr\u00f3n. \u00abMaya, la hija de Picasso, me dijo una vez que Picasso dejaba a sus mujeres como quien vuelve a salir por la noche a por tabaco en la cigarrer\u00eda\u00bb. Sin embargo, el desprecio por las mujeres era una expresi\u00f3n de aquella \u00e9poca donde Picasso no era el \u00fanico.<\/p>\n\n\n\n<p>Desde el movimiento #MeToo, Picasso ha sido un tema muy debatido\u00a0en el mundo del arte como machista obsesionado con el \u00e9xito. Hoy en d\u00eda, alguien como \u00e9l ser\u00eda sin duda un gran ejemplar de lo que es la masculinidad t\u00f3xica. (nd\/ms)\u00a0<\/p>\n\n\n\n<p>Fuente: <a href=\"https:\/\/www.dw.com\/es\/picasso-el-artista-que-despreciaba-a-las-mujeres\/a-65239049\">https:\/\/www.dw.com\/es\/picasso-el-artista-que-despreciaba-a-las-mujeres\/a-65239049<\/a><\/p>\n","protected":false},"excerpt":{"rendered":"<p>Picasso clasificaba a las mujeres en \u201cdiosas o felpudos\u201d. \u00bfHa llegado el momento de bajar al genio espa\u00f1ol del pedestal? [&hellip;]<\/p>\n","protected":false},"author":1,"featured_media":49450,"comment_status":"open","ping_status":"open","sticky":false,"template":"","format":"standard","meta":{"site-sidebar-layout":"default","site-content-layout":"","ast-site-content-layout":"default","site-content-style":"default","site-sidebar-style":"default","ast-global-header-display":"","ast-banner-title-visibility":"","ast-main-header-display":"","ast-hfb-above-header-display":"","ast-hfb-below-header-display":"","ast-hfb-mobile-header-display":"","site-post-title":"","ast-breadcrumbs-content":"","ast-featured-img":"","footer-sml-layout":"","theme-transparent-header-meta":"","adv-header-id-meta":"","stick-header-meta":"","header-above-stick-meta":"","header-main-stick-meta":"","header-below-stick-meta":"","astra-migrate-meta-layouts":"default","ast-page-background-enabled":"default","ast-page-background-meta":{"desktop":{"background-color":"var(--ast-global-color-4)","background-image":"","background-repeat":"repeat","background-position":"center center","background-size":"auto","background-attachment":"scroll","background-type":"","background-media":"","overlay-type":"","overlay-color":"","overlay-opacity":"","overlay-gradient":""},"tablet":{"background-color":"","background-image":"","background-repeat":"repeat","background-position":"center center","background-size":"auto","background-attachment":"scroll","background-type":"","background-media":"","overlay-type":"","overlay-color":"","overlay-opacity":"","overlay-gradient":""},"mobile":{"background-color":"","background-image":"","background-repeat":"repeat","background-position":"center center","background-size":"auto","background-attachment":"scroll","background-type":"","background-media":"","overlay-type":"","overlay-color":"","overlay-opacity":"","overlay-gradient":""}},"ast-content-background-meta":{"desktop":{"background-color":"var(--ast-global-color-5)","background-image":"","background-repeat":"repeat","background-position":"center center","background-size":"auto","background-attachment":"scroll","background-type":"","background-media":"","overlay-type":"","overlay-color":"","overlay-opacity":"","overlay-gradient":""},"tablet":{"background-color":"var(--ast-global-color-5)","background-image":"","background-repeat":"repeat","background-position":"center center","background-size":"auto","background-attachment":"scroll","background-type":"","background-media":"","overlay-type":"","overlay-color":"","overlay-opacity":"","overlay-gradient":""},"mobile":{"background-color":"var(--ast-global-color-5)","background-image":"","background-repeat":"repeat","background-position":"center center","background-size":"auto","background-attachment":"scroll","background-type":"","background-media":"","overlay-type":"","overlay-color":"","overlay-opacity":"","overlay-gradient":""}},"footnotes":""},"categories":[8],"tags":[15859,9416,15860],"class_list":["post-49449","post","type-post","status-publish","format-standard","has-post-thumbnail","hentry","category-noticias","tag-las-senoritas-de-avignon","tag-pablo-picasso","tag-picasso-misogino"],"_links":{"self":[{"href":"https:\/\/losperiodistas.com.mx\/portal\/wp-json\/wp\/v2\/posts\/49449","targetHints":{"allow":["GET"]}}],"collection":[{"href":"https:\/\/losperiodistas.com.mx\/portal\/wp-json\/wp\/v2\/posts"}],"about":[{"href":"https:\/\/losperiodistas.com.mx\/portal\/wp-json\/wp\/v2\/types\/post"}],"author":[{"embeddable":true,"href":"https:\/\/losperiodistas.com.mx\/portal\/wp-json\/wp\/v2\/users\/1"}],"replies":[{"embeddable":true,"href":"https:\/\/losperiodistas.com.mx\/portal\/wp-json\/wp\/v2\/comments?post=49449"}],"version-history":[{"count":1,"href":"https:\/\/losperiodistas.com.mx\/portal\/wp-json\/wp\/v2\/posts\/49449\/revisions"}],"predecessor-version":[{"id":49451,"href":"https:\/\/losperiodistas.com.mx\/portal\/wp-json\/wp\/v2\/posts\/49449\/revisions\/49451"}],"wp:featuredmedia":[{"embeddable":true,"href":"https:\/\/losperiodistas.com.mx\/portal\/wp-json\/wp\/v2\/media\/49450"}],"wp:attachment":[{"href":"https:\/\/losperiodistas.com.mx\/portal\/wp-json\/wp\/v2\/media?parent=49449"}],"wp:term":[{"taxonomy":"category","embeddable":true,"href":"https:\/\/losperiodistas.com.mx\/portal\/wp-json\/wp\/v2\/categories?post=49449"},{"taxonomy":"post_tag","embeddable":true,"href":"https:\/\/losperiodistas.com.mx\/portal\/wp-json\/wp\/v2\/tags?post=49449"}],"curies":[{"name":"wp","href":"https:\/\/api.w.org\/{rel}","templated":true}]}}