{"id":49445,"date":"2023-04-05T11:43:00","date_gmt":"2023-04-05T16:43:00","guid":{"rendered":"http:\/\/losperiodistas.com.mx\/portal\/?p=49445"},"modified":"2023-04-05T11:43:26","modified_gmt":"2023-04-05T16:43:26","slug":"mexico-la-iglesia-lanza-una-iniciativa-para-el-dialogo-y-la-paz-en-un-pais-que-se-desangra-aleteia","status":"publish","type":"post","link":"https:\/\/losperiodistas.com.mx\/portal\/mexico-la-iglesia-lanza-una-iniciativa-para-el-dialogo-y-la-paz-en-un-pais-que-se-desangra-aleteia\/","title":{"rendered":"M\u00e9xico: La Iglesia lanza una iniciativa para el di\u00e1logo y la paz en un pa\u00eds que se desangra | Aleteia"},"content":{"rendered":"\n<p class=\"has-luminous-vivid-amber-background-color has-background has-medium-font-size\">Conscientes de la polarizaci\u00f3n y la violencia que ha estallado sobre M\u00e9xico, varias instituciones cat\u00f3licas convocaron un encuentro nacional<\/p>\n\n\n\n<figure class=\"wp-block-image size-large is-style-default\"><img fetchpriority=\"high\" decoding=\"async\" width=\"1024\" height=\"682\" src=\"https:\/\/losperiodistas.com.mx\/portal\/wp-content\/uploads\/2023\/04\/000_33AQ6NB-1024x682.jpg\" alt=\"\" class=\"wp-image-49446\" srcset=\"https:\/\/losperiodistas.com.mx\/portal\/wp-content\/uploads\/2023\/04\/000_33AQ6NB-1024x682.jpg 1024w, https:\/\/losperiodistas.com.mx\/portal\/wp-content\/uploads\/2023\/04\/000_33AQ6NB-300x200.jpg 300w, https:\/\/losperiodistas.com.mx\/portal\/wp-content\/uploads\/2023\/04\/000_33AQ6NB-768x511.jpg 768w, https:\/\/losperiodistas.com.mx\/portal\/wp-content\/uploads\/2023\/04\/000_33AQ6NB.jpg 1280w\" sizes=\"(max-width: 1024px) 100vw, 1024px\" \/><figcaption>Pedro PARDO \/ AFP<br>La sombra de un hombre se proyecta en el suelo junto a la tumba de Joaqu\u00edn Mora -uno de los dos sacerdotes jesuitas asesinados el pasado 20 de junio-<\/figcaption><\/figure>\n\n\n\n<p class=\"has-vivid-red-color has-text-color has-medium-font-size\"><strong>JAIME SEPTI\u00c9N \/ ALETEIA<\/strong><\/p>\n\n\n\n<p>\u00abTanta muerte es un llamado a trabajar por la justicia y la seguridad\u00bb, ha dicho en un comunicado la Conferencia del Episcopado de M\u00e9xico (CEM) al lanzar una iniciativa hacia el di\u00e1logo nacional por la paz.<\/p>\n\n\n\n<p>Conscientes de la polarizaci\u00f3n y la violencia que ha estallado sobre M\u00e9xico, la CEM, la Conferencia de Superiores Mayores de Religiosos de M\u00e9xico, la Provincia Mexicana de la Compa\u00f1\u00eda de Jes\u00fas y la Dimensi\u00f3n Episcopal de Laicos dieron el paso adelante y convocaron a un encuentro nacional para sentar las bases de la concordia en un pa\u00eds que anualmente rebasa los muertos de pa\u00edses en guerra.<\/p>\n\n\n\n<p>Este encuentro se llevar\u00e1 a cabo del 21 al 23 de septiembre en la Universidad Iberoamericana de Puebla, y tiene como \u00fanico objetivo elaborar una Agenda Nacional de paz y articular las iniciativas locales de paz.<\/p>\n\n\n\n<h3 class=\"wp-block-heading\">Un doble asesinato que clama al cielo<\/h3>\n\n\n\n<p>El asesinato de los sacerdotes jesuitas Javier Campos y Joaqu\u00edn Mora en la Sierra Tarahumara \u00abes un lamentable homicidio m\u00e1s que se suma a la larga lista del com\u00fan de m\u00e1rtires inocentes que han perdido la vida en el territorio nacional, representando as\u00ed un caso emblem\u00e1tico de la violencia y de la descomposici\u00f3n social en que vivimos\u00bb, dicen en su comunicado los organizadores de este encuentro.<\/p>\n\n\n\n<p>En su opini\u00f3n, en este asesinato que conmovi\u00f3 lo m\u00e1s profundo de la cristiandad en M\u00e9xico, \u00abencontramos la ceguera de quien con un arma se siente todopoderoso, la corrupci\u00f3n institucional y la impunidad que dej\u00f3 escalar los niveles de la delincuencia y la p\u00e9rdida de los sistemas comunitarios capaces de regular los comportamientos\u00bb.<\/p>\n\n\n\n<p>M\u00e1s adelante se\u00f1alan que el hecho de haber encontrado sin vida al principal responsable del asesinato de los jesuitas, a quien apodaban \u00abEl chueco\u00bb, muestra c\u00f3mo los territorios de muchas partes del pa\u00eds \u00abson gobernados por econom\u00edas criminales que han crecido ante el descuido del gobierno en todos sus niveles\u00bb.<\/p>\n\n\n\n<p>Lo que es peor, los jesuitas que trabajan por la paz y el desarrollo en la Sierra Tarahumara \u2013junto con los obispos, las religiosas y los laicos de M\u00e9xico \u2013 aseguraron que el problema de inseguridad prevalece en esta regi\u00f3n y en el pa\u00eds entero.<\/p>\n\n\n\n<p>Por ello, \u00abexiste una urgente necesidad de revisar el sistema de justicia y de seguridad, por petici\u00f3n de muchas voces cualificadas de la sociedad civil, ante la indolencia de las autoridades pol\u00edticas y la falta de resultados en las estrategias gubernamentales\u00bb.<\/p>\n\n\n\n<h3 class=\"wp-block-heading\">Din\u00e1micas peligrosas en M\u00e9xico<\/h3>\n\n\n\n<p>La delincuencia \u2013dicen en su comunicado la CEM y los dem\u00e1s organismos convocantes\u2013 pone en riesgo la convivencia social, la democracia, la econom\u00eda, el medio ambiente y el bienestar en los territorios lastrados por el narcotr\u00e1fico y el crimen organizado.<\/p>\n\n\n\n<p>\u00abUna realidad compleja que necesita de una reflexi\u00f3n profunda en un di\u00e1logo que incluya a todos los sectores de la sociedad, y una situaci\u00f3n que nos llama tambi\u00e9n, como Iglesia, a trabajar, junto con otros, para construir condiciones de paz en los distintos territorios\u00bb.<\/p>\n\n\n\n<p>Luego, se\u00f1alan que se trata de avanzar junto con los especialistas, de conocer las mejores pr\u00e1cticas locales, escuchar a las v\u00edctimas, a los ind\u00edgenas, a los migrantes, tomar en cuenta a quienes han logrado sostener bajos \u00edndices delictivos en los territorios, a las iglesias, y a quienes est\u00e1n participando en los conversatorios por la paz y en los foros de justicia y seguridad.<\/p>\n\n\n\n<p>\u00abPor eso, la Iglesia en M\u00e9xico ratifica e impulsa un proceso para la pacificaci\u00f3n del pa\u00eds a trav\u00e9s de las cuatro acciones que hemos estado llevando a cabo: la oraci\u00f3n mensual de cada tercer domingo del mes; la plataforma digital&nbsp;<em>Enciende una luz por M\u00e9xico<\/em>&nbsp;pidiendo por nuestros hermanos\/as desaparecidos y narrando su historia de dolor y de esperanza; la participaci\u00f3n en los conversatorios por la paz y los foros de justicia y seguridad\u00bb.<\/p>\n\n\n\n<h3 class=\"wp-block-heading\">Aportes necesarios<\/h3>\n\n\n\n<p>Con la finalidad de recoger todos los aportes posibles para la paz con justicia y hacer una propuesta viable a las autoridades y al pa\u00eds, la CEM, los jesuitas y las religiosas convocan a este Di\u00e1logo Nacional.<\/p>\n\n\n\n<p>\u00abLa violencia nos pone delante de Jes\u00fas Crucificado para denunciar toda injusticia humana, que ahora se ha manifestado en la tragedia que han sufrido nuestros hermanos migrantes muriendo consumidos por el incendio de la estaci\u00f3n migratoria de Ciudad Ju\u00e1rez, Chihuahua, ante la irresponsable omisi\u00f3n de las autoridades\u00bb, dicen en el comunicado.<\/p>\n\n\n\n<p>Y termina con esta frase prof\u00e9tica: \u00abEl mismo Jes\u00fas nos invita a poner nuestra confianza en la fuerza de Dios que surge del dolor y de las l\u00e1grimas, para caminar con las comunidades, e imaginar horizontes de esperanza en la resurrecci\u00f3n\u00bb.<\/p>\n\n\n\n<p>Fuente: <a href=\"https:\/\/es.aleteia.org\/2023\/04\/05\/mexico-la-iglesia-lanza-una-iniciativa-para-el-dialogo-y-la-paz-en-un-pais-que-se-desangra\/\">https:\/\/es.aleteia.org\/2023\/04\/05\/mexico-la-iglesia-lanza-una-iniciativa-para-el-dialogo-y-la-paz-en-un-pais-que-se-desangra\/<\/a><\/p>\n","protected":false},"excerpt":{"rendered":"<p>Conscientes de la polarizaci\u00f3n y la violencia que ha estallado sobre M\u00e9xico, varias instituciones cat\u00f3licas convocaron un encuentro nacional JAIME [&hellip;]<\/p>\n","protected":false},"author":1,"featured_media":49446,"comment_status":"open","ping_status":"open","sticky":false,"template":"","format":"standard","meta":{"site-sidebar-layout":"default","site-content-layout":"","ast-site-content-layout":"default","site-content-style":"default","site-sidebar-style":"default","ast-global-header-display":"","ast-banner-title-visibility":"","ast-main-header-display":"","ast-hfb-above-header-display":"","ast-hfb-below-header-display":"","ast-hfb-mobile-header-display":"","site-post-title":"","ast-breadcrumbs-content":"","ast-featured-img":"","footer-sml-layout":"","theme-transparent-header-meta":"","adv-header-id-meta":"","stick-header-meta":"","header-above-stick-meta":"","header-main-stick-meta":"","header-below-stick-meta":"","astra-migrate-meta-layouts":"default","ast-page-background-enabled":"default","ast-page-background-meta":{"desktop":{"background-color":"var(--ast-global-color-4)","background-image":"","background-repeat":"repeat","background-position":"center center","background-size":"auto","background-attachment":"scroll","background-type":"","background-media":"","overlay-type":"","overlay-color":"","overlay-opacity":"","overlay-gradient":""},"tablet":{"background-color":"","background-image":"","background-repeat":"repeat","background-position":"center center","background-size":"auto","background-attachment":"scroll","background-type":"","background-media":"","overlay-type":"","overlay-color":"","overlay-opacity":"","overlay-gradient":""},"mobile":{"background-color":"","background-image":"","background-repeat":"repeat","background-position":"center center","background-size":"auto","background-attachment":"scroll","background-type":"","background-media":"","overlay-type":"","overlay-color":"","overlay-opacity":"","overlay-gradient":""}},"ast-content-background-meta":{"desktop":{"background-color":"var(--ast-global-color-5)","background-image":"","background-repeat":"repeat","background-position":"center center","background-size":"auto","background-attachment":"scroll","background-type":"","background-media":"","overlay-type":"","overlay-color":"","overlay-opacity":"","overlay-gradient":""},"tablet":{"background-color":"var(--ast-global-color-5)","background-image":"","background-repeat":"repeat","background-position":"center center","background-size":"auto","background-attachment":"scroll","background-type":"","background-media":"","overlay-type":"","overlay-color":"","overlay-opacity":"","overlay-gradient":""},"mobile":{"background-color":"var(--ast-global-color-5)","background-image":"","background-repeat":"repeat","background-position":"center center","background-size":"auto","background-attachment":"scroll","background-type":"","background-media":"","overlay-type":"","overlay-color":"","overlay-opacity":"","overlay-gradient":""}},"footnotes":""},"categories":[8],"tags":[7196,15858,10309,617],"class_list":["post-49445","post","type-post","status-publish","format-standard","has-post-thumbnail","hentry","category-noticias","tag-cem","tag-dialogo-nacional-popr-la-paz","tag-justicia","tag-violencia"],"_links":{"self":[{"href":"https:\/\/losperiodistas.com.mx\/portal\/wp-json\/wp\/v2\/posts\/49445","targetHints":{"allow":["GET"]}}],"collection":[{"href":"https:\/\/losperiodistas.com.mx\/portal\/wp-json\/wp\/v2\/posts"}],"about":[{"href":"https:\/\/losperiodistas.com.mx\/portal\/wp-json\/wp\/v2\/types\/post"}],"author":[{"embeddable":true,"href":"https:\/\/losperiodistas.com.mx\/portal\/wp-json\/wp\/v2\/users\/1"}],"replies":[{"embeddable":true,"href":"https:\/\/losperiodistas.com.mx\/portal\/wp-json\/wp\/v2\/comments?post=49445"}],"version-history":[{"count":2,"href":"https:\/\/losperiodistas.com.mx\/portal\/wp-json\/wp\/v2\/posts\/49445\/revisions"}],"predecessor-version":[{"id":49448,"href":"https:\/\/losperiodistas.com.mx\/portal\/wp-json\/wp\/v2\/posts\/49445\/revisions\/49448"}],"wp:featuredmedia":[{"embeddable":true,"href":"https:\/\/losperiodistas.com.mx\/portal\/wp-json\/wp\/v2\/media\/49446"}],"wp:attachment":[{"href":"https:\/\/losperiodistas.com.mx\/portal\/wp-json\/wp\/v2\/media?parent=49445"}],"wp:term":[{"taxonomy":"category","embeddable":true,"href":"https:\/\/losperiodistas.com.mx\/portal\/wp-json\/wp\/v2\/categories?post=49445"},{"taxonomy":"post_tag","embeddable":true,"href":"https:\/\/losperiodistas.com.mx\/portal\/wp-json\/wp\/v2\/tags?post=49445"}],"curies":[{"name":"wp","href":"https:\/\/api.w.org\/{rel}","templated":true}]}}