{"id":48838,"date":"2023-03-24T09:13:10","date_gmt":"2023-03-24T15:13:10","guid":{"rendered":"http:\/\/losperiodistas.com.mx\/portal\/?p=48838"},"modified":"2023-03-24T09:13:12","modified_gmt":"2023-03-24T15:13:12","slug":"mas-de-450-detenidos-durante-la-novena-jornada-de-huelga-por-la-reforma-de-las-pensiones-en-francia-euronews","status":"publish","type":"post","link":"https:\/\/losperiodistas.com.mx\/portal\/mas-de-450-detenidos-durante-la-novena-jornada-de-huelga-por-la-reforma-de-las-pensiones-en-francia-euronews\/","title":{"rendered":"M\u00e1s de 450 detenidos durante la novena jornada de huelga por la reforma de las pensiones en Francia\u00a0 | Euronews"},"content":{"rendered":"\n<figure class=\"wp-block-image size-large is-style-default\"><img fetchpriority=\"high\" decoding=\"async\" width=\"1024\" height=\"575\" src=\"https:\/\/losperiodistas.com.mx\/portal\/wp-content\/uploads\/2023\/03\/Captura-de-Pantalla-2023-03-24-a-las-9.01.18-1024x575.jpg\" alt=\"\" class=\"wp-image-48839\" srcset=\"https:\/\/losperiodistas.com.mx\/portal\/wp-content\/uploads\/2023\/03\/Captura-de-Pantalla-2023-03-24-a-las-9.01.18-1024x575.jpg 1024w, https:\/\/losperiodistas.com.mx\/portal\/wp-content\/uploads\/2023\/03\/Captura-de-Pantalla-2023-03-24-a-las-9.01.18-300x169.jpg 300w, https:\/\/losperiodistas.com.mx\/portal\/wp-content\/uploads\/2023\/03\/Captura-de-Pantalla-2023-03-24-a-las-9.01.18-768x431.jpg 768w, https:\/\/losperiodistas.com.mx\/portal\/wp-content\/uploads\/2023\/03\/Captura-de-Pantalla-2023-03-24-a-las-9.01.18-1536x863.jpg 1536w, https:\/\/losperiodistas.com.mx\/portal\/wp-content\/uploads\/2023\/03\/Captura-de-Pantalla-2023-03-24-a-las-9.01.18.jpg 1880w\" sizes=\"(max-width: 1024px) 100vw, 1024px\" \/><figcaption><em>Manifestantes corren entre los gases lacrim\u00f3genos durante una manifestaci\u00f3n en Lyon, en el centro de Francia, el jueves 23 de marzo de 2023.\u00a0<\/em>\u00a0\u00a0&#8211;\u00a0\u00a0Derechos de autor\u00a0 Aurelien Morissard\/AP<\/figcaption><\/figure>\n\n\n\n<p><a href=\"https:\/\/es.euronews.com\/video\/2023\/03\/24\/mas-de-170-detenidos-durante-la-novena-jornada-de-huelgas-por-la-reforma-de-las-pensiones-\">VIDEO<\/a><\/p>\n\n\n\n<p class=\"has-vivid-red-color has-text-color has-medium-font-size\"><strong>ANELISE BORGES \/ EFE \/ EURONEWS<\/strong><\/p>\n\n\n\n<p>La gran movilizaci\u00f3n de&nbsp;<strong>cientos de miles de trabajadores franceses<\/strong>&nbsp;de este jueves en Francia se ha visto empa\u00f1ada por la violencia en&nbsp;<strong>Par\u00eds<\/strong>&nbsp;y otras ciudades. En la protesta convocada contra la reforma de las pensiones del presidente Emmanuel Macron, algunos manifestantes&nbsp;<strong>han destrozado mobiliario urbano y escaparates comerciales.<\/strong>&nbsp;<\/p>\n\n\n\n<p>M\u00e1s de 440 polic\u00edas y gendarmes han resultado heridos y&nbsp;<strong>m\u00e1s de 450&nbsp;personas han sido detenidas<\/strong>, seg\u00fan ha informado este jueves por la noche el Ministerio del Interior.<\/p>\n\n\n\n<p><strong>Seg\u00fan los sindicatos, unos 3 millones de personas han salido a la calle<\/strong>, seg\u00fan el Gobierno franc\u00e9s un mill\u00f3n de personas estuvieron protestando. La gran mayor\u00eda contra la reforma del sistema de pensiones del pa\u00eds. Una reforma muy controvertida que eleva la edad de jubilaci\u00f3n de los 62 a los 64 a\u00f1os, algo que la gran parte de la poblaci\u00f3n francesa no quiere que ocurra.<\/p>\n\n\n\n<p>Pero muchos manifestantes tambi\u00e9n expresaron su enfado y su preocupaci\u00f3n por c\u00f3mo lo hab\u00eda hecho el Gobierno franc\u00e9s. Eludi\u00f3 al Congreso para introducir la reforma, algo que mucha gente aqu\u00ed dice que es antidemocr\u00e1tico.<\/p>\n\n\n\n<ul class=\"has-cyan-bluish-gray-background-color has-background wp-block-list\"><li><a href=\"https:\/\/es.euronews.com\/2023\/03\/23\/francia-pulso-de-la-calle-a-macron-en-una-nueva-jornada-de-movilizacion-nacional\">Francia | Pulso de la calle a Macron en una nueva jornada de movilizaci\u00f3n nacional<\/a><\/li><\/ul>\n\n\n\n<p>Durante la jornada se han producido&nbsp;<strong>140 incendios en la capital<\/strong>, la mayor parte de ellos se han propiciado aprovechando mobiliario urbano o las monta\u00f1as de basura acumuladas en las calles tras dos semanas de huelga de recogida.&nbsp;3about:blank<\/p>\n\n\n\n<p>Se trata de la\u00a0<strong>sexta jornada de protestas que ha acabado con disturbios en las calles<\/strong>. El ministro de Interior ha se\u00f1alado que la polic\u00eda est\u00e1 analizando las im\u00e1genes de las c\u00e1maras de v\u00eddeo-vigilancia para tratar de identificar a los manifestanes violentos y que ha dado instrucciones para poder llevarlos ante los tribunales.<\/p>\n\n\n\n<p>Fuente: <a href=\"https:\/\/es.euronews.com\/2023\/03\/24\/mas-de-170-detenidos-durante-la-novena-jornada-de-huelgas-por-la-reforma-de-las-pensiones-\">https:\/\/es.euronews.com\/2023\/03\/24\/mas-de-170-detenidos-durante-la-novena-jornada-de-huelgas-por-la-reforma-de-las-pensiones-<\/a><\/p>\n","protected":false},"excerpt":{"rendered":"<p>VIDEO ANELISE BORGES \/ EFE \/ EURONEWS La gran movilizaci\u00f3n de&nbsp;cientos de miles de trabajadores franceses&nbsp;de este jueves en Francia [&hellip;]<\/p>\n","protected":false},"author":1,"featured_media":48839,"comment_status":"open","ping_status":"open","sticky":false,"template":"","format":"standard","meta":{"site-sidebar-layout":"default","site-content-layout":"","ast-site-content-layout":"default","site-content-style":"default","site-sidebar-style":"default","ast-global-header-display":"","ast-banner-title-visibility":"","ast-main-header-display":"","ast-hfb-above-header-display":"","ast-hfb-below-header-display":"","ast-hfb-mobile-header-display":"","site-post-title":"","ast-breadcrumbs-content":"","ast-featured-img":"","footer-sml-layout":"","theme-transparent-header-meta":"","adv-header-id-meta":"","stick-header-meta":"","header-above-stick-meta":"","header-main-stick-meta":"","header-below-stick-meta":"","astra-migrate-meta-layouts":"default","ast-page-background-enabled":"default","ast-page-background-meta":{"desktop":{"background-color":"var(--ast-global-color-4)","background-image":"","background-repeat":"repeat","background-position":"center center","background-size":"auto","background-attachment":"scroll","background-type":"","background-media":"","overlay-type":"","overlay-color":"","overlay-opacity":"","overlay-gradient":""},"tablet":{"background-color":"","background-image":"","background-repeat":"repeat","background-position":"center center","background-size":"auto","background-attachment":"scroll","background-type":"","background-media":"","overlay-type":"","overlay-color":"","overlay-opacity":"","overlay-gradient":""},"mobile":{"background-color":"","background-image":"","background-repeat":"repeat","background-position":"center center","background-size":"auto","background-attachment":"scroll","background-type":"","background-media":"","overlay-type":"","overlay-color":"","overlay-opacity":"","overlay-gradient":""}},"ast-content-background-meta":{"desktop":{"background-color":"var(--ast-global-color-5)","background-image":"","background-repeat":"repeat","background-position":"center center","background-size":"auto","background-attachment":"scroll","background-type":"","background-media":"","overlay-type":"","overlay-color":"","overlay-opacity":"","overlay-gradient":""},"tablet":{"background-color":"var(--ast-global-color-5)","background-image":"","background-repeat":"repeat","background-position":"center center","background-size":"auto","background-attachment":"scroll","background-type":"","background-media":"","overlay-type":"","overlay-color":"","overlay-opacity":"","overlay-gradient":""},"mobile":{"background-color":"var(--ast-global-color-5)","background-image":"","background-repeat":"repeat","background-position":"center center","background-size":"auto","background-attachment":"scroll","background-type":"","background-media":"","overlay-type":"","overlay-color":"","overlay-opacity":"","overlay-gradient":""}},"footnotes":""},"categories":[8],"tags":[6086,15691],"class_list":["post-48838","post","type-post","status-publish","format-standard","has-post-thumbnail","hentry","category-noticias","tag-emmanuel-macron","tag-huelgas-francia"],"_links":{"self":[{"href":"https:\/\/losperiodistas.com.mx\/portal\/wp-json\/wp\/v2\/posts\/48838","targetHints":{"allow":["GET"]}}],"collection":[{"href":"https:\/\/losperiodistas.com.mx\/portal\/wp-json\/wp\/v2\/posts"}],"about":[{"href":"https:\/\/losperiodistas.com.mx\/portal\/wp-json\/wp\/v2\/types\/post"}],"author":[{"embeddable":true,"href":"https:\/\/losperiodistas.com.mx\/portal\/wp-json\/wp\/v2\/users\/1"}],"replies":[{"embeddable":true,"href":"https:\/\/losperiodistas.com.mx\/portal\/wp-json\/wp\/v2\/comments?post=48838"}],"version-history":[{"count":1,"href":"https:\/\/losperiodistas.com.mx\/portal\/wp-json\/wp\/v2\/posts\/48838\/revisions"}],"predecessor-version":[{"id":48840,"href":"https:\/\/losperiodistas.com.mx\/portal\/wp-json\/wp\/v2\/posts\/48838\/revisions\/48840"}],"wp:featuredmedia":[{"embeddable":true,"href":"https:\/\/losperiodistas.com.mx\/portal\/wp-json\/wp\/v2\/media\/48839"}],"wp:attachment":[{"href":"https:\/\/losperiodistas.com.mx\/portal\/wp-json\/wp\/v2\/media?parent=48838"}],"wp:term":[{"taxonomy":"category","embeddable":true,"href":"https:\/\/losperiodistas.com.mx\/portal\/wp-json\/wp\/v2\/categories?post=48838"},{"taxonomy":"post_tag","embeddable":true,"href":"https:\/\/losperiodistas.com.mx\/portal\/wp-json\/wp\/v2\/tags?post=48838"}],"curies":[{"name":"wp","href":"https:\/\/api.w.org\/{rel}","templated":true}]}}