{"id":48750,"date":"2023-03-23T06:34:44","date_gmt":"2023-03-23T12:34:44","guid":{"rendered":"http:\/\/losperiodistas.com.mx\/portal\/?p=48750"},"modified":"2023-03-23T06:34:46","modified_gmt":"2023-03-23T12:34:46","slug":"imparable-inseguridad-en-el-centro-de-puebla","status":"publish","type":"post","link":"https:\/\/losperiodistas.com.mx\/portal\/imparable-inseguridad-en-el-centro-de-puebla\/","title":{"rendered":"<strong>Imparable inseguridad en el centro de Puebla<\/strong>"},"content":{"rendered":"\n<p><\/p>\n\n\n\n<p class=\"has-vivid-red-color has-text-color\" style=\"font-size:26px\"><strong><em>Por Fernando Manzanilla Prieto<\/em><\/strong><\/p>\n\n\n\n<p><\/p>\n\n\n\n<p>Hace algunos d\u00edas se hizo p\u00fablico el asalto que sufri\u00f3 la taquilla del Teatro Principal, a la cual los amantes de lo ajeno despojaron de un poco m\u00e1s de medio mill\u00f3n de pesos, producto por la reci\u00e9n iniciada venta de boletos para el palenque de la Feria de Puebla.<\/p>\n\n\n\n<p>El hecho llama mucho la atenci\u00f3n ya que el recinto donde se efect\u00fao el atraco est\u00e1 en pleno centro hist\u00f3rico de la capital y en donde se supondr\u00eda hay buena vigilancia y protecci\u00f3n, ya que adem\u00e1s se encuentra a unos pasos de Casa Aguayo. Afortunadamente en este incidente delictivo no se registraron p\u00e9rdidas humanas, sin embargo, se deja entrever que cada vez la delincuencia va ganando m\u00e1s terreno en la capital y va dejado a la ciudadan\u00eda a su merced.<\/p>\n\n\n\n<p>Precisamente, para el cuarto trimestre del a\u00f1o 2022, la percepci\u00f3n de inseguridad en el municipio aument\u00f3 9.82 % respecto del trimestre anterior, seg\u00fan datos de la Encuesta Nacional de Seguridad P\u00fablica (ENSU).<\/p>\n\n\n\n<p>Esto no s\u00f3lo es percepci\u00f3n, ya que de acuerdo con informaci\u00f3n de la Secretar\u00eda de Seguridad Ciudadana (SSC) de Puebla el centro de la ciudad fue la demarcaci\u00f3n con mayor n\u00famero de asaltos durante el 2022. Esta dependencia registr\u00f3 139 tan s\u00f3lo en el periodo de enero a octubre de ese a\u00f1o.<\/p>\n\n\n\n<p>Ha sido en este sentido que muchos ciudadanos han reportado que el patrullaje por parte de la polic\u00eda municipal por las calles es pr\u00e1cticamente nulo, lo cual es aprovechado por la delincuencia para actuar con libertad e impunidad.<\/p>\n\n\n\n<p>Desafortunadamente, no s\u00f3lo han sido los ciudadanos locales las v\u00edctimas de los malhechores, sino que adem\u00e1s es un problema que afecta a los visitantes, quienes en su mayor\u00eda quieren aprovechar su estancia para recorrer las calles del centro hist\u00f3rico.<\/p>\n\n\n\n<p>Incluso hay calles del centro a las que las propias personas locales te recomiendan no entrar con cosas de valor o llamativas a la vista.<\/p>\n\n\n\n<p>\u201cA m\u00ed ya me toc\u00f3 que me quitaran mi cadena de oro en la 8 poniente y 5 de mayo. Fui a hacer unas compras y de la nada lleg\u00f3 un chico y me la arranc\u00f3 sin que nadie pudiera hacer nada, primero porque lo hizo muy r\u00e1pido y segundo porque no hab\u00eda un solo polic\u00eda cerca\u201d, fue el comentario que me hizo do\u00f1a Amparo, una vecina de la colonia Loma Bella.<\/p>\n\n\n\n<p>Pero no s\u00f3lo se trata de llevar el celular en la mano o una cadena de oro, sino de delincuentes que sin el menor temor se acercan a las v\u00edctimas para despojarlas de los art\u00edculos menos imaginados.<\/p>\n\n\n\n<p>\u201cNo tiene mucho que fui a visitar la Iglesia del Se\u00f1or de las Maravillas y caminando por esa zona un jovencito se me acerc\u00f3 y me quit\u00f3 los aretes. Es incre\u00edble como act\u00faan de manera tan r\u00e1pida y \u00e1gil, mucho m\u00e1s porque saben que somos personas de la tercera edad. Ped\u00ed ayuda y no pudimos encontrar una patrulla o un polic\u00eda cerca\u201d, me dijo do\u00f1a Conchita, quien vive en el Infonavit de La Margarita.<\/p>\n\n\n\n<p>Desafortunadamente no se trata de casos aislados, por el contrario, son situaciones que frecuentemente ocurren en el centro de la ciudad y que incluso no se denuncian, por lo que no forman parte de una estad\u00edstica.<\/p>\n\n\n\n<p>Al respecto, no puede pasar desapercibido que tenemos en puerta la tradicional \u201cProcesi\u00f3n de Viernes Santo\u201d, un evento al que se espera acudan m\u00e1s de 100 mil personas y el cual se realiza en el centro hist\u00f3rico.<\/p>\n\n\n\n<p>El propio secretario de Econom\u00eda y Turismo, Alejandro Ca\u00f1edo Priesca, ha afirmado que el a\u00f1o pasado llegaron m\u00e1s de 2 millones 500 mil visitantes a este evento, de los cuales el 30 % es turismo religioso, ya que vienen a visitar al Se\u00f1or de las Maravillas y la Catedral de Puebla.<\/p>\n\n\n\n<p>En este sentido es importante que las autoridades emprendan operativos para salvaguardar la seguridad de los visitantes a estas actividades, pero que tambi\u00e9n lo hagan los otros 364 d\u00edas del a\u00f1o, ya que est\u00e1n descuidando la protecci\u00f3n de una de las zonas m\u00e1s importantes en la capital.<\/p>\n\n\n\n<p>Tampoco se trata s\u00f3lo del turismo, sino de proteger a cualquier ciudadano que tiene el derecho de visitar su centro hist\u00f3rico y disfrutarlo. Recordemos que desde 1987 el centro hist\u00f3rico de Puebla fue designado como Patrimonio Cultural de la Humanidad por la UNESCO, ya que en \u00e9l se alberga un amplio legado arquitect\u00f3nico y cultural.<\/p>\n\n\n\n<p>Esperemos que pronto se le ponga un alto a la delincuencia con estrategias efectivas y permanentes y que con ello siga creciendo el turismo y el comercio en una de las zonas m\u00e1s importantes para beneficio de los poblanos.<\/p>\n","protected":false},"excerpt":{"rendered":"<p>Por Fernando Manzanilla Prieto Hace algunos d\u00edas se hizo p\u00fablico el asalto que sufri\u00f3 la taquilla del Teatro Principal, a [&hellip;]<\/p>\n","protected":false},"author":1,"featured_media":48751,"comment_status":"open","ping_status":"open","sticky":false,"template":"","format":"standard","meta":{"site-sidebar-layout":"default","site-content-layout":"","ast-site-content-layout":"default","site-content-style":"default","site-sidebar-style":"default","ast-global-header-display":"","ast-banner-title-visibility":"","ast-main-header-display":"","ast-hfb-above-header-display":"","ast-hfb-below-header-display":"","ast-hfb-mobile-header-display":"","site-post-title":"","ast-breadcrumbs-content":"","ast-featured-img":"","footer-sml-layout":"","theme-transparent-header-meta":"","adv-header-id-meta":"","stick-header-meta":"","header-above-stick-meta":"","header-main-stick-meta":"","header-below-stick-meta":"","astra-migrate-meta-layouts":"default","ast-page-background-enabled":"default","ast-page-background-meta":{"desktop":{"background-color":"var(--ast-global-color-4)","background-image":"","background-repeat":"repeat","background-position":"center center","background-size":"auto","background-attachment":"scroll","background-type":"","background-media":"","overlay-type":"","overlay-color":"","overlay-opacity":"","overlay-gradient":""},"tablet":{"background-color":"","background-image":"","background-repeat":"repeat","background-position":"center center","background-size":"auto","background-attachment":"scroll","background-type":"","background-media":"","overlay-type":"","overlay-color":"","overlay-opacity":"","overlay-gradient":""},"mobile":{"background-color":"","background-image":"","background-repeat":"repeat","background-position":"center center","background-size":"auto","background-attachment":"scroll","background-type":"","background-media":"","overlay-type":"","overlay-color":"","overlay-opacity":"","overlay-gradient":""}},"ast-content-background-meta":{"desktop":{"background-color":"var(--ast-global-color-5)","background-image":"","background-repeat":"repeat","background-position":"center center","background-size":"auto","background-attachment":"scroll","background-type":"","background-media":"","overlay-type":"","overlay-color":"","overlay-opacity":"","overlay-gradient":""},"tablet":{"background-color":"var(--ast-global-color-5)","background-image":"","background-repeat":"repeat","background-position":"center center","background-size":"auto","background-attachment":"scroll","background-type":"","background-media":"","overlay-type":"","overlay-color":"","overlay-opacity":"","overlay-gradient":""},"mobile":{"background-color":"var(--ast-global-color-5)","background-image":"","background-repeat":"repeat","background-position":"center center","background-size":"auto","background-attachment":"scroll","background-type":"","background-media":"","overlay-type":"","overlay-color":"","overlay-opacity":"","overlay-gradient":""}},"footnotes":""},"categories":[24,8],"tags":[15669,4199],"class_list":["post-48750","post","type-post","status-publish","format-standard","has-post-thumbnail","hentry","category-fernando-manzanilla","category-noticias","tag-centro-historico-puela","tag-inseguridad"],"_links":{"self":[{"href":"https:\/\/losperiodistas.com.mx\/portal\/wp-json\/wp\/v2\/posts\/48750","targetHints":{"allow":["GET"]}}],"collection":[{"href":"https:\/\/losperiodistas.com.mx\/portal\/wp-json\/wp\/v2\/posts"}],"about":[{"href":"https:\/\/losperiodistas.com.mx\/portal\/wp-json\/wp\/v2\/types\/post"}],"author":[{"embeddable":true,"href":"https:\/\/losperiodistas.com.mx\/portal\/wp-json\/wp\/v2\/users\/1"}],"replies":[{"embeddable":true,"href":"https:\/\/losperiodistas.com.mx\/portal\/wp-json\/wp\/v2\/comments?post=48750"}],"version-history":[{"count":1,"href":"https:\/\/losperiodistas.com.mx\/portal\/wp-json\/wp\/v2\/posts\/48750\/revisions"}],"predecessor-version":[{"id":48752,"href":"https:\/\/losperiodistas.com.mx\/portal\/wp-json\/wp\/v2\/posts\/48750\/revisions\/48752"}],"wp:featuredmedia":[{"embeddable":true,"href":"https:\/\/losperiodistas.com.mx\/portal\/wp-json\/wp\/v2\/media\/48751"}],"wp:attachment":[{"href":"https:\/\/losperiodistas.com.mx\/portal\/wp-json\/wp\/v2\/media?parent=48750"}],"wp:term":[{"taxonomy":"category","embeddable":true,"href":"https:\/\/losperiodistas.com.mx\/portal\/wp-json\/wp\/v2\/categories?post=48750"},{"taxonomy":"post_tag","embeddable":true,"href":"https:\/\/losperiodistas.com.mx\/portal\/wp-json\/wp\/v2\/tags?post=48750"}],"curies":[{"name":"wp","href":"https:\/\/api.w.org\/{rel}","templated":true}]}}