{"id":48744,"date":"2023-03-23T06:03:56","date_gmt":"2023-03-23T12:03:56","guid":{"rendered":"http:\/\/losperiodistas.com.mx\/portal\/?p=48744"},"modified":"2023-03-23T06:03:58","modified_gmt":"2023-03-23T12:03:58","slug":"el-genoma-de-beethoven-revela-que-murio-con-hepatitis-b-la-vanguardia","status":"publish","type":"post","link":"https:\/\/losperiodistas.com.mx\/portal\/el-genoma-de-beethoven-revela-que-murio-con-hepatitis-b-la-vanguardia\/","title":{"rendered":"El genoma de Beethoven revela que muri\u00f3 con hepatitis B | La Vanguardia"},"content":{"rendered":"\n<p><\/p>\n\n\n\n<h2 class=\"has-light-green-cyan-background-color has-background has-medium-font-size wp-block-heading\">El ADN de cinco mechones del compositor aclara las circunstancias de su muerte<\/h2>\n\n\n\n<figure class=\"wp-block-image size-full is-style-default\"><img fetchpriority=\"high\" decoding=\"async\" width=\"948\" height=\"465\" src=\"https:\/\/losperiodistas.com.mx\/portal\/wp-content\/uploads\/2023\/03\/641ae6d21ffac.r_d.2007-944-3582.jpeg\" alt=\"\" class=\"wp-image-48745\" srcset=\"https:\/\/losperiodistas.com.mx\/portal\/wp-content\/uploads\/2023\/03\/641ae6d21ffac.r_d.2007-944-3582.jpeg 948w, https:\/\/losperiodistas.com.mx\/portal\/wp-content\/uploads\/2023\/03\/641ae6d21ffac.r_d.2007-944-3582-300x147.jpeg 300w, https:\/\/losperiodistas.com.mx\/portal\/wp-content\/uploads\/2023\/03\/641ae6d21ffac.r_d.2007-944-3582-768x377.jpeg 768w\" sizes=\"(max-width: 948px) 100vw, 948px\" \/><figcaption>Beethoven en su lecho de muerte en marzo de 1827&nbsp;Beethoven-Haus Bonn<\/figcaption><\/figure>\n\n\n\n<p class=\"has-vivid-red-color has-text-color has-medium-font-size\"><a href=\"https:\/\/www.lavanguardia.com\/autores\/josep-corbella.html\">JOSEP CORBELLA<\/a> \/ LA VANGUARDIA<\/p>\n\n\n\n<p><\/p>\n\n\n\n<p>Beethoven ten\u00eda el virus de la hepatitis B, adem\u00e1s de una predisposici\u00f3n gen\u00e9tica a la cirrosis, lo que, sumado a su elevado consumo de alcohol, explica la insuficiencia hep\u00e1tica que le caus\u00f3 la muerte a los 56 a\u00f1os en 1827. Es la conclusi\u00f3n que se desprende del an\u00e1lisis del genoma de cinco mechones de pelo atribuidos al compositor alem\u00e1n, realizado por un equipo cient\u00edfico internacional que presenta hoy los&nbsp;<a href=\"https:\/\/www.cell.com\/current-biology\/fulltext\/S0960-9822(23)00181-1\" rel=\"noreferrer noopener\" target=\"_blank\">resultados de sus ocho a\u00f1os de trabajo en la revista&nbsp;<em>Current Biology<\/em><\/a>.<\/p>\n\n\n\n<p>Los investigadores no han logrado aclarar la causa de la sordera de Beethoven, que se inici\u00f3 en su juventud y se agrav\u00f3 con el paso de los a\u00f1os. Tampoco de los problemas gastrointestinales recurrentes que le aquejaron, aunque el an\u00e1lisis de su genoma descarta que fuera cel\u00edaco e indica una baja probabilidad de enfermedad inflamatoria intestinal.<\/p>\n\n\n\n<p>Pero han descubierto que pudo ser un hijo ileg\u00edtimo, ya que su cromosoma Y es diferente del de otros hombres de su familia. Y que no sufri\u00f3 una intoxicaci\u00f3n por plomo, como se dedujo de un estudio anterior de un mech\u00f3n que ha resultado ser falso.<\/p>\n\n\n\n<h3 class=\"has-luminous-vivid-amber-background-color has-background has-medium-font-size wp-block-heading\">El an\u00e1lisis del genoma no ha aclarado la causa de la sordera del compositor<\/h3>\n\n\n\n<p>Fue el propio Beethoven quien pidi\u00f3 que se hiciera p\u00fablica su sordera tras su muerte, recuerdan los investigadores en Current Biology. Esto les motiv\u00f3 a aplicar t\u00e9cnicas de an\u00e1lisis de ADN antiguo a ocho mechones presuntamente correspondientes al compositor.<\/p>\n\n\n\n<p>Cinco de ellos son de un mismo hombre, con ancestros procedentes de las mismas regiones que la familia de Beethoven, y con un nivel de degradaci\u00f3n del ADN que indica que son de hace unos doscientos a\u00f1os. Esto, junto a los detalles conocidos sobre el origen de los mechones, \u201cnos indica que son aut\u00e9nticos con una seguridad casi total\u201d, declar\u00f3 ayer en rueda de prensa Tristan Begg, primer autor del trabajo, del Instituto Max Planck de Antropolog\u00eda Evolutiva en Leipzig (Alemania) y de la Universidad de Cambridge (Reino Unido).<\/p>\n\n\n\n<figure class=\"wp-block-image size-full is-style-default\"><img decoding=\"async\" width=\"566\" height=\"462\" src=\"https:\/\/losperiodistas.com.mx\/portal\/wp-content\/uploads\/2023\/03\/641ae7782bef0.jpeg\" alt=\"\" class=\"wp-image-48746\" srcset=\"https:\/\/losperiodistas.com.mx\/portal\/wp-content\/uploads\/2023\/03\/641ae7782bef0.jpeg 566w, https:\/\/losperiodistas.com.mx\/portal\/wp-content\/uploads\/2023\/03\/641ae7782bef0-300x245.jpeg 300w\" sizes=\"(max-width: 566px) 100vw, 566px\" \/><figcaption>El mech\u00f3n de Stumpff, el que tiene el ADN mejor conservado de los cinco atribuidos a Beethoven&nbsp;Kevin Brown<\/figcaption><\/figure>\n\n\n\n<p>El an\u00e1lisis de otros dos mechones no ha podido confirmar que sean aut\u00e9nticos.<\/p>\n\n\n\n<p>El que seguro que es falso es el mech\u00f3n de Hiller, el m\u00e1s famoso de los atribuidos a Beethoven, que el joven m\u00fasico Ferdinand Hiller supuestamente cort\u00f3 tras la muerte del maestro y que, tras una azarosa historia, acab\u00f3 siendo vendido por 7.300 d\u00f3lares en una subasta en Sotheby\u2019s en 1994. Ha resultado tener dos cromosomas X, lo que indica que es de una mujer.<\/p>\n\n\n\n<h3 class=\"has-luminous-vivid-amber-background-color has-background wp-block-heading\">Beethoven, que consum\u00eda alcohol en abundancia, ten\u00eda una alta predisposici\u00f3n gen\u00e9tica a la cirrosis&nbsp;<\/h3>\n\n\n\n<p>El an\u00e1lisis de los mechones considerados aut\u00e9nticos ha revelado que Beethoven ten\u00eda la alteraci\u00f3n gen\u00e9tica que m\u00e1s aumenta el riesgo de desarrollar cirrosis, situada en el gen PNPLA3. Hab\u00eda heredado esta alteraci\u00f3n tanto de su padre como de su madre, por lo que la ten\u00eda repetida en las dos copias del gen.<\/p>\n\n\n\n<p>Adem\u00e1s, se ha encontrado el genoma de virus de la hepatitis B en el llamado mech\u00f3n de Stumpff, el que tiene el ADN mejor conservado de los cinco y que fue cortado poco despu\u00e9s de la muerte del m\u00fasico. \u201cComo el cabello crece a partir del cuero cabelludo, significa que ten\u00eda la infecci\u00f3n poco antes de morir\u201d, declar\u00f3 en la rueda de prensa Johannes Krause, investigador principal del proyecto, del Instituto Max Planck de Antropolog\u00eda Evolutiva.<\/p>\n\n\n\n<figure class=\"wp-block-image size-full is-style-default\"><img decoding=\"async\" width=\"566\" height=\"318\" src=\"https:\/\/losperiodistas.com.mx\/portal\/wp-content\/uploads\/2023\/03\/641ae81064aab.jpeg\" alt=\"\" class=\"wp-image-48747\" srcset=\"https:\/\/losperiodistas.com.mx\/portal\/wp-content\/uploads\/2023\/03\/641ae81064aab.jpeg 566w, https:\/\/losperiodistas.com.mx\/portal\/wp-content\/uploads\/2023\/03\/641ae81064aab-300x169.jpeg 300w\" sizes=\"(max-width: 566px) 100vw, 566px\" \/><figcaption>An\u00e1lisis del mech\u00f3n de Stumpff de Beethoven&nbsp;Anthi Tiliakou<\/figcaption><\/figure>\n\n\n\n<p>La investigaci\u00f3n no aclara en qu\u00e9 momento contrajo Beethoven la hepatitis, pero el hecho de que sufriera un primer episodio de ictericia en el verano de 1821 indica que pudo ser en aquella \u00e9poca, cuando ten\u00eda 50 a\u00f1os.<\/p>\n\n\n\n<p>El genoma no aporta nuevos datos sobre cu\u00e1nto alcohol beb\u00eda Beethoven. Sus libros de conversaciones -que llevaba para poder dialogar por escrito con sus amigos- indican que \u201csu consumo de alcohol era muy constante, aunque es dif\u00edcil estimar la cantidad\u201d, seg\u00fan Tristan Begg. \u201cProbablemente era una cantidad de alcohol que hoy sabemos que es da\u00f1ina para el h\u00edgado\u201d.<\/p>\n\n\n\n<h3 class=\"has-luminous-vivid-amber-background-color has-background wp-block-heading\">Su cromosoma Y no coincide con el de otros hombres de su familia, lo que indica que pudo ser un hijo ileg\u00edtimo<\/h3>\n\n\n\n<p>\u201cPensamos que la enfermedad hep\u00e1tica que llev\u00f3 a su muerte fue producto de la combinaci\u00f3n de su predisposici\u00f3n gen\u00e9tica, su bien documentado consumo de alcohol y la hepatitis B\u201d, declar\u00f3 Markus N\u00f6then, coautor de la investigaci\u00f3n.<\/p>\n\n\n\n<p>Sobre la causa de su sordera, no se ha encontrado ninguna alteraci\u00f3n gen\u00e9tica que pueda explicarla. Las hip\u00f3tesis de que pudo deberse a la otoesclerosis (enfermedad que afecta a los huesos del o\u00eddo medio) o a la enfermedad de Paget (que tambi\u00e9n afecta a los huesos) no se han podido confirmar ni refutar. \u201cSolo hemos podido secuenciar con un elevado nivel de fiabilidad dos tercios de su genoma; no podemos hacer ninguna afirmaci\u00f3n definitiva en este momento\u201d, explic\u00f3 Begg. Los datos del genoma de Beethoven ser\u00e1n de acceso p\u00fablico de modo que, si en el futuro se descubren m\u00e1s alteraciones gen\u00e9ticas relacionadas con la sordera, se pueda comprobar si ten\u00eda alguna de ellas.<\/p>\n\n\n\n<h3 class=\"has-luminous-vivid-amber-background-color has-background wp-block-heading\">El famoso mech\u00f3n de Hiller ha resultado ser falso, lo que desmiente que Beethoven sufriera una intoxicaci\u00f3n por plomo&nbsp;<\/h3>\n\n\n\n<p>El resultado m\u00e1s sorprendente de la investigaci\u00f3n es que el cromosoma Y del compositor es distinto del de otros cinco hombres de la familia Beethoven que se han prestado a participar en el proyecto. Todos ellos son descendientes de Aert van Beethoven (1535-1609), que tuvo cuatro hijos y una hija. Esto significa que, en alg\u00fan momento entre finales del siglo XVI y el nacimiento de Ludwig en 1770, un hombre ajeno a la familia Beethoven introdujo su cromosoma Y en la familia.<\/p>\n\n\n\n<p>\u201cSi sabemos que ha habido un acontecimiento de fuera de la pareja en alg\u00fan punto de las siete generaciones anteriores a Beethoven, no podemos descartar que el propio Beethoven fuera ileg\u00edtimo\u201d, declar\u00f3 Begg. \u201cNo decimos que lo fuera; solo decimos que es una posibilidad que hay que considerar\u201d.<\/p>\n\n\n\n<p>Fuente: <a href=\"https:\/\/www.lavanguardia.com\/ciencia\/20230322\/8844042\/genoma-beethoven-revela-murio-hepatitis-b.html\">https:\/\/www.lavanguardia.com\/ciencia\/20230322\/8844042\/genoma-beethoven-revela-murio-hepatitis-b.html<\/a><\/p>\n","protected":false},"excerpt":{"rendered":"<p>El ADN de cinco mechones del compositor aclara las circunstancias de su muerte JOSEP CORBELLA \/ LA VANGUARDIA Beethoven ten\u00eda [&hellip;]<\/p>\n","protected":false},"author":1,"featured_media":48745,"comment_status":"open","ping_status":"open","sticky":false,"template":"","format":"standard","meta":{"site-sidebar-layout":"default","site-content-layout":"","ast-site-content-layout":"default","site-content-style":"default","site-sidebar-style":"default","ast-global-header-display":"","ast-banner-title-visibility":"","ast-main-header-display":"","ast-hfb-above-header-display":"","ast-hfb-below-header-display":"","ast-hfb-mobile-header-display":"","site-post-title":"","ast-breadcrumbs-content":"","ast-featured-img":"","footer-sml-layout":"","theme-transparent-header-meta":"","adv-header-id-meta":"","stick-header-meta":"","header-above-stick-meta":"","header-main-stick-meta":"","header-below-stick-meta":"","astra-migrate-meta-layouts":"default","ast-page-background-enabled":"default","ast-page-background-meta":{"desktop":{"background-color":"var(--ast-global-color-4)","background-image":"","background-repeat":"repeat","background-position":"center center","background-size":"auto","background-attachment":"scroll","background-type":"","background-media":"","overlay-type":"","overlay-color":"","overlay-opacity":"","overlay-gradient":""},"tablet":{"background-color":"","background-image":"","background-repeat":"repeat","background-position":"center center","background-size":"auto","background-attachment":"scroll","background-type":"","background-media":"","overlay-type":"","overlay-color":"","overlay-opacity":"","overlay-gradient":""},"mobile":{"background-color":"","background-image":"","background-repeat":"repeat","background-position":"center center","background-size":"auto","background-attachment":"scroll","background-type":"","background-media":"","overlay-type":"","overlay-color":"","overlay-opacity":"","overlay-gradient":""}},"ast-content-background-meta":{"desktop":{"background-color":"var(--ast-global-color-5)","background-image":"","background-repeat":"repeat","background-position":"center center","background-size":"auto","background-attachment":"scroll","background-type":"","background-media":"","overlay-type":"","overlay-color":"","overlay-opacity":"","overlay-gradient":""},"tablet":{"background-color":"var(--ast-global-color-5)","background-image":"","background-repeat":"repeat","background-position":"center center","background-size":"auto","background-attachment":"scroll","background-type":"","background-media":"","overlay-type":"","overlay-color":"","overlay-opacity":"","overlay-gradient":""},"mobile":{"background-color":"var(--ast-global-color-5)","background-image":"","background-repeat":"repeat","background-position":"center center","background-size":"auto","background-attachment":"scroll","background-type":"","background-media":"","overlay-type":"","overlay-color":"","overlay-opacity":"","overlay-gradient":""}},"footnotes":""},"categories":[8],"tags":[15666,15668,15667],"class_list":["post-48744","post","type-post","status-publish","format-standard","has-post-thumbnail","hentry","category-noticias","tag-beethoven","tag-estudio-genetico","tag-hepatitis-b"],"_links":{"self":[{"href":"https:\/\/losperiodistas.com.mx\/portal\/wp-json\/wp\/v2\/posts\/48744","targetHints":{"allow":["GET"]}}],"collection":[{"href":"https:\/\/losperiodistas.com.mx\/portal\/wp-json\/wp\/v2\/posts"}],"about":[{"href":"https:\/\/losperiodistas.com.mx\/portal\/wp-json\/wp\/v2\/types\/post"}],"author":[{"embeddable":true,"href":"https:\/\/losperiodistas.com.mx\/portal\/wp-json\/wp\/v2\/users\/1"}],"replies":[{"embeddable":true,"href":"https:\/\/losperiodistas.com.mx\/portal\/wp-json\/wp\/v2\/comments?post=48744"}],"version-history":[{"count":1,"href":"https:\/\/losperiodistas.com.mx\/portal\/wp-json\/wp\/v2\/posts\/48744\/revisions"}],"predecessor-version":[{"id":48749,"href":"https:\/\/losperiodistas.com.mx\/portal\/wp-json\/wp\/v2\/posts\/48744\/revisions\/48749"}],"wp:featuredmedia":[{"embeddable":true,"href":"https:\/\/losperiodistas.com.mx\/portal\/wp-json\/wp\/v2\/media\/48745"}],"wp:attachment":[{"href":"https:\/\/losperiodistas.com.mx\/portal\/wp-json\/wp\/v2\/media?parent=48744"}],"wp:term":[{"taxonomy":"category","embeddable":true,"href":"https:\/\/losperiodistas.com.mx\/portal\/wp-json\/wp\/v2\/categories?post=48744"},{"taxonomy":"post_tag","embeddable":true,"href":"https:\/\/losperiodistas.com.mx\/portal\/wp-json\/wp\/v2\/tags?post=48744"}],"curies":[{"name":"wp","href":"https:\/\/api.w.org\/{rel}","templated":true}]}}