{"id":48739,"date":"2023-03-23T05:47:32","date_gmt":"2023-03-23T11:47:32","guid":{"rendered":"http:\/\/losperiodistas.com.mx\/portal\/?p=48739"},"modified":"2023-03-23T05:47:36","modified_gmt":"2023-03-23T11:47:36","slug":"osorio-chong-deja-coordinacion-del-pri-en-el-senado-denuncia-presiones-de-alejandro-moreno-animal-politico","status":"publish","type":"post","link":"https:\/\/losperiodistas.com.mx\/portal\/osorio-chong-deja-coordinacion-del-pri-en-el-senado-denuncia-presiones-de-alejandro-moreno-animal-politico\/","title":{"rendered":"Osorio Chong deja coordinaci\u00f3n del PRI en el Senado; denuncia presiones de Alejandro Moreno | Animal Pol\u00edtico"},"content":{"rendered":"\n<p class=\"has-luminous-vivid-amber-background-color has-background has-medium-font-size\">Osorio Chong dijo que el dirigente nacional del PRI utiliz\u00f3 a los senadores Manuel A\u00f1orve y Mario Zamora para presionar a integrantes del grupo parlamentario.<\/p>\n\n\n\n<figure class=\"wp-block-image size-full is-style-default\"><img fetchpriority=\"high\" decoding=\"async\" width=\"960\" height=\"617\" src=\"https:\/\/losperiodistas.com.mx\/portal\/wp-content\/uploads\/2023\/03\/osorio-chong-coordinacion-pri-senado-alejandro-moreno.jpg\" alt=\"\" class=\"wp-image-48740\" srcset=\"https:\/\/losperiodistas.com.mx\/portal\/wp-content\/uploads\/2023\/03\/osorio-chong-coordinacion-pri-senado-alejandro-moreno.jpg 960w, https:\/\/losperiodistas.com.mx\/portal\/wp-content\/uploads\/2023\/03\/osorio-chong-coordinacion-pri-senado-alejandro-moreno-300x193.jpg 300w, https:\/\/losperiodistas.com.mx\/portal\/wp-content\/uploads\/2023\/03\/osorio-chong-coordinacion-pri-senado-alejandro-moreno-768x494.jpg 768w\" sizes=\"(max-width: 960px) 100vw, 960px\" \/><figcaption>Cuartoscuro<\/figcaption><\/figure>\n\n\n\n<p class=\"has-vivid-red-color has-text-color has-medium-font-size\"><strong>REDACCI\u00d3N ANIMAL POL\u00cdTICO<\/strong><\/p>\n\n\n\n<p><strong>Miguel \u00c1ngel Osorio Chong<\/strong>&nbsp;dej\u00f3 de ser el coordinador del Grupo Parlamentario del&nbsp;<strong>PRI<\/strong>&nbsp;en el Senado, y aunque anunci\u00f3 que no renunciar\u00e1 a la militancia, su partido pasar\u00e1 de 13 a 12 esca\u00f1os.<\/p>\n\n\n\n<p>En un mensaje a medios y tras una asamblea con senadores del PRI, el exsecretario de Gobernaci\u00f3n en el gobierno de Enrique Pe\u00f1a Nieto denunci\u00f3 presiones del dirigente nacional del partido,&nbsp;<strong>Alejandro Moreno<\/strong>, en la decisi\u00f3n.<\/p>\n\n\n\n<p>\u201cHoy les he dejado la coordinaci\u00f3n para sus pretensiones, como saben vino Alejandro Moreno aqu\u00ed a conducir su acci\u00f3n cuando por la ma\u00f1ana dijo, en un noticiero, que no ten\u00eda nada que ver. Vino \u00e9l y sus dos de sus fieles colaboradores, a ver que no se les saliera nada, tra\u00edan un gui\u00f3n estructurado\u201d, dijo ante medios de comunicaci\u00f3n.<\/p>\n\n\n\n<p>Osorio Chong dijo que el dirigente nacional del PRI utiliz\u00f3 a los senadores\u00a0<strong>Manuel A\u00f1orve y Mario Zamora<\/strong>\u00a0para generar presiones en el grupo parlamentario.<\/p>\n\n\n\n<figure class=\"wp-block-embed is-type-rich is-provider-twitter wp-block-embed-twitter\"><div class=\"wp-block-embed__wrapper\">\n<blockquote class=\"twitter-tweet\" data-width=\"500\" data-dnt=\"true\"><p lang=\"es\" dir=\"ltr\">\u25b6\ufe0f <a href=\"https:\/\/twitter.com\/hashtag\/%C3%9ALTIMAHORA?src=hash&amp;ref_src=twsrc%5Etfw\">#\u00daLTIMAHORA<\/a> | Miguel \u00c1ngel Osorio Chong deja coordinaci\u00f3n del PRI en el Senado, asegura que no renunciar\u00e1 al partido<br><br>\ud83d\udcfa Los detalles con <a href=\"https:\/\/twitter.com\/elisaalanis?ref_src=twsrc%5Etfw\">@elisaalanis<\/a> <a href=\"https:\/\/t.co\/c6BlJ9nK1a\">pic.twitter.com\/c6BlJ9nK1a<\/a><\/p>&mdash; Milenio (@Milenio) <a href=\"https:\/\/twitter.com\/Milenio\/status\/1638733026074009601?ref_src=twsrc%5Etfw\">March 23, 2023<\/a><\/blockquote><script async src=\"https:\/\/platform.twitter.com\/widgets.js\" charset=\"utf-8\"><\/script>\n<\/div><\/figure>\n\n\n\n<p>\u201cBuscaron entonces, faltando a lo que hab\u00edamos acordado, arrebatar la coordinaci\u00f3n del grupo parlamentario y tiene su raz\u00f3n, es que a Alejandro Moreno no le gust\u00f3 lo que interpusimos en recursos muchos priistas para evitar su Porfiriato, quedarse en el partido mucho tiempo m\u00e1s\u201d, dijo sobre&nbsp;<a href=\"https:\/\/www.animalpolitico.com\/politica\/ine-invalida-reforma-que-permitia-a-alejandro-moreno-extender-dirigencia-pri-2024\">la invalidaci\u00f3n a la reforma a los estatutos del PRI que permit\u00eda a Alejandro Moreno C\u00e1rdenas seguir en la dirigencia nacional del partido hasta 2024.<\/a><\/p>\n\n\n\n<p>La dirigencia nacional del PRI ha dicho que agotar\u00e1n todas las instancias legales para que se respeten las modificaciones de sus estatutos.<\/p>\n\n\n\n<p>El partido rechaz\u00f3 que las modificaciones estatutarias consistieran en la extensi\u00f3n del mandato de la dirigencia nacional, sino que \u00e9stas intentaban adecuar los estatutos al \u201cplan B\u201d.https:\/\/4afce577b3a36f160a34fe72cbc8476e.safeframe.googlesyndication.com\/safeframe\/1-0-40\/html\/container.html<\/p>\n\n\n\n<p>Seg\u00fan el PRI, la facultad de su Consejo Pol\u00edtico Nacional para determinar una pr\u00f3rroga a\u00a0<a href=\"https:\/\/www.animalpolitico.com\/2022\/06\/osorio-chong-insiste-en-renovar-dirigencia-del-pri-ira-al-ine\">la dirigencia nacional<\/a>\u00a0fue aprobada desde el 2020 por unanimidad en el Consejo General del INE y confirmada por el Tribunal Electoral, por lo que sigue vigente.<\/p>\n\n\n\n<p>Fuente: <a href=\"https:\/\/www.animalpolitico.com\/politica\/osorio-chong-coordinacion-pri-senado-alejandro-moreno\">https:\/\/www.animalpolitico.com\/politica\/osorio-chong-coordinacion-pri-senado-alejandro-moreno<\/a><\/p>\n","protected":false},"excerpt":{"rendered":"<p>Osorio Chong dijo que el dirigente nacional del PRI utiliz\u00f3 a los senadores Manuel A\u00f1orve y Mario Zamora para presionar [&hellip;]<\/p>\n","protected":false},"author":1,"featured_media":48740,"comment_status":"open","ping_status":"open","sticky":false,"template":"","format":"standard","meta":{"site-sidebar-layout":"default","site-content-layout":"","ast-site-content-layout":"default","site-content-style":"default","site-sidebar-style":"default","ast-global-header-display":"","ast-banner-title-visibility":"","ast-main-header-display":"","ast-hfb-above-header-display":"","ast-hfb-below-header-display":"","ast-hfb-mobile-header-display":"","site-post-title":"","ast-breadcrumbs-content":"","ast-featured-img":"","footer-sml-layout":"","theme-transparent-header-meta":"","adv-header-id-meta":"","stick-header-meta":"","header-above-stick-meta":"","header-main-stick-meta":"","header-below-stick-meta":"","astra-migrate-meta-layouts":"default","ast-page-background-enabled":"default","ast-page-background-meta":{"desktop":{"background-color":"var(--ast-global-color-4)","background-image":"","background-repeat":"repeat","background-position":"center center","background-size":"auto","background-attachment":"scroll","background-type":"","background-media":"","overlay-type":"","overlay-color":"","overlay-opacity":"","overlay-gradient":""},"tablet":{"background-color":"","background-image":"","background-repeat":"repeat","background-position":"center center","background-size":"auto","background-attachment":"scroll","background-type":"","background-media":"","overlay-type":"","overlay-color":"","overlay-opacity":"","overlay-gradient":""},"mobile":{"background-color":"","background-image":"","background-repeat":"repeat","background-position":"center center","background-size":"auto","background-attachment":"scroll","background-type":"","background-media":"","overlay-type":"","overlay-color":"","overlay-opacity":"","overlay-gradient":""}},"ast-content-background-meta":{"desktop":{"background-color":"var(--ast-global-color-5)","background-image":"","background-repeat":"repeat","background-position":"center center","background-size":"auto","background-attachment":"scroll","background-type":"","background-media":"","overlay-type":"","overlay-color":"","overlay-opacity":"","overlay-gradient":""},"tablet":{"background-color":"var(--ast-global-color-5)","background-image":"","background-repeat":"repeat","background-position":"center center","background-size":"auto","background-attachment":"scroll","background-type":"","background-media":"","overlay-type":"","overlay-color":"","overlay-opacity":"","overlay-gradient":""},"mobile":{"background-color":"var(--ast-global-color-5)","background-image":"","background-repeat":"repeat","background-position":"center center","background-size":"auto","background-attachment":"scroll","background-type":"","background-media":"","overlay-type":"","overlay-color":"","overlay-opacity":"","overlay-gradient":""}},"footnotes":""},"categories":[8],"tags":[10782,4573,1978,3299],"class_list":["post-48739","post","type-post","status-publish","format-standard","has-post-thumbnail","hentry","category-noticias","tag-alito-moreno","tag-osorio-chong","tag-pri","tag-senado-mexico"],"_links":{"self":[{"href":"https:\/\/losperiodistas.com.mx\/portal\/wp-json\/wp\/v2\/posts\/48739","targetHints":{"allow":["GET"]}}],"collection":[{"href":"https:\/\/losperiodistas.com.mx\/portal\/wp-json\/wp\/v2\/posts"}],"about":[{"href":"https:\/\/losperiodistas.com.mx\/portal\/wp-json\/wp\/v2\/types\/post"}],"author":[{"embeddable":true,"href":"https:\/\/losperiodistas.com.mx\/portal\/wp-json\/wp\/v2\/users\/1"}],"replies":[{"embeddable":true,"href":"https:\/\/losperiodistas.com.mx\/portal\/wp-json\/wp\/v2\/comments?post=48739"}],"version-history":[{"count":1,"href":"https:\/\/losperiodistas.com.mx\/portal\/wp-json\/wp\/v2\/posts\/48739\/revisions"}],"predecessor-version":[{"id":48743,"href":"https:\/\/losperiodistas.com.mx\/portal\/wp-json\/wp\/v2\/posts\/48739\/revisions\/48743"}],"wp:featuredmedia":[{"embeddable":true,"href":"https:\/\/losperiodistas.com.mx\/portal\/wp-json\/wp\/v2\/media\/48740"}],"wp:attachment":[{"href":"https:\/\/losperiodistas.com.mx\/portal\/wp-json\/wp\/v2\/media?parent=48739"}],"wp:term":[{"taxonomy":"category","embeddable":true,"href":"https:\/\/losperiodistas.com.mx\/portal\/wp-json\/wp\/v2\/categories?post=48739"},{"taxonomy":"post_tag","embeddable":true,"href":"https:\/\/losperiodistas.com.mx\/portal\/wp-json\/wp\/v2\/tags?post=48739"}],"curies":[{"name":"wp","href":"https:\/\/api.w.org\/{rel}","templated":true}]}}