{"id":48736,"date":"2023-03-23T05:40:13","date_gmt":"2023-03-23T11:40:13","guid":{"rendered":"http:\/\/losperiodistas.com.mx\/portal\/?p=48736"},"modified":"2023-03-23T05:40:14","modified_gmt":"2023-03-23T11:40:14","slug":"tv-azteca-en-picada-acciones-caen-31-38-tras-pedido-de-acreedores-a-declararse-en-quiebra-la-lista","status":"publish","type":"post","link":"https:\/\/losperiodistas.com.mx\/portal\/tv-azteca-en-picada-acciones-caen-31-38-tras-pedido-de-acreedores-a-declararse-en-quiebra-la-lista\/","title":{"rendered":"TV Azteca en picada: acciones caen 31.38% tras pedido de acreedores a declararse en quiebra | La-Lista"},"content":{"rendered":"\n<p class=\"has-background has-medium-font-size\" style=\"background-color:#33f82e\">La acciones de TV Azteca cayeron en la BMV, un d\u00eda despu\u00e9s de que tres de sus acreedores le solicitaran declararse en bancarrota.<\/p>\n\n\n\n<figure class=\"wp-block-image size-large is-style-default\"><img fetchpriority=\"high\" decoding=\"async\" width=\"1024\" height=\"683\" src=\"https:\/\/losperiodistas.com.mx\/portal\/wp-content\/uploads\/2023\/03\/acciones-tv-azteca-valor-1024x683.jpg\" alt=\"\" class=\"wp-image-48737\" srcset=\"https:\/\/losperiodistas.com.mx\/portal\/wp-content\/uploads\/2023\/03\/acciones-tv-azteca-valor-1024x683.jpg 1024w, https:\/\/losperiodistas.com.mx\/portal\/wp-content\/uploads\/2023\/03\/acciones-tv-azteca-valor-300x200.jpg 300w, https:\/\/losperiodistas.com.mx\/portal\/wp-content\/uploads\/2023\/03\/acciones-tv-azteca-valor-768x512.jpg 768w, https:\/\/losperiodistas.com.mx\/portal\/wp-content\/uploads\/2023\/03\/acciones-tv-azteca-valor.jpg 1280w\" sizes=\"(max-width: 1024px) 100vw, 1024px\" \/><figcaption>La televisora mexicana enfrenta problema de deudas. Foto: TV Azteca\/Facebook.<\/figcaption><\/figure>\n\n\n\n<p class=\"has-vivid-red-color has-text-color has-medium-font-size\"><strong>REDACCI\u00d3N LA-LISTA<\/strong><\/p>\n\n\n\n<p>Las acciones de TV Azteca se desplomaron en la sesi\u00f3n de hoy en la Bolsa Mexicana de Valores (BMV), un d\u00eda despu\u00e9s de que tres de sus acreedores le solicitan declararse en quiebra.&nbsp;<\/p>\n\n\n\n<p><a href=\"https:\/\/www.bmv.com.mx\/es\/mercados\/cotizacion\/695\" target=\"_blank\" rel=\"noreferrer noopener\">Al cierre de las operaciones de este mi\u00e9rcoles 22 de marzo<\/a>, los t\u00edtulos de la televisora propiedad de Ricardo Salinas Pliego perdieron un 31.38% de su valor, para ubicarse en 0.49 pesos por acci\u00f3n.&nbsp;<\/p>\n\n\n\n<p>De acuerdo con el recuento de Bloomberg, el precio de las acciones de TV Azteca est\u00e1 en su valor m\u00e1s bajo, desde febrero de 2021.\u00a0<\/p>\n\n\n\n<p class=\"has-cyan-bluish-gray-background-color has-background\">No te pierdas:<a href=\"https:\/\/la-lista.com\/economia\/2023\/03\/21\/acreedores-de-tv-azteca-piden-que-la-empresa-se-declare-en-quiebra\">Acreedores de TV Azteca piden que la empresa se declare en quiebra\u00a0<\/a><\/p>\n\n\n\n<p>El desempe\u00f1o de la televisora fue el peor de la sesi\u00f3n de este d\u00eda en la BMV, pues fue la de mayor variaci\u00f3n a la baja del principal \u00edndice burs\u00e1til, seguido de CI Banco, Grupo Famsa, Value Grupo Financiero, y Femsa.<\/p>\n\n\n\n<p>Este 21 de marzo, lenisfer Investments SICAV, Cyrus Capital Partners y Sandpiper Ltd, presentaron ante las autoridades de Estados Unidos una petici\u00f3n para que TV Azteca se declare en quiebra ante la falta de pago de sus deudas.<\/p>\n\n\n\n<p>Los acreedores denuncian eu la empresa de Salinas Pliego ha incumplido con los pagos de la deuda, que es de 63.32 millones de d\u00f3lares.<\/p>\n\n\n\n<figure class=\"wp-block-image is-style-default\"><img decoding=\"async\" src=\"https:\/\/i0.wp.com\/la-lista.com\/wp-content\/uploads\/2022\/04\/tv-azteca-multa.jpg?resize=800%2C533&amp;ssl=1\" alt=\"TV Azteca en picada: acciones caen 31.38% tras pedido de acreedores a declararse en quiebra - tv-azteca-multa\" class=\"wp-image-175179\"\/><figcaption>Ricardo Salinas Pliego, due\u00f1o de TV Azteca. Foto: Ricardo Salinas Pliego\/Facebook.<\/figcaption><\/figure>\n\n\n\n<p>La deuda a Plenisfer Investments SICAV asciende a 11.6 millones de d\u00f3lares; con Cyrus Capital Partners es de 27.4 millones de d\u00f3lares; y con Sandpiper Ltd a 24.2 millones de d\u00f3lares.<\/p>\n\n\n\n<p>Ya desde el a\u00f1o pasado, los acreedores hab\u00edan acusado que la televisora incumpli\u00f3 con un pago de 400 millones de d\u00f3lares, correspondientes a los bonos de 2021.<\/p>\n\n\n\n<p>Tras ello, la televisora mexicana envi\u00f3&nbsp;<a href=\"https:\/\/www.bmv.com.mx\/es\/emisoras\/eventosrelevantes\/AZTECA-5730-CGEN_CAPIT\" target=\"_blank\" rel=\"noreferrer noopener\">un comunicado<\/a>&nbsp;a la BMV, en el que llam\u00f3 a sus acreedores a sostener un di\u00e1logo y alcanzar un acuerdo.<\/p>\n\n\n\n<p>\u201cTV Azteca reitera nuevamente su compromiso y disposici\u00f3n al di\u00e1logo a fin de alcanzar un acuerdo favorable para todas las partes con los tenedores de deuda de bono con vencimiento en 2024\u201d, apunt\u00f3.\u00a0<\/p>\n\n\n\n<p class=\"has-cyan-bluish-gray-background-color has-background\">No te pierdas:<a href=\"https:\/\/la-lista.com\/economia\/2022\/08\/10\/tv-azteca-debera-pagar-2-mil-615-mdp-al-sat-confirma-el-tfja\">TV Azteca deber\u00e1 pagar 2 mil 615 mdp al SAT, confirma el TFJA<\/a><\/p>\n\n\n\n<p>La televisora inici\u00f3 operaciones el 2 de agosto de 1993, luego de que el gobierno impulsara la privatizaci\u00f3n del canal p\u00fablico Imevisi\u00f3n y le otorgara la licitaci\u00f3n de operaci\u00f3n al Grupo Salinas.&nbsp;<\/p>\n\n\n\n<p>Actualmente, el canal cuenta con las se\u00f1ales Azteca Uno, Azteca 7, adn40 y a m\u00e1s+.<\/p>\n\n\n\n<p>TV Azteca tambi\u00e9n es due\u00f1a del equipo de futbol Mazatl\u00e1n.<\/p>\n\n\n\n<p>Fuente: <a href=\"https:\/\/la-lista.com\/genero\/2023\/03\/23\/como-entender-el-paro-de-la-uam-y-sus-demandas\">https:\/\/la-lista.com\/genero\/2023\/03\/23\/como-entender-el-paro-de-la-uam-y-sus-demandas<\/a><\/p>\n","protected":false},"excerpt":{"rendered":"<p>La acciones de TV Azteca cayeron en la BMV, un d\u00eda despu\u00e9s de que tres de sus acreedores le solicitaran [&hellip;]<\/p>\n","protected":false},"author":1,"featured_media":48737,"comment_status":"open","ping_status":"open","sticky":false,"template":"","format":"standard","meta":{"site-sidebar-layout":"default","site-content-layout":"","ast-site-content-layout":"default","site-content-style":"default","site-sidebar-style":"default","ast-global-header-display":"","ast-banner-title-visibility":"","ast-main-header-display":"","ast-hfb-above-header-display":"","ast-hfb-below-header-display":"","ast-hfb-mobile-header-display":"","site-post-title":"","ast-breadcrumbs-content":"","ast-featured-img":"","footer-sml-layout":"","theme-transparent-header-meta":"","adv-header-id-meta":"","stick-header-meta":"","header-above-stick-meta":"","header-main-stick-meta":"","header-below-stick-meta":"","astra-migrate-meta-layouts":"default","ast-page-background-enabled":"default","ast-page-background-meta":{"desktop":{"background-color":"var(--ast-global-color-4)","background-image":"","background-repeat":"repeat","background-position":"center center","background-size":"auto","background-attachment":"scroll","background-type":"","background-media":"","overlay-type":"","overlay-color":"","overlay-opacity":"","overlay-gradient":""},"tablet":{"background-color":"","background-image":"","background-repeat":"repeat","background-position":"center center","background-size":"auto","background-attachment":"scroll","background-type":"","background-media":"","overlay-type":"","overlay-color":"","overlay-opacity":"","overlay-gradient":""},"mobile":{"background-color":"","background-image":"","background-repeat":"repeat","background-position":"center center","background-size":"auto","background-attachment":"scroll","background-type":"","background-media":"","overlay-type":"","overlay-color":"","overlay-opacity":"","overlay-gradient":""}},"ast-content-background-meta":{"desktop":{"background-color":"var(--ast-global-color-5)","background-image":"","background-repeat":"repeat","background-position":"center center","background-size":"auto","background-attachment":"scroll","background-type":"","background-media":"","overlay-type":"","overlay-color":"","overlay-opacity":"","overlay-gradient":""},"tablet":{"background-color":"var(--ast-global-color-5)","background-image":"","background-repeat":"repeat","background-position":"center center","background-size":"auto","background-attachment":"scroll","background-type":"","background-media":"","overlay-type":"","overlay-color":"","overlay-opacity":"","overlay-gradient":""},"mobile":{"background-color":"var(--ast-global-color-5)","background-image":"","background-repeat":"repeat","background-position":"center center","background-size":"auto","background-attachment":"scroll","background-type":"","background-media":"","overlay-type":"","overlay-color":"","overlay-opacity":"","overlay-gradient":""}},"footnotes":""},"categories":[8],"tags":[10306,15664,15663],"class_list":["post-48736","post","type-post","status-publish","format-standard","has-post-thumbnail","hentry","category-noticias","tag-bmv","tag-ricardo-salinas-pliego-deudas","tag-tv-azteca-quiebra"],"_links":{"self":[{"href":"https:\/\/losperiodistas.com.mx\/portal\/wp-json\/wp\/v2\/posts\/48736","targetHints":{"allow":["GET"]}}],"collection":[{"href":"https:\/\/losperiodistas.com.mx\/portal\/wp-json\/wp\/v2\/posts"}],"about":[{"href":"https:\/\/losperiodistas.com.mx\/portal\/wp-json\/wp\/v2\/types\/post"}],"author":[{"embeddable":true,"href":"https:\/\/losperiodistas.com.mx\/portal\/wp-json\/wp\/v2\/users\/1"}],"replies":[{"embeddable":true,"href":"https:\/\/losperiodistas.com.mx\/portal\/wp-json\/wp\/v2\/comments?post=48736"}],"version-history":[{"count":1,"href":"https:\/\/losperiodistas.com.mx\/portal\/wp-json\/wp\/v2\/posts\/48736\/revisions"}],"predecessor-version":[{"id":48738,"href":"https:\/\/losperiodistas.com.mx\/portal\/wp-json\/wp\/v2\/posts\/48736\/revisions\/48738"}],"wp:featuredmedia":[{"embeddable":true,"href":"https:\/\/losperiodistas.com.mx\/portal\/wp-json\/wp\/v2\/media\/48737"}],"wp:attachment":[{"href":"https:\/\/losperiodistas.com.mx\/portal\/wp-json\/wp\/v2\/media?parent=48736"}],"wp:term":[{"taxonomy":"category","embeddable":true,"href":"https:\/\/losperiodistas.com.mx\/portal\/wp-json\/wp\/v2\/categories?post=48736"},{"taxonomy":"post_tag","embeddable":true,"href":"https:\/\/losperiodistas.com.mx\/portal\/wp-json\/wp\/v2\/tags?post=48736"}],"curies":[{"name":"wp","href":"https:\/\/api.w.org\/{rel}","templated":true}]}}