{"id":48733,"date":"2023-03-23T05:24:01","date_gmt":"2023-03-23T11:24:01","guid":{"rendered":"http:\/\/losperiodistas.com.mx\/portal\/?p=48733"},"modified":"2023-03-23T05:24:03","modified_gmt":"2023-03-23T11:24:03","slug":"manifiesto-conspiracionista-la-inteligencia-artificial-como-apartheid-sin-muros-ni-alambradas-vozpopuli","status":"publish","type":"post","link":"https:\/\/losperiodistas.com.mx\/portal\/manifiesto-conspiracionista-la-inteligencia-artificial-como-apartheid-sin-muros-ni-alambradas-vozpopuli\/","title":{"rendered":"&#8216;Manifiesto conspiracionista&#8217;: la Inteligencia Artificial como apartheid sin muros ni alambradas | VozP\u00f3puli"},"content":{"rendered":"\n<h2 class=\"has-pale-cyan-blue-background-color has-background has-medium-font-size wp-block-heading\">Es tal la inteligencia natural de este libro, a la hora de pensar qu\u00e9 hay detr\u00e1s de la actual digitalizaci\u00f3n forzosa de las poblaciones, que uno estar\u00eda tentado de proclamar el cl\u00e1sico:&nbsp;Abst\u00e9ngase los tibios<\/h2>\n\n\n\n<figure class=\"wp-block-image size-large is-style-default\"><img fetchpriority=\"high\" decoding=\"async\" width=\"1024\" height=\"576\" src=\"https:\/\/losperiodistas.com.mx\/portal\/wp-content\/uploads\/2023\/03\/Robot-justicia-1024x576.jpg\" alt=\"\" class=\"wp-image-48734\" srcset=\"https:\/\/losperiodistas.com.mx\/portal\/wp-content\/uploads\/2023\/03\/Robot-justicia-1024x576.jpg 1024w, https:\/\/losperiodistas.com.mx\/portal\/wp-content\/uploads\/2023\/03\/Robot-justicia-300x169.jpg 300w, https:\/\/losperiodistas.com.mx\/portal\/wp-content\/uploads\/2023\/03\/Robot-justicia-768x432.jpg 768w, https:\/\/losperiodistas.com.mx\/portal\/wp-content\/uploads\/2023\/03\/Robot-justicia.jpg 1200w\" sizes=\"(max-width: 1024px) 100vw, 1024px\" \/><figcaption>Imagen de archivo de un robot.<\/figcaption><\/figure>\n\n\n\n<p class=\"has-vivid-red-color has-text-color has-medium-font-size\"><strong>IGNACIO CASTRO REY \/ VOZP\u00d3PULI<\/strong><\/p>\n\n\n\n<p>A pesar de la debilidad mental que aqueja desde hace d\u00e9cadas a las naciones hist\u00f3ricas de Occidente (el predomino cultural estadounidense algo tendr\u00e1 que ver con esto), alg\u00fan d\u00eda ocurrir\u00e1 con Julien Coupat, que no tiene nada que ver con el libro que comentamos, lo que en su d\u00eda ocurri\u00f3 con Guy Debord.&nbsp;<strong>Despu\u00e9s de perseguirlo, hostigarlo e injuriarlo durante d\u00e9cadas, el Estado Franc\u00e9s impidi\u00f3 hace quince a\u00f1os que la Universidad de Yale comprara a sus herederos el archivo del anticapitalista Debord declar\u00e1ndolo Tesoro Nacional y a\u00f1adiendo que pertenec\u00eda al patrimonio cultural de Francia y a la \u00abhistoria del pensamiento\u00bb. Les hago una apuesta.<\/strong>&nbsp;A lo mejor hay que esperar a que se muera el perro para que se acabe la sarna, pero alg\u00fan d\u00eda ocurrir\u00e1 con este libro, y con alguno de sus autores clandestinos, que llegar\u00e1n a formar parte oficial de la titubeante historia del pensamiento occidental.<\/p>\n\n\n\n<p>M\u00c1S INFO<\/p>\n\n\n\n<ul class=\"wp-block-list\"><li><img decoding=\"async\" src=\"https:\/\/media.vozpopuli.com\/2022\/07\/miguel-unamuno-e1657020491810-300x170.jpg\"><a href=\"https:\/\/www.vozpopuli.com\/altavoz\/cultura\/timidez-hispana-historia.html\"><\/a><a href=\"https:\/\/www.vozpopuli.com\/altavoz\/cultura\/timidez-hispana-historia.html\">Timidez hispana: un arma de doble filo<\/a><\/li><li><a href=\"https:\/\/www.vozpopuli.com\/altavoz\/cultura\/ascuas-junio-alumnas.html\">Ascuas de junio: cuando la charla te rejuvenece<\/a><\/li><\/ul>\n\n\n\n<p><em>Be<\/em>&nbsp;<em>water<\/em>. No cabe criticar a la Inteligencia Artificial por sus defectos provisionales, sino por su ideal ariodigital de perfecci\u00f3n. En otras palabras, por su voluntad planetaria de segregaci\u00f3n, buscando un&nbsp;<em>apartheid<\/em>&nbsp;port\u00e1til, sin muros ni alambradas.&nbsp;La intenci\u00f3n pol\u00edtica de este Manifiesto es mostrar que&nbsp;<strong>el fin de la Inteligencia Artificial es&nbsp;<em>operativo<\/em>, es decir, econ\u00f3mico y militar, encauzado a un estricto control estatal de las poblaciones.<\/strong>&nbsp;\u00abLos principios seguir\u00e1n estando ah\u00ed, como lo han estado en el pasado, pero ya solo existir\u00e1n para ser invocados en la teor\u00eda y violados constantemente en la pr\u00e1ctica\u00bb.<\/p>\n\n\n\n<p><strong>Es tal la inteligencia natural de este libro, a la hora de pensar qu\u00e9 hay detr\u00e1s de la actual digitalizaci\u00f3n forzosa de las poblaciones, que uno estar\u00eda tentado de proclamar el cl\u00e1sico:\u00a0<em>Abst\u00e9ngase los tibios<\/em>.\u00a0<\/strong>Pero no, no ser\u00eda justo. El caudal de informaci\u00f3n an\u00f3mala y escondida, que este libro sirve acerca de la secta tecnocr\u00e1tica que nos sodomiza, es de tal calibre que incluso los ingenuos, que no compartir\u00e1n en absoluto la rabia subversiva de este libro, pueden encontrar en \u00e9l un capital valios\u00edsimo para su informaci\u00f3n, para actualizar las novedades con las que entretienen sus encuentros culturales.<\/p>\n\n\n\n<blockquote class=\"wp-block-quote is-layout-flow wp-block-quote-is-layout-flow\"><p>No pudiendo hacer m\u00e1quinas capaces de igualar al ser humano, se han propuesto circunscribir la experiencia humana a lo que una m\u00e1quina puede conocer<\/p><\/blockquote>\n\n\n\n<p>F\u00edjense en esta frase, sacada de documentos que est\u00e1n a la vista, aunque escondidos sobre la mesa de la visibilidad, igual que la famosa carta&nbsp;<em>robada<\/em>&nbsp;de Poe: \u00abMientras se dedican a entender las novedades en las que les pedimos que crean, nosotros podemos trabajar, tomar decisiones y poner a todo el mundo ante hechos consumados\u00bb. Como esta hay cien, mil, arrojando otra luz oscura sobre lo que se presenta como un cambio objetivo e hist\u00f3rico ante el que es absurdo y reaccionario oponerse.&nbsp;<strong>En los libros de Tiqqun y el Comit\u00e9 invisible, que hacen temblar a una izquierda que lleva a\u00f1os apuntalando un capitalismo con rostro humano, ya resonaba sin cesar una similar caracter\u00edstica impertinente.&nbsp;<\/strong>Pod\u00eda no compartirse en absoluto la orientaci\u00f3n a la que apuntaban, era incluso dif\u00edcil hacerlo, pero la atm\u00f3sfera de desvelamiento que operaban sobre nuestra falsa complejidad permit\u00edan habitar nuestro mundo de otro modo, infinitamente m\u00e1s inteligente. Una chica inolvidable de hace a\u00f1os, que para nada compart\u00eda ninguna perspectiva insurreccional, llega a decir en p\u00fablico: \u00abHac\u00eda a\u00f1os que un libro no se me pegaba as\u00ed a mi carne\u00bb.<\/p>\n\n\n\n<p>Con el\u00a0<em>Manifiesto<\/em>\u00a0<em>conspiracionista<\/em>\u00a0ocurre exactamente lo mismo. Uno puede empezar a leerlo con cierta pereza, como la en\u00e9sima entrega de una serie cr\u00edtica que nos fatiga, que no ofrece salidas y, adem\u00e1s, ya creemos conocer. Al cabo de pocas horas el goteo de iluminaciones es tal, permite percibir lo que nos rodea con tal diferente sentido del humor, que el enamoramiento est\u00e1 enseguida servido:\u00a0<strong>\u00abNo pudiendo hacer m\u00e1quinas capaces de igualar al ser humano, se han propuesto circunscribir la experiencia humana a lo que una m\u00e1quina puede conocer\u00bb.<\/strong>\u00a0Se debe buscar este libro sin ninguna dilaci\u00f3n, con la garant\u00eda a\u00f1adida que hace d\u00e9cadas podr\u00edan ofrecer unos opulentos almacenes:\u00a0<em>Si no cambia su percepci\u00f3n del mundo, les devolvemos inmediatamente el importe<\/em>.<\/p>\n\n\n\n<p>Fuente: <a href=\"https:\/\/www.vozpopuli.com\/altavoz\/cultura\/manifiesto-conspiracionista-inteligencia-artificial.html\">https:\/\/www.vozpopuli.com\/altavoz\/cultura\/manifiesto-conspiracionista-inteligencia-artificial.html<\/a><\/p>\n","protected":false},"excerpt":{"rendered":"<p>Es tal la inteligencia natural de este libro, a la hora de pensar qu\u00e9 hay detr\u00e1s de la actual digitalizaci\u00f3n [&hellip;]<\/p>\n","protected":false},"author":1,"featured_media":48734,"comment_status":"open","ping_status":"open","sticky":false,"template":"","format":"standard","meta":{"site-sidebar-layout":"default","site-content-layout":"","ast-site-content-layout":"default","site-content-style":"default","site-sidebar-style":"default","ast-global-header-display":"","ast-banner-title-visibility":"","ast-main-header-display":"","ast-hfb-above-header-display":"","ast-hfb-below-header-display":"","ast-hfb-mobile-header-display":"","site-post-title":"","ast-breadcrumbs-content":"","ast-featured-img":"","footer-sml-layout":"","theme-transparent-header-meta":"","adv-header-id-meta":"","stick-header-meta":"","header-above-stick-meta":"","header-main-stick-meta":"","header-below-stick-meta":"","astra-migrate-meta-layouts":"default","ast-page-background-enabled":"default","ast-page-background-meta":{"desktop":{"background-color":"var(--ast-global-color-4)","background-image":"","background-repeat":"repeat","background-position":"center center","background-size":"auto","background-attachment":"scroll","background-type":"","background-media":"","overlay-type":"","overlay-color":"","overlay-opacity":"","overlay-gradient":""},"tablet":{"background-color":"","background-image":"","background-repeat":"repeat","background-position":"center center","background-size":"auto","background-attachment":"scroll","background-type":"","background-media":"","overlay-type":"","overlay-color":"","overlay-opacity":"","overlay-gradient":""},"mobile":{"background-color":"","background-image":"","background-repeat":"repeat","background-position":"center center","background-size":"auto","background-attachment":"scroll","background-type":"","background-media":"","overlay-type":"","overlay-color":"","overlay-opacity":"","overlay-gradient":""}},"ast-content-background-meta":{"desktop":{"background-color":"var(--ast-global-color-5)","background-image":"","background-repeat":"repeat","background-position":"center center","background-size":"auto","background-attachment":"scroll","background-type":"","background-media":"","overlay-type":"","overlay-color":"","overlay-opacity":"","overlay-gradient":""},"tablet":{"background-color":"var(--ast-global-color-5)","background-image":"","background-repeat":"repeat","background-position":"center center","background-size":"auto","background-attachment":"scroll","background-type":"","background-media":"","overlay-type":"","overlay-color":"","overlay-opacity":"","overlay-gradient":""},"mobile":{"background-color":"var(--ast-global-color-5)","background-image":"","background-repeat":"repeat","background-position":"center center","background-size":"auto","background-attachment":"scroll","background-type":"","background-media":"","overlay-type":"","overlay-color":"","overlay-opacity":"","overlay-gradient":""}},"footnotes":""},"categories":[8],"tags":[4720,15662],"class_list":["post-48733","post","type-post","status-publish","format-standard","has-post-thumbnail","hentry","category-noticias","tag-inteligencia-artificial","tag-manifiesto-conspiracionista"],"_links":{"self":[{"href":"https:\/\/losperiodistas.com.mx\/portal\/wp-json\/wp\/v2\/posts\/48733","targetHints":{"allow":["GET"]}}],"collection":[{"href":"https:\/\/losperiodistas.com.mx\/portal\/wp-json\/wp\/v2\/posts"}],"about":[{"href":"https:\/\/losperiodistas.com.mx\/portal\/wp-json\/wp\/v2\/types\/post"}],"author":[{"embeddable":true,"href":"https:\/\/losperiodistas.com.mx\/portal\/wp-json\/wp\/v2\/users\/1"}],"replies":[{"embeddable":true,"href":"https:\/\/losperiodistas.com.mx\/portal\/wp-json\/wp\/v2\/comments?post=48733"}],"version-history":[{"count":1,"href":"https:\/\/losperiodistas.com.mx\/portal\/wp-json\/wp\/v2\/posts\/48733\/revisions"}],"predecessor-version":[{"id":48735,"href":"https:\/\/losperiodistas.com.mx\/portal\/wp-json\/wp\/v2\/posts\/48733\/revisions\/48735"}],"wp:featuredmedia":[{"embeddable":true,"href":"https:\/\/losperiodistas.com.mx\/portal\/wp-json\/wp\/v2\/media\/48734"}],"wp:attachment":[{"href":"https:\/\/losperiodistas.com.mx\/portal\/wp-json\/wp\/v2\/media?parent=48733"}],"wp:term":[{"taxonomy":"category","embeddable":true,"href":"https:\/\/losperiodistas.com.mx\/portal\/wp-json\/wp\/v2\/categories?post=48733"},{"taxonomy":"post_tag","embeddable":true,"href":"https:\/\/losperiodistas.com.mx\/portal\/wp-json\/wp\/v2\/tags?post=48733"}],"curies":[{"name":"wp","href":"https:\/\/api.w.org\/{rel}","templated":true}]}}