{"id":48730,"date":"2023-03-23T05:12:42","date_gmt":"2023-03-23T11:12:42","guid":{"rendered":"http:\/\/losperiodistas.com.mx\/portal\/?p=48730"},"modified":"2023-03-23T05:12:43","modified_gmt":"2023-03-23T11:12:43","slug":"los-marios-aburto-a-casi-30-anos-sigue-vigente-la-misma-duda-que-planteo-samperio-en-su-libro-el-independiente","status":"publish","type":"post","link":"https:\/\/losperiodistas.com.mx\/portal\/los-marios-aburto-a-casi-30-anos-sigue-vigente-la-misma-duda-que-planteo-samperio-en-su-libro-el-independiente\/","title":{"rendered":"\u201cLos Marios Aburto\u201d, a casi 30 a\u00f1os sigue vigente la misma duda que plante\u00f3 Samperio en su libro\u00a0| El Independiente"},"content":{"rendered":"\n<figure class=\"wp-block-image size-full is-style-default\"><img fetchpriority=\"high\" decoding=\"async\" width=\"860\" height=\"645\" src=\"https:\/\/losperiodistas.com.mx\/portal\/wp-content\/uploads\/2023\/03\/Nota-Samperio-860x645-1.jpeg\" alt=\"\" class=\"wp-image-48731\" srcset=\"https:\/\/losperiodistas.com.mx\/portal\/wp-content\/uploads\/2023\/03\/Nota-Samperio-860x645-1.jpeg 860w, https:\/\/losperiodistas.com.mx\/portal\/wp-content\/uploads\/2023\/03\/Nota-Samperio-860x645-1-300x225.jpeg 300w, https:\/\/losperiodistas.com.mx\/portal\/wp-content\/uploads\/2023\/03\/Nota-Samperio-860x645-1-768x576.jpeg 768w\" sizes=\"(max-width: 860px) 100vw, 860px\" \/><\/figure>\n\n\n\n<p><\/p>\n\n\n\n<p class=\"has-vivid-red-color has-text-color has-medium-font-size\"><strong>ARMANDO REYES VIGUERAS \/ EL INDEPENDIENTE<\/strong><\/p>\n\n\n\n<p>\u00bfQui\u00e9n mat\u00f3 a Luis Donaldo Colosio en 1994? Esta pregunta sigue vigente luego de casi 30 a\u00f1os de ocurrido el asesinato. Las dudas acerca del asesino se mantienen a pesar del paso del tiempo.<\/p>\n\n\n\n<p>Para el escritor Guillermo Samperio, en su libro&nbsp;<em>\u00bfPor qu\u00e9 Colosio? Una historia un relato<\/em>, desde el momento mismo en que se deton\u00f3 un arma, o dos, en Lomas Taurinas, un barrio de Tijuana en donde se realizaba aquel 23 de marzo el \u00faltimo evento de campa\u00f1a del candidato del PRI a la presidencia, ocurri\u00f3 algo extra\u00f1o, \u201cNi el Mario de parche ni el Mario de Zeta se dieron cuenta de que alguno de ellos hab\u00eda ca\u00eddo en aquella gran grieta, la potente fracturahist\u00f3ricoespaciotemporal que cambiar\u00eda el rumbo del pa\u00eds. Ninguno de los dos pudo distinguir que, en ese momento denso de nuestra Historia y de cuatro mil almas confusas y desbordadas, se fusionaban dos M\u00e9xicos que existen en dimensiones espaciotemporales distintas fusionadas a trav\u00e9s de esa inmensa grieta que se abre en el momento exacto en que los dos Marios levantaban el brazo, cada uno con distinta arma, para dispararle a quemarropa a los dos Colosios\u201d.<\/p>\n\n\n\n<p>En su texto, Samperio parte de ciertas contradicciones que se dieron en torno al caso Colosio.<\/p>\n\n\n\n<p>La primera tiene que ver con la identidad del supuesto asesino, Mario Aburto, quien aparece retratado por el semanario&nbsp;<em>Zeta<\/em>&nbsp;de Tijuana con un parche, pero luego aparece otro en prisi\u00f3n que no parece el mismo que fue detenido en Lomas Taurinas. Las dudas de la madre y de un defensor de derechos humanos de Tijuana hacen que la interrogante acerca de la identidad del asesino se mantenga, adem\u00e1s de que se explora la versi\u00f3n de que pudieran haber sido dos personas distintas.<\/p>\n\n\n\n<p>\u201cEn efecto, como explica el Mario de\u00a0<em>Zeta<\/em>, es probable que fue por casualidad al acto pol\u00edtico y que, sin darse cuenta bien, llevaba una pistola calibre 38, o 45 (ha mencionado ambos calibres), que nadie le quiso comprar en d\u00edas anteriores, para poder hacerle un regalo a una madre que tuvo que mirarle una herida para reconocerlo como hijo. En verdad, tal vez, lleg\u00f3 a Lomas Taurinas cuando el mitin estaba finalizando y que, m\u00e1s que ir \u00e9l hacia su v\u00edctima, \u00e9sta fue hacia su victimario, como suele pasar en diversos homicidios y ataques de otro tipo, analizados por la criminolog\u00eda. Que, por ocurrencia s\u00fabita, saca la pistola con el fin de disparar a los pies del candidato y que el golpe y el dolor y los empujones lo llevan a levantar el brazo accidentalmente y a disparar por el mismo motivo; luego, el azar, conjugado con el forcejeo con un hombre que no recuerda, provoca el segundo disparo. En esta eventualidad, es factible tambi\u00e9n que el Mario Aburto de los videos no sea este Mario Aburto, como lo explica en su declaraci\u00f3n exasperante, en tanto que las videoc\u00e1maras empezaron a rodar mucho antes de que \u00e9l llegara\u201d.<\/p>\n\n\n\n<p>En el relato aparece una supuesta novia de Mario Aburto que describe a una persona distinta a la que fue detenida aquel 23 de marzo, que se quejaba de que el PRI siempre ganaba las elecciones, pero el Mario Aburto detenido luc\u00eda como lobotomizado, de acuerdo a la opini\u00f3n que Samperio pidi\u00f3 a una psiquiatra, dudas que permanecen con la aparici\u00f3n de los primeros contactos que periodistas tuvieron con el atacante.<\/p>\n\n\n\n<p>\u201cAburto Mart\u00ednez no recordaba el interrogatorio en Tijuana: \u201cComo si se me hubiera borrado el cassette en esa parte\u2026 Jam\u00e1s me acuerdo de dicha declaraci\u00f3n. Incluso, dio a conocer que fue golpeado y presionado psicol\u00f3gicamente por la PGR para que denunciara a sus supuestos c\u00f3mplices Explic\u00f3 que cuando estaba en la sede de la PGR en Tijuana se le acerc\u00f3 un agente de la polic\u00eda judicial, el cual le indic\u00f3 que el presidente Carlos Salinas de Gortari quer\u00eda hablar con \u00e9l por tel\u00e9fono. Como Aburto no acudi\u00f3 a contestar la llamada, el agente le repiti\u00f3 que el presidente quer\u00eda negociar con \u00e9l\u201d (misma formada citada y misma p\u00e1gina). Adem\u00e1s, desminti\u00f3 ser el hombre de los videos y, a\u00fan m\u00e1s, el de la foto de Zeta, lo cual lo contradice, pues ante el periodista de dicho semanario, Jes\u00fas Blancornelas, acept\u00f3 ser ese Aburto. Pero definitivamente no es el de los videos, pues lleg\u00f3 cuando el mitin estaba concluyendo, expres\u00f3\u201d.<\/p>\n\n\n\n<p>Tambi\u00e9n los testimonios de quienes estuvieron presentes en el acto de campa\u00f1a abonan para las dudas. Un aspecto peculiar de esto tiene que ver con el n\u00famero de disparos que fueron escuchados por los presentes.<\/p>\n\n\n\n<p>\u201cAunque dos disparos producidos en un solo instante tienden a provocar la ilusi\u00f3n sonora de una sola explosi\u00f3n, un o\u00eddo agudo, o imperfecto, logra percibir la dualidad del sonido, seg\u00fan opini\u00f3n de la psiquiatra amiga. Y por tal raz\u00f3n, agreg\u00f3, otras personas oyeron tres disparos, tres de cuatro, pues hay personas con o\u00eddos menos finos y no tan imperfectos. La imperfecci\u00f3n a que se refiere la especialista se explica en el sentido de la capacidad de escuchar m\u00e1s (ciertos tonos) de lo que un o\u00eddo medio es capaz, en especial cuando las ondas sonoras son agudas\u201d.<\/p>\n\n\n\n<p>Para Guillermo Samperio, se trata de un relato que merece el calificativo de borgiano, por rayar m\u00e1s en la ficci\u00f3n que en la realidad, pero lamentablemente se trata de un evento que cambi\u00f3 la historia del pa\u00eds y cuyas consecuencias, por haber dado inicio a una lucha pol\u00edtica por el poder de forma m\u00e1s descarnada, las seguimos padeciendo, adem\u00e1s de que sigue la duda de qui\u00e9n mato en verdad a Colosio.<strong>@AReyesVigueras<\/strong><\/p>\n\n\n\n<p>Fuente: <a href=\"https:\/\/elindependiente.mx\/nacional\/2023\/03\/23\/la-misma-duda-que-planteo-samperio-en-su-libro\/\">https:\/\/elindependiente.mx\/nacional\/2023\/03\/23\/la-misma-duda-que-planteo-samperio-en-su-libro\/<\/a><\/p>\n","protected":false},"excerpt":{"rendered":"<p>ARMANDO REYES VIGUERAS \/ EL INDEPENDIENTE \u00bfQui\u00e9n mat\u00f3 a Luis Donaldo Colosio en 1994? Esta pregunta sigue vigente luego de [&hellip;]<\/p>\n","protected":false},"author":1,"featured_media":48731,"comment_status":"open","ping_status":"open","sticky":false,"template":"","format":"standard","meta":{"site-sidebar-layout":"default","site-content-layout":"","ast-site-content-layout":"default","site-content-style":"default","site-sidebar-style":"default","ast-global-header-display":"","ast-banner-title-visibility":"","ast-main-header-display":"","ast-hfb-above-header-display":"","ast-hfb-below-header-display":"","ast-hfb-mobile-header-display":"","site-post-title":"","ast-breadcrumbs-content":"","ast-featured-img":"","footer-sml-layout":"","theme-transparent-header-meta":"","adv-header-id-meta":"","stick-header-meta":"","header-above-stick-meta":"","header-main-stick-meta":"","header-below-stick-meta":"","astra-migrate-meta-layouts":"default","ast-page-background-enabled":"default","ast-page-background-meta":{"desktop":{"background-color":"var(--ast-global-color-4)","background-image":"","background-repeat":"repeat","background-position":"center center","background-size":"auto","background-attachment":"scroll","background-type":"","background-media":"","overlay-type":"","overlay-color":"","overlay-opacity":"","overlay-gradient":""},"tablet":{"background-color":"","background-image":"","background-repeat":"repeat","background-position":"center center","background-size":"auto","background-attachment":"scroll","background-type":"","background-media":"","overlay-type":"","overlay-color":"","overlay-opacity":"","overlay-gradient":""},"mobile":{"background-color":"","background-image":"","background-repeat":"repeat","background-position":"center center","background-size":"auto","background-attachment":"scroll","background-type":"","background-media":"","overlay-type":"","overlay-color":"","overlay-opacity":"","overlay-gradient":""}},"ast-content-background-meta":{"desktop":{"background-color":"var(--ast-global-color-5)","background-image":"","background-repeat":"repeat","background-position":"center center","background-size":"auto","background-attachment":"scroll","background-type":"","background-media":"","overlay-type":"","overlay-color":"","overlay-opacity":"","overlay-gradient":""},"tablet":{"background-color":"var(--ast-global-color-5)","background-image":"","background-repeat":"repeat","background-position":"center center","background-size":"auto","background-attachment":"scroll","background-type":"","background-media":"","overlay-type":"","overlay-color":"","overlay-opacity":"","overlay-gradient":""},"mobile":{"background-color":"var(--ast-global-color-5)","background-image":"","background-repeat":"repeat","background-position":"center center","background-size":"auto","background-attachment":"scroll","background-type":"","background-media":"","overlay-type":"","overlay-color":"","overlay-opacity":"","overlay-gradient":""}},"footnotes":""},"categories":[8],"tags":[15661,1233],"class_list":["post-48730","post","type-post","status-publish","format-standard","has-post-thumbnail","hentry","category-noticias","tag-guillermo-samperio","tag-luis-donaldo-colosio"],"_links":{"self":[{"href":"https:\/\/losperiodistas.com.mx\/portal\/wp-json\/wp\/v2\/posts\/48730","targetHints":{"allow":["GET"]}}],"collection":[{"href":"https:\/\/losperiodistas.com.mx\/portal\/wp-json\/wp\/v2\/posts"}],"about":[{"href":"https:\/\/losperiodistas.com.mx\/portal\/wp-json\/wp\/v2\/types\/post"}],"author":[{"embeddable":true,"href":"https:\/\/losperiodistas.com.mx\/portal\/wp-json\/wp\/v2\/users\/1"}],"replies":[{"embeddable":true,"href":"https:\/\/losperiodistas.com.mx\/portal\/wp-json\/wp\/v2\/comments?post=48730"}],"version-history":[{"count":1,"href":"https:\/\/losperiodistas.com.mx\/portal\/wp-json\/wp\/v2\/posts\/48730\/revisions"}],"predecessor-version":[{"id":48732,"href":"https:\/\/losperiodistas.com.mx\/portal\/wp-json\/wp\/v2\/posts\/48730\/revisions\/48732"}],"wp:featuredmedia":[{"embeddable":true,"href":"https:\/\/losperiodistas.com.mx\/portal\/wp-json\/wp\/v2\/media\/48731"}],"wp:attachment":[{"href":"https:\/\/losperiodistas.com.mx\/portal\/wp-json\/wp\/v2\/media?parent=48730"}],"wp:term":[{"taxonomy":"category","embeddable":true,"href":"https:\/\/losperiodistas.com.mx\/portal\/wp-json\/wp\/v2\/categories?post=48730"},{"taxonomy":"post_tag","embeddable":true,"href":"https:\/\/losperiodistas.com.mx\/portal\/wp-json\/wp\/v2\/tags?post=48730"}],"curies":[{"name":"wp","href":"https:\/\/api.w.org\/{rel}","templated":true}]}}