{"id":48727,"date":"2023-03-23T05:06:18","date_gmt":"2023-03-23T11:06:18","guid":{"rendered":"http:\/\/losperiodistas.com.mx\/portal\/?p=48727"},"modified":"2023-03-23T05:06:20","modified_gmt":"2023-03-23T11:06:20","slug":"jesuitas-lamentan-muerte-de-el-chueco-asesino-de-padres-javier-campos-y-joaquin-mora-dlf","status":"publish","type":"post","link":"https:\/\/losperiodistas.com.mx\/portal\/jesuitas-lamentan-muerte-de-el-chueco-asesino-de-padres-javier-campos-y-joaquin-mora-dlf\/","title":{"rendered":"Jesuitas lamentan muerte de \u201cEl Chueco\u201d, asesino de padres Javier Campos y Joaqu\u00edn Mora | DLF"},"content":{"rendered":"\n<p class=\"has-light-green-cyan-background-color has-background has-medium-font-size\">\u201cEste desenlace, de confirmarse, no es el que esper\u00e1bamos ni es por el que trabajamos\u201d, dijo la Compa\u00f1\u00eda de Jes\u00fas en un comunicado.<\/p>\n\n\n\n<figure class=\"wp-block-image size-large is-style-default\"><img fetchpriority=\"high\" decoding=\"async\" width=\"1024\" height=\"681\" src=\"https:\/\/losperiodistas.com.mx\/portal\/wp-content\/uploads\/2023\/03\/padres-jesuitas-chihuahua-1024x681.jpg\" alt=\"\" class=\"wp-image-48728\" srcset=\"https:\/\/losperiodistas.com.mx\/portal\/wp-content\/uploads\/2023\/03\/padres-jesuitas-chihuahua-1024x681.jpg 1024w, https:\/\/losperiodistas.com.mx\/portal\/wp-content\/uploads\/2023\/03\/padres-jesuitas-chihuahua-300x200.jpg 300w, https:\/\/losperiodistas.com.mx\/portal\/wp-content\/uploads\/2023\/03\/padres-jesuitas-chihuahua-768x511.jpg 768w, https:\/\/losperiodistas.com.mx\/portal\/wp-content\/uploads\/2023\/03\/padres-jesuitas-chihuahua.jpg 1203w\" sizes=\"(max-width: 1024px) 100vw, 1024px\" \/><figcaption>Los padres jesuitas Joaqu\u00edn Mora y Javier Campos fueron asesinados en Cerocahui, Chihuahua. Foto: JesuitsGlobal<\/figcaption><\/figure>\n\n\n\n<p class=\"has-vivid-red-color has-text-color has-medium-font-size\"><strong>REDACCI\u00d3N DESDE LA FE<\/strong><\/p>\n\n\n\n<p>Hallan muerto a \u201cEl Chueco\u201d, asesino de los padres jesuitas Javier Campos y Joaqu\u00edn Mora<br>Luego de que las autoridades del estado de Chihuahua informaran del hallazgo del cuerpo sin vida de Jos\u00e9 Noriel Portillo, alias \u201cEl Chueco\u201d, presunto asesino de los padres jesuitas Javier Campos y Joaqu\u00edn Mora, y de los laicos Pedro Palma y Paul Berrelleza, la Compa\u00f1\u00eda de Jes\u00fas en M\u00e9xico asegur\u00f3 que aunque a\u00fan falta por corroborar plenamente esta informaci\u00f3n. Expresaron que \u201csu aparici\u00f3n sin vida de ninguna manera puede considerarse como un triunfo de la justicia\u201d.<\/p>\n\n\n\n<p>\u201cEste desenlace, de confirmarse, no es el que esper\u00e1bamos ni es por el que trabajamos\u201d, dijeron los Jesuitas de M\u00e9xico en un comunicado.<\/p>\n\n\n\n<p>El homicidio de los padres jesuitas Javier Campos y Joaqu\u00edn Mora en Chihuahua<br>El 21 de junio del 2022, los padres jesuitas Javier Campos Morales y Joaqu\u00edn Mora Salazar fueron asesinados dentro de la iglesia de San Francisco Javier de la comunidad de Cerocahui, un pueblo localizado en la Sierra Tarahumara en el estado de Chihuahua.<\/p>\n\n\n\n<p>El homicidio ocurri\u00f3 al interior de la iglesia ubicada en el municipio de Urique. Los padres jesuitas atend\u00edan a un hombre que entr\u00f3 al templo herido y que era perseguido por personas armadas. Con ellos estaba un gu\u00eda de turistas de nombre Pedro Palma. Un presunto narcotraficante de la regi\u00f3n, apodado \u201cel Chueco\u201d, ingres\u00f3 a la iglesia, los asesin\u00f3 y se llev\u00f3 los cuerpos.<\/p>\n\n\n\n<p class=\"has-cyan-bluish-gray-background-color has-background\">Leer: <a href=\"http:\/\/\u00bfPodr\u00edan ser santos los dos jesuitas asesinados en la Sierra Tarahumara?  \u00a1Gracias por interesarte en nuestro contenido! Ay\u00fadanos a seguir nuestro trabajo de evangelizaci\u00f3n d\u00e1ndonos cr\u00e9dito y colocando en tu texto nuestra liga: https:\/\/desdelafe.mx\/noticias\/iglesia-en-mexico\/jesuitas-chueco-asesino-padres-javier-campos-joaquin-mora\/?utm_source=home1&amp;utm_medium=portada&amp;utm_id=portada\">\u00bfPodr\u00edan ser santos los dos jesuitas asesinados en la Sierra Tarahumara?<\/a><\/p>\n\n\n\n<p><strong>Respuesta de los padres Jesuitas en M\u00e9xico<\/strong><br>Desde la perspectiva de la fe, los Jesuitas en M\u00e9xico lamentaron el fallecimiento de \u201cEl Chueco\u201d y de todas y de cada una de las vidas sesgadas por la violencia que impera en el pa\u00eds.<\/p>\n\n\n\n<p><strong>La noticia de la muerte de \u201cEl Chueco\u201d<\/strong><br>Este mi\u00e9rcoles se dio a conocer en diversos medios de comunicaci\u00f3n el hallazgo del cuerpo de \u201cEl Chueco\u201d, en los l\u00edmites de Sinaloa y Chihuahua.<\/p>\n\n\n\n<p>\u201cEn espera de la confirmaci\u00f3n de la identidad, desde ahora se\u00f1alamos que, si se verifica que se trata de la persona implicada en el homicidio de los padres jesuitas, su aparici\u00f3n sin vida de ninguna manera puede considerarse como un triunfo de la justicia ni como una soluci\u00f3n al problema estructural de violencia en la sierra Tarahumara\u201d.<\/p>\n\n\n\n<p>\u201cPor el contrario, la ausencia de un proceso legal conforme a derecho con relaci\u00f3n a los homicidios implicar\u00eda un fracaso del Estado mexicano frente a sus deberes b\u00e1sicos y confirmar\u00eda que en la regi\u00f3n las autoridades no detentan el control territorial\u201d.<\/p>\n\n\n\n<p><strong>La labor de los padres jesuitas continur\u00e1 en la zona<\/strong><br>Por \u00faltimo, los Jesuitas aseguraron que seguir\u00e1n trabajando en la Sierra Tarahumara y en todas las regiones donde tienen presencia \u201cpara que haya paz, justicia, derechos humanos y reconstrucci\u00f3n del tejido social\u201d.<\/p>\n\n\n\n<p>Fuente: <a href=\"https:\/\/desdelafe.mx\/noticias\/iglesia-en-mexico\/jesuitas-chueco-asesino-padres-javier-campos-joaquin-mora\/?utm_source=home1&amp;utm_medium=portada&amp;utm_id=portada\">https:\/\/desdelafe.mx\/noticias\/iglesia-en-mexico\/jesuitas-chueco-asesino-padres-javier-campos-joaquin-mora\/?utm_source=home1&amp;utm_medium=portada&amp;utm_id=portada<\/a><\/p>\n","protected":false},"excerpt":{"rendered":"<p>\u201cEste desenlace, de confirmarse, no es el que esper\u00e1bamos ni es por el que trabajamos\u201d, dijo la Compa\u00f1\u00eda de Jes\u00fas [&hellip;]<\/p>\n","protected":false},"author":1,"featured_media":48728,"comment_status":"open","ping_status":"open","sticky":false,"template":"","format":"standard","meta":{"site-sidebar-layout":"default","site-content-layout":"","ast-site-content-layout":"default","site-content-style":"default","site-sidebar-style":"default","ast-global-header-display":"","ast-banner-title-visibility":"","ast-main-header-display":"","ast-hfb-above-header-display":"","ast-hfb-below-header-display":"","ast-hfb-mobile-header-display":"","site-post-title":"","ast-breadcrumbs-content":"","ast-featured-img":"","footer-sml-layout":"","theme-transparent-header-meta":"","adv-header-id-meta":"","stick-header-meta":"","header-above-stick-meta":"","header-main-stick-meta":"","header-below-stick-meta":"","astra-migrate-meta-layouts":"default","ast-page-background-enabled":"default","ast-page-background-meta":{"desktop":{"background-color":"var(--ast-global-color-4)","background-image":"","background-repeat":"repeat","background-position":"center center","background-size":"auto","background-attachment":"scroll","background-type":"","background-media":"","overlay-type":"","overlay-color":"","overlay-opacity":"","overlay-gradient":""},"tablet":{"background-color":"","background-image":"","background-repeat":"repeat","background-position":"center center","background-size":"auto","background-attachment":"scroll","background-type":"","background-media":"","overlay-type":"","overlay-color":"","overlay-opacity":"","overlay-gradient":""},"mobile":{"background-color":"","background-image":"","background-repeat":"repeat","background-position":"center center","background-size":"auto","background-attachment":"scroll","background-type":"","background-media":"","overlay-type":"","overlay-color":"","overlay-opacity":"","overlay-gradient":""}},"ast-content-background-meta":{"desktop":{"background-color":"var(--ast-global-color-5)","background-image":"","background-repeat":"repeat","background-position":"center center","background-size":"auto","background-attachment":"scroll","background-type":"","background-media":"","overlay-type":"","overlay-color":"","overlay-opacity":"","overlay-gradient":""},"tablet":{"background-color":"var(--ast-global-color-5)","background-image":"","background-repeat":"repeat","background-position":"center center","background-size":"auto","background-attachment":"scroll","background-type":"","background-media":"","overlay-type":"","overlay-color":"","overlay-opacity":"","overlay-gradient":""},"mobile":{"background-color":"var(--ast-global-color-5)","background-image":"","background-repeat":"repeat","background-position":"center center","background-size":"auto","background-attachment":"scroll","background-type":"","background-media":"","overlay-type":"","overlay-color":"","overlay-opacity":"","overlay-gradient":""}},"footnotes":""},"categories":[8],"tags":[6048,15660,10970,10905],"class_list":["post-48727","post","type-post","status-publish","format-standard","has-post-thumbnail","hentry","category-noticias","tag-chihuahua","tag-compania-de-jesus-en-mexico","tag-el-chueco","tag-jesuitas-asesinados"],"_links":{"self":[{"href":"https:\/\/losperiodistas.com.mx\/portal\/wp-json\/wp\/v2\/posts\/48727","targetHints":{"allow":["GET"]}}],"collection":[{"href":"https:\/\/losperiodistas.com.mx\/portal\/wp-json\/wp\/v2\/posts"}],"about":[{"href":"https:\/\/losperiodistas.com.mx\/portal\/wp-json\/wp\/v2\/types\/post"}],"author":[{"embeddable":true,"href":"https:\/\/losperiodistas.com.mx\/portal\/wp-json\/wp\/v2\/users\/1"}],"replies":[{"embeddable":true,"href":"https:\/\/losperiodistas.com.mx\/portal\/wp-json\/wp\/v2\/comments?post=48727"}],"version-history":[{"count":1,"href":"https:\/\/losperiodistas.com.mx\/portal\/wp-json\/wp\/v2\/posts\/48727\/revisions"}],"predecessor-version":[{"id":48729,"href":"https:\/\/losperiodistas.com.mx\/portal\/wp-json\/wp\/v2\/posts\/48727\/revisions\/48729"}],"wp:featuredmedia":[{"embeddable":true,"href":"https:\/\/losperiodistas.com.mx\/portal\/wp-json\/wp\/v2\/media\/48728"}],"wp:attachment":[{"href":"https:\/\/losperiodistas.com.mx\/portal\/wp-json\/wp\/v2\/media?parent=48727"}],"wp:term":[{"taxonomy":"category","embeddable":true,"href":"https:\/\/losperiodistas.com.mx\/portal\/wp-json\/wp\/v2\/categories?post=48727"},{"taxonomy":"post_tag","embeddable":true,"href":"https:\/\/losperiodistas.com.mx\/portal\/wp-json\/wp\/v2\/tags?post=48727"}],"curies":[{"name":"wp","href":"https:\/\/api.w.org\/{rel}","templated":true}]}}