{"id":48724,"date":"2023-03-23T04:58:54","date_gmt":"2023-03-23T10:58:54","guid":{"rendered":"http:\/\/losperiodistas.com.mx\/portal\/?p=48724"},"modified":"2023-03-23T04:58:56","modified_gmt":"2023-03-23T10:58:56","slug":"gobernador-de-veracruz-responsabiliza-a-victima-de-feminicidio-por-callar-agresiones-la-costilla-rota","status":"publish","type":"post","link":"https:\/\/losperiodistas.com.mx\/portal\/gobernador-de-veracruz-responsabiliza-a-victima-de-feminicidio-por-callar-agresiones-la-costilla-rota\/","title":{"rendered":"Gobernador de Veracruz responsabiliza a v\u00edctima de feminicidio por callar agresiones\u00a0| La Costilla Rota"},"content":{"rendered":"\n<figure class=\"wp-block-image size-large is-style-default\"><img fetchpriority=\"high\" decoding=\"async\" width=\"1024\" height=\"331\" src=\"https:\/\/losperiodistas.com.mx\/portal\/wp-content\/uploads\/2023\/03\/Captura-de-Pantalla-2023-03-23-a-las-4.52.47-1024x331.jpg\" alt=\"\" class=\"wp-image-48725\" srcset=\"https:\/\/losperiodistas.com.mx\/portal\/wp-content\/uploads\/2023\/03\/Captura-de-Pantalla-2023-03-23-a-las-4.52.47-1024x331.jpg 1024w, https:\/\/losperiodistas.com.mx\/portal\/wp-content\/uploads\/2023\/03\/Captura-de-Pantalla-2023-03-23-a-las-4.52.47-300x97.jpg 300w, https:\/\/losperiodistas.com.mx\/portal\/wp-content\/uploads\/2023\/03\/Captura-de-Pantalla-2023-03-23-a-las-4.52.47-768x248.jpg 768w, https:\/\/losperiodistas.com.mx\/portal\/wp-content\/uploads\/2023\/03\/Captura-de-Pantalla-2023-03-23-a-las-4.52.47-1536x496.jpg 1536w, https:\/\/losperiodistas.com.mx\/portal\/wp-content\/uploads\/2023\/03\/Captura-de-Pantalla-2023-03-23-a-las-4.52.47.jpg 1566w\" sizes=\"(max-width: 1024px) 100vw, 1024px\" \/><\/figure>\n\n\n\n<p><\/p>\n\n\n\n<p class=\"has-vivid-purple-color has-text-color has-medium-font-size\"><strong>LA COSTILLA ROTA<\/strong><\/p>\n\n\n\n<p>El gobernador del estado de Veracruz, Cuitl\u00e1huac Garc\u00eda Jimenez, responsabiliz\u00f3 a una mujer, v\u00edctima de feminicidio, por haber callado de las agresiones que vivi\u00f3 durante mucho tiempo a manos de su pareja.<\/p>\n\n\n\n<p>Al ser cuestionado sobre dos feminicidios ocurridos, en Medell\u00edn y la zona centro del estado, en \u00faltimos d\u00edas, dijo que no es posible que una mujer se quede callada ante la violencia que se le ejerce, sin importar que est\u00e9 amenazada por su violentador de alguna forma.<\/p>\n\n\n\n<p>\u201cLa mujer agredida se tiene que enterar, que tiene derechos, que no tiene que depender de ese machista, aunque la amenace o la intente tener sometida, (\u2026) decirles a estas mujeres, no es posible, una de ellas guard\u00f3 silencio de las agresiones que el marido le ven\u00eda haciendo\u201d, se\u00f1al\u00f3 Garc\u00eda Jimenez.<\/p>\n\n\n\n<p>En ese mismo sentido el gobernador puso de ejemplo una antigua campa\u00f1a en la que se mostraba a actrices \u201cgolpeadas\u201d (con maquillaje) donde dec\u00edan que las mujeres deben denunciar sus agresiones.<\/p>\n\n\n\n<p>\u201cHubo intentos de algunas administraciones por contrarrestar esto (la violencia machista) \u00bfse acuerdan de una campa\u00f1a, del \u201cno te quedes callada\u201d?, expres\u00f3 el gobernador.<\/p>\n\n\n\n<p>Las principales recomendaciones que existen de especialistas en este tipo de situaciones es que institucionalmente se debe se\u00f1alar a el victimario y no a la v\u00edctima, pues de lo contrario se revictimiza y se vulneran sus derechos.<\/p>\n\n\n\n<p>Este tipo de expresiones han sido se\u00f1aladas en m\u00faltiples ocasiones por organizaciones que luchan en contra de la violencia de g\u00e9nero y organizaciones feministas, pues \u201cla responsabilidad\u201d de la violencia recae sobre las mujeres y no sobre el agresor.<\/p>\n\n\n\n<p>Nota publicada en\u00a0 Testigo P\u00farpura: https:\/\/testigopurpura.com\/2023\/03\/20\/gobernador-responsabiliza-a-victima-de-feminicidio-por-callar-agresiones\/<\/p>\n\n\n\n<p>Fuente: <a href=\"https:\/\/lacostillarota.com\/2023\/03\/22\/gobernador-de-veracruz-responsabiliza-a-victima-de-feminicidio-por-callar-agresiones\/\">https:\/\/lacostillarota.com\/2023\/03\/22\/gobernador-de-veracruz-responsabiliza-a-victima-de-feminicidio-por-callar-agresiones\/<\/a><\/p>\n","protected":false},"excerpt":{"rendered":"<p>LA COSTILLA ROTA El gobernador del estado de Veracruz, Cuitl\u00e1huac Garc\u00eda Jimenez, responsabiliz\u00f3 a una mujer, v\u00edctima de feminicidio, por [&hellip;]<\/p>\n","protected":false},"author":1,"featured_media":48725,"comment_status":"open","ping_status":"open","sticky":false,"template":"","format":"standard","meta":{"site-sidebar-layout":"default","site-content-layout":"","ast-site-content-layout":"default","site-content-style":"default","site-sidebar-style":"default","ast-global-header-display":"","ast-banner-title-visibility":"","ast-main-header-display":"","ast-hfb-above-header-display":"","ast-hfb-below-header-display":"","ast-hfb-mobile-header-display":"","site-post-title":"","ast-breadcrumbs-content":"","ast-featured-img":"","footer-sml-layout":"","theme-transparent-header-meta":"","adv-header-id-meta":"","stick-header-meta":"","header-above-stick-meta":"","header-main-stick-meta":"","header-below-stick-meta":"","astra-migrate-meta-layouts":"default","ast-page-background-enabled":"default","ast-page-background-meta":{"desktop":{"background-color":"var(--ast-global-color-4)","background-image":"","background-repeat":"repeat","background-position":"center center","background-size":"auto","background-attachment":"scroll","background-type":"","background-media":"","overlay-type":"","overlay-color":"","overlay-opacity":"","overlay-gradient":""},"tablet":{"background-color":"","background-image":"","background-repeat":"repeat","background-position":"center center","background-size":"auto","background-attachment":"scroll","background-type":"","background-media":"","overlay-type":"","overlay-color":"","overlay-opacity":"","overlay-gradient":""},"mobile":{"background-color":"","background-image":"","background-repeat":"repeat","background-position":"center center","background-size":"auto","background-attachment":"scroll","background-type":"","background-media":"","overlay-type":"","overlay-color":"","overlay-opacity":"","overlay-gradient":""}},"ast-content-background-meta":{"desktop":{"background-color":"var(--ast-global-color-5)","background-image":"","background-repeat":"repeat","background-position":"center center","background-size":"auto","background-attachment":"scroll","background-type":"","background-media":"","overlay-type":"","overlay-color":"","overlay-opacity":"","overlay-gradient":""},"tablet":{"background-color":"var(--ast-global-color-5)","background-image":"","background-repeat":"repeat","background-position":"center center","background-size":"auto","background-attachment":"scroll","background-type":"","background-media":"","overlay-type":"","overlay-color":"","overlay-opacity":"","overlay-gradient":""},"mobile":{"background-color":"var(--ast-global-color-5)","background-image":"","background-repeat":"repeat","background-position":"center center","background-size":"auto","background-attachment":"scroll","background-type":"","background-media":"","overlay-type":"","overlay-color":"","overlay-opacity":"","overlay-gradient":""}},"footnotes":""},"categories":[8],"tags":[15658,3462,4027],"class_list":["post-48724","post","type-post","status-publish","format-standard","has-post-thumbnail","hentry","category-noticias","tag-cuitlahuac-garcia-jimenez","tag-feminicidios","tag-veracruz"],"_links":{"self":[{"href":"https:\/\/losperiodistas.com.mx\/portal\/wp-json\/wp\/v2\/posts\/48724","targetHints":{"allow":["GET"]}}],"collection":[{"href":"https:\/\/losperiodistas.com.mx\/portal\/wp-json\/wp\/v2\/posts"}],"about":[{"href":"https:\/\/losperiodistas.com.mx\/portal\/wp-json\/wp\/v2\/types\/post"}],"author":[{"embeddable":true,"href":"https:\/\/losperiodistas.com.mx\/portal\/wp-json\/wp\/v2\/users\/1"}],"replies":[{"embeddable":true,"href":"https:\/\/losperiodistas.com.mx\/portal\/wp-json\/wp\/v2\/comments?post=48724"}],"version-history":[{"count":1,"href":"https:\/\/losperiodistas.com.mx\/portal\/wp-json\/wp\/v2\/posts\/48724\/revisions"}],"predecessor-version":[{"id":48726,"href":"https:\/\/losperiodistas.com.mx\/portal\/wp-json\/wp\/v2\/posts\/48724\/revisions\/48726"}],"wp:featuredmedia":[{"embeddable":true,"href":"https:\/\/losperiodistas.com.mx\/portal\/wp-json\/wp\/v2\/media\/48725"}],"wp:attachment":[{"href":"https:\/\/losperiodistas.com.mx\/portal\/wp-json\/wp\/v2\/media?parent=48724"}],"wp:term":[{"taxonomy":"category","embeddable":true,"href":"https:\/\/losperiodistas.com.mx\/portal\/wp-json\/wp\/v2\/categories?post=48724"},{"taxonomy":"post_tag","embeddable":true,"href":"https:\/\/losperiodistas.com.mx\/portal\/wp-json\/wp\/v2\/tags?post=48724"}],"curies":[{"name":"wp","href":"https:\/\/api.w.org\/{rel}","templated":true}]}}