{"id":48720,"date":"2023-03-23T04:49:58","date_gmt":"2023-03-23T10:49:58","guid":{"rendered":"http:\/\/losperiodistas.com.mx\/portal\/?p=48720"},"modified":"2023-03-23T04:50:00","modified_gmt":"2023-03-23T10:50:00","slug":"los-pilares-que-sostienen-al-regimen-de-daniel-ortega-pubico","status":"publish","type":"post","link":"https:\/\/losperiodistas.com.mx\/portal\/los-pilares-que-sostienen-al-regimen-de-daniel-ortega-pubico\/","title":{"rendered":"Los pilares que sostienen al r\u00e9gimen de Daniel Ortega | P\u00fabico"},"content":{"rendered":"\n<h2 class=\"has-vivid-green-cyan-background-color has-background has-medium-font-size wp-block-heading\" id=\"m69-68-70\">Analistas consultados para la elaboraci\u00f3n de este reportaje aseguran que los pilares que sostienen a Daniel Ortega est\u00e1n en el control de la Polic\u00eda Nacional y el Ej\u00e9rcito de Nicaragua, apoyados por grupos paramilitares.<\/h2>\n\n\n\n<figure class=\"wp-block-image size-full is-style-default\"><img fetchpriority=\"high\" decoding=\"async\" width=\"990\" height=\"660\" src=\"https:\/\/losperiodistas.com.mx\/portal\/wp-content\/uploads\/2023\/03\/641a039927041.jpg\" alt=\"\" class=\"wp-image-48721\" srcset=\"https:\/\/losperiodistas.com.mx\/portal\/wp-content\/uploads\/2023\/03\/641a039927041.jpg 990w, https:\/\/losperiodistas.com.mx\/portal\/wp-content\/uploads\/2023\/03\/641a039927041-300x200.jpg 300w, https:\/\/losperiodistas.com.mx\/portal\/wp-content\/uploads\/2023\/03\/641a039927041-768x512.jpg 768w\" sizes=\"(max-width: 990px) 100vw, 990px\" \/><figcaption>Ilustraci\u00f3n de la alianza de medios centroamericanos Otras Miradas.<\/figcaption><\/figure>\n\n\n\n<p class=\"has-vivid-red-color has-text-color has-medium-font-size\"><strong>EXPEDIENTE P\u00daBLICO \/ OTRAS MIRADAS \/ P\u00daBLICO<\/strong><\/p>\n\n\n\n<p>Daniel Ortega asumi\u00f3 el poder en Nicaragua en 2007, por segunda vez, con apenas un 38% de los votos. A partir de ese momento,\u00a0<em>el comandante<\/em>, como llaman al exguerrillero sandinista, teji\u00f3 una estrategia para mantener el control apoyado en el exterior por la Alianza Bolivariana de los Pueblos de Am\u00e9rica (ALBA), impulsada por Hugo Ch\u00e1vez (1954-2013), y dentro del pa\u00eds por las fuerzas armadas y el sector empresarial.<\/p>\n\n\n\n<p id=\"m109-1-110\">El 10 de enero de 2022, despu\u00e9s de varios fraudes electorales, Ortega asumi\u00f3 su cuarto mandato consecutivo junto con su esposa, Rosario Murillo, como vicepresidenta. Apoyados en estrategias pol\u00edticas, militares y econ\u00f3micas, consolidaron en Nicaragua un poder personal y familiar apartando a todas las voces cr\u00edticas de su administraci\u00f3n y derribando todo el marco institucional e independencia de poderes que se empez\u00f3 a construir hace m\u00e1s de 30 a\u00f1os con la llegada al poder de Violeta Barrios de Chamorro, en 1990.<\/p>\n\n\n\n<p id=\"m114-2-115\">El analista de asuntos internacionales costarricense,\u00a0<strong>Carlos Murillo Zamora<\/strong>, explica que las estructuras que sostienen a Ortega y Murillo \u00abhan venido evolucionando a trav\u00e9s del tiempo\u00bb hasta convertirlo en un\u00a0<strong>\u00abr\u00e9gimen autoritario sult\u00e1nico\u00bb<\/strong>.<\/p>\n\n\n\n<p id=\"m119-3-120\">\u00abNo es cualquier dictadura, decir que es un r\u00e9gimen dictatorial es ponerlo al mismo nivel de las dictaduras del siglo pasado en Am\u00e9rica Latina (\u2026). No solo controla la parte pol\u00edtica como hacen los reg\u00edmenes dictatoriales y autoritarios normales, sino que controla todo el espectro social, desde lo pol\u00edtico, econ\u00f3mico, social, religioso, cultural, es decir el sult\u00e1n decide qu\u00e9 es lo que ocurre en Nicaragua y c\u00f3mo ocurre\u00bb, mencion\u00f3 Murillo.<\/p>\n\n\n\n<h2 class=\"wp-block-heading\" id=\"m124-4-125\">Desmantelamiento de la institucionalidad<\/h2>\n\n\n\n<p id=\"m129-5-130\">En 1998, a trav\u00e9s del pacto que firm\u00f3 con<strong>&nbsp;el entonces presidente Arnoldo Alem\u00e1n<\/strong>&nbsp;(1997-2002), que dio paso a una serie de reformas constitucionales, el marco institucional comenz\u00f3 su deterioro y eso posibilit\u00f3 el triunfo electoral de Ortega en 2006.<\/p>\n\n\n\n<p id=\"m134-6-135\">Ese pacto tuvo otras consecuencias ya que implic\u00f3 la distribuci\u00f3n partidaria en la\u00a0<strong>Corte Suprema de Justicia<\/strong>\u00a0(CSJ), en\u00a0<strong>el Consejo Supremo Electoral<\/strong>\u00a0(CSE) y en la\u00a0<strong>Contralor\u00eda General de la Rep\u00fablica<\/strong>\u00a0(CGR).<\/p>\n\n\n\n<p id=\"m139-7-140\">Siguiendo al pie de la letra la frase que en 2012 acu\u00f1\u00f3\u00a0<strong>Tom\u00e1s Borge<\/strong>, fundador del Frente Sandinista de Liberaci\u00f3n Nacional (FSLN), en la que afirm\u00f3 que \u00abtodo puede pasar aqu\u00ed, menos que el Frente Sandinista pierda el poder\u00bb, Ortega construy\u00f3 la estructura de su proyecto pol\u00edtico que lo mantiene perpetuado.<\/p>\n\n\n\n<figure class=\"wp-block-image size-large is-style-default\"><img decoding=\"async\" width=\"925\" height=\"1024\" src=\"https:\/\/losperiodistas.com.mx\/portal\/wp-content\/uploads\/2023\/03\/Captura-de-Pantalla-2023-03-23-a-las-4.45.24-925x1024.jpg\" alt=\"\" class=\"wp-image-48722\" srcset=\"https:\/\/losperiodistas.com.mx\/portal\/wp-content\/uploads\/2023\/03\/Captura-de-Pantalla-2023-03-23-a-las-4.45.24-925x1024.jpg 925w, https:\/\/losperiodistas.com.mx\/portal\/wp-content\/uploads\/2023\/03\/Captura-de-Pantalla-2023-03-23-a-las-4.45.24-271x300.jpg 271w, https:\/\/losperiodistas.com.mx\/portal\/wp-content\/uploads\/2023\/03\/Captura-de-Pantalla-2023-03-23-a-las-4.45.24-768x850.jpg 768w, https:\/\/losperiodistas.com.mx\/portal\/wp-content\/uploads\/2023\/03\/Captura-de-Pantalla-2023-03-23-a-las-4.45.24.jpg 1324w\" sizes=\"(max-width: 925px) 100vw, 925px\" \/><\/figure>\n\n\n\n<p id=\"m149-9-150\">\u00abDaniel Ortega lo entendi\u00f3 muy bien en su momento, y cuando regresa al poder comienza a ejercer un control para consolidar el r\u00e9gimen, no es de 2018 para ac\u00e1. Es cuando regresa al poder que comienza a construir un sistema autoritario en donde controla el poder Ejecutivo, pasa al Legislativo, al Judicial, o sea va controlando todo el sistema pol\u00edtico y de gobierno en Nicaragua\u00bb, dijo Murillo.<\/p>\n\n\n\n<p id=\"m154-10-155\">En los \u00faltimos 16 a\u00f1os, el r\u00e9gimen elimin\u00f3 toda posibilidad de alternancia democr\u00e1tica. Pero, \u00bfcu\u00e1les son esos pilares que en la actualidad sostienen al r\u00e9gimen Ortega-Murillo y que les ayud\u00f3 a consolidarse?<\/p>\n\n\n\n<p class=\"has-cyan-bluish-gray-background-color has-background\"><a href=\"https:\/\/www.publico.es\/internacional\/movimientos-sociales-aniquilados-daniel-ortega-nicaragua.html#analytics-noticia:relacionada\">Los movimientos sociales aniquilados por Daniel Ortega en Nicaragua<\/a><a>DESPACHO 505<\/a><\/p>\n\n\n\n<h2 class=\"wp-block-heading\" id=\"m159-11-160\">Ej\u00e9rcito y Polic\u00eda, fieles a Ortega<\/h2>\n\n\n\n<p id=\"m164-12-165\">Uno de los fuertes pilares del r\u00e9gimen nicarag\u00fcense se encuentra en el control que ejerce en las fuerzas de seguridad y defensa nacional, como son la Polic\u00eda Nacional y el Ej\u00e9rcito de Nicaragua.<\/p>\n\n\n\n<p id=\"m169-13-170\">El primer comisionado&nbsp;<strong>Francisco D\u00edaz Madriz<\/strong>, nombrado director general de la Polic\u00eda Nacional el 5 de septiembre de 2018, y<strong>&nbsp;el general Julio C\u00e9sar Avil\u00e9s<\/strong>, quien asumi\u00f3 el 21 de febrero de 2020 para un tercer periodo que finaliza en 2025, dirigen ambas instituciones que son controladas por Ortega y Murillo.<\/p>\n\n\n\n<p id=\"m174-14-175\">Tanto D\u00edaz Madriz como Avil\u00e9s est\u00e1n sancionados por Estados Unidos por prestar un significativo apoyo a la represi\u00f3n contra los nicarag\u00fcenses que se manifestaron en 2018 y contribuir al desmantelamiento de las instituciones democr\u00e1ticas en el pa\u00eds centroamericano.<\/p>\n\n\n\n<p class=\"has-cyan-bluish-gray-background-color has-background\"><a href=\"https:\/\/www.publico.es\/internacional\/izquierda-latinoamericana-da-espalda-daniel-ortega.html#analytics-noticia:relacionada\"><br>La izquierda latinoamericana da la espalda a Daniel Ortega<\/a><a>RA\u00daL ZIBECHI (DESINFORM\u00c9MONOS)<\/a><\/p>\n\n\n\n<p id=\"m179-15-180\">La fidelidad que muestran ambos funcionarios se ve reflejada en cada acto p\u00fablico cuando aparecen acompa\u00f1ando a Ortega.<\/p>\n\n\n\n<p id=\"m189-17-190\">\u00abEl r\u00e9gimen se mantiene fundamentalmente por las armas, si las armas no las tuviera el r\u00e9gimen hace tiempo que no existir\u00eda\u00bb, se\u00f1al\u00f3&nbsp;<strong>el opositor nicarag\u00fcense Alfredo Guti\u00e9rrez<\/strong>. A partir de 2018, la Polic\u00eda se constituy\u00f3 en el brazo represor del r\u00e9gimen al usar municiones contra los manifestantes, participar en escuadrones de la muerte y perpetrar ejecuciones extrajudiciales, desapariciones y detenciones arbitrarias, como revela el&nbsp;<a href=\"https:\/\/reliefweb.int\/report\/nicaragua\/informe-del-grupo-de-expertos-en-derechos-humanos-sobre-nicaragua-ahrc5263-advance-unedited-version\" target=\"_blank\" rel=\"noreferrer noopener\">informe<\/a>&nbsp;que present\u00f3 el 2 de marzo de 2023 el&nbsp;<strong>Grupo de Expertos en Derechos Humanos<\/strong>&nbsp;sobre Nicaragua de Naciones Unidas.<\/p>\n\n\n\n<p id=\"m194-18-195\">Estados Unidos, por su parte, ha se\u00f1alado que el Ej\u00e9rcito nicarag\u00fcense no solo se neg\u00f3 a ordenar el desarme y el desmantelamiento de las fuerzas paramilitares o parapoliciales, durante y despu\u00e9s de las manifestaciones pac\u00edficas en 2018, sino que, adem\u00e1s, las evidencias indican que tambi\u00e9n \u00abentreg\u00f3 armas a los grupos parapoliciales que perpetraron actos de violencia contra los nicarag\u00fcenses\u00bb.<\/p>\n\n\n\n<p id=\"m199-19-200\">\u00abEs el \u00fanico sost\u00e9n realmente s\u00f3lido que tiene Ortega, entre comillas, porque mientras mantenga la c\u00fapula que tiene actualmente dirigiendo al Ej\u00e9rcito<strong>&nbsp;tiene garantizada la estabilidad del Ej\u00e9rcito a su favor<\/strong>\u00ab, a\u00f1adi\u00f3 Guti\u00e9rrez.<\/p>\n\n\n\n<h2 class=\"wp-block-heading\" id=\"m204-20-205\">Paramilitares que aterrorizan a la poblaci\u00f3n<\/h2>\n\n\n\n<p id=\"m209-21-210\">El Grupo de Expertos de Naciones Unidas determin\u00f3 que, durante las protestas c\u00edvicas de 2018, la Polic\u00eda actu\u00f3 en conjunto y de forma coordinada con grupos progubernamentales, mejor conocidos como paramilitares, que actuaron con total impunidad.<\/p>\n\n\n\n<p id=\"m214-22-215\">Las m\u00e1s altas autoridades del gobierno justificaron la actuaci\u00f3n de personas armadas no uniformadas, identificadas como&nbsp;<strong>\u00abpolic\u00edas voluntarios\u00bb<\/strong>. El mismo D\u00edaz Madriz,&nbsp;<a href=\"https:\/\/www.youtube.com\/watch?v=zB_VD2JuGG0\" target=\"_blank\" rel=\"noreferrer noopener\">en una entrevista con el medio de comunicaci\u00f3n noruego&nbsp;<em>Dagbladet<\/em><\/a>, publicada hace cuatro a\u00f1os, justific\u00f3 la represi\u00f3n perpetrada contra los manifestantes nicarag\u00fcenses.<\/p>\n\n\n\n<p id=\"m219-23-220\">El jefe policial reconoci\u00f3 en ese momento que<strong>&nbsp;los grupos paramilitares estaban \u00abdebidamente legalizados\u00bb<\/strong>. La&nbsp;<a href=\"http:\/\/legislacion.asamblea.gob.ni\/normaweb.nsf\/(%24All)\/5622C7C6B447C28A062570A10057D770?OpenDocument\" target=\"_blank\" rel=\"noreferrer noopener\">Ley Org\u00e1nica de la Polic\u00eda<\/a>, sin embargo, establece que la Polic\u00eda Nacional podr\u00e1 exhortar a los ciudadanos, para que voluntariamente y en la medida de sus posibilidades le auxilien en el ejercicio de sus funciones, pero no indica el uso de armas de fuego.<\/p>\n\n\n\n<figure class=\"wp-block-image is-style-default\" id=\"m224-24-225\"><a href=\"https:\/\/www.publico.es\/uploads\/2023\/03\/21\/641a08c1d2f51.jpeg\"><img decoding=\"async\" src=\"https:\/\/www.publico.es\/files\/article_main\/uploads\/2023\/03\/21\/641a08c1d2f51.jpeg\" alt=\"Estructuras de represi\u00f3n y vigilancia\"\/><\/a><figcaption>Estructuras de represi\u00f3n y vigilancia.<\/figcaption><\/figure>\n\n\n\n<p id=\"m241-25-242\">\u00abLa Polic\u00eda es un brazo armado familiar, ah\u00ed si ya no hay nada que hacer,&nbsp;<strong>hay que disolverla totalmente el d\u00eda que Ortega sea derrocado y fundar una nueva Polic\u00eda desde cero<\/strong>, eso est\u00e1 totalmente podrido y no existe ning\u00fan margen de recomposici\u00f3n\u00bb, se\u00f1al\u00f3 Guti\u00e9rrez.<\/p>\n\n\n\n<p id=\"m246-26-247\">En todos los casos investigados, el Grupo de Expertos concluy\u00f3 que la Polic\u00eda y los grupos paramilitares&nbsp;<strong>\u00abcometieron ejecuciones extrajudiciales\u00bb<\/strong>.<\/p>\n\n\n\n<h2 class=\"wp-block-heading\" id=\"m251-27-252\">Vigilancia territorial<\/h2>\n\n\n\n<p id=\"m256-28-257\">Bajo el principio constitucional de que la soberan\u00eda nacional reside en el pueblo, uno de los primeros decretos de Ortega al asumir la presidencia est\u00e1 relacionado a la creaci\u00f3n de los Consejos y Gabinetes del Poder Ciudadano.<br>El art\u00edculo 3 del decreto ejecutivo, aprobado por la Asamblea Nacional el 29 de noviembre de 2007, cre\u00f3 el Gabinete Nacional del Poder Ciudadano, que est\u00e1 integrado por los Consejos de Poder Ciudadano (CPC).<\/p>\n\n\n\n<p id=\"m261-29-262\">La&nbsp;<strong>dudosa legalidad<\/strong>&nbsp;de estos Consejos result\u00f3 en una modalidad de organizaci\u00f3n territorial de vigilancia. A la fecha, estas estructuras de apoyo al r\u00e9gimen son nada m\u00e1s que instancias de gesti\u00f3n partidaria a nivel de barrios y comunidades que operan en quince departamentos y las dos regiones del Caribe.<\/p>\n\n\n\n<figure class=\"wp-block-image is-style-default\" id=\"m266-30-267\"><a href=\"https:\/\/www.publico.es\/uploads\/2023\/03\/21\/641a099bdba69.jpeg\"><img decoding=\"async\" src=\"https:\/\/www.publico.es\/files\/article_main\/uploads\/2023\/03\/21\/641a099bdba69.jpeg\" alt=\"Estructuras de represi\u00f3n y vigilancia\"\/><\/a><figcaption>Estructuras de represi\u00f3n y vigilancia.<\/figcaption><\/figure>\n\n\n\n<p id=\"m283-31-284\">En el segundo periodo de gesti\u00f3n de Ortega (2012-2017), los CPC fueron sustituidos por&nbsp;<a href=\"https:\/\/www.el19digital.com\/articulos\/ver\/titulo:7414-organizan-gabinetes-comunitarios-en-nicaragua\">los Gabinetes de Familia, Comunidad y Vida, creados el 12 de diciembre de 2012<\/a>&nbsp;como parte de la estrategia de comunicaci\u00f3n llamada supuestamente a brindar apoyo en salud, educaci\u00f3n, ambiente limpio y cuidado responsable, pero son tambi\u00e9n instrumentos de control y no de participaci\u00f3n.<br>\u00abEsto es un proyecto expansionista\u00bb, refiri\u00f3 Guti\u00e9rrez.<\/p>\n\n\n\n<h2 class=\"wp-block-heading\" id=\"m288-32-289\">Asamblea Nacional cooptada<\/h2>\n\n\n\n<p id=\"m293-33-294\">La trama organizada por&nbsp;<strong>Ortega y Murillo<\/strong>&nbsp;incluye la cooptaci\u00f3n del resto de poderes, entre ellos la Asamblea Nacional, Corte Suprema de Justicia y Consejo Supremo Electoral, donde sin vacilar llenaron los espacios con fieles sandinistas que aprueban y dan el s\u00ed a toda solicitud que sale del Ejecutivo.<\/p>\n\n\n\n<p id=\"m298-34-299\"><strong>Gustavo Porras<\/strong>, diputado sandinista y actual presidente de la Asamblea Nacional, ayuda a sostener al r\u00e9gimen aprobando leyes que socavan los procesos y las instituciones democr\u00e1ticas en Nicaragua. El tambi\u00e9n eterno secretario general de la Federaci\u00f3n de Trabajadores de la Salud (Fetsalud) es otro de los leales al r\u00e9gimen que acompa\u00f1a siempre a Ortega en sus discursos p\u00fablicos y programados.<\/p>\n\n\n\n<p id=\"m303-35-304\">En el \u00faltimo trimestre de 2020, los operadores pol\u00edticos del r\u00e9gimen en la Asamblea Nacional aprobaron un combo de leyes que marcaron el inicio de la reelecci\u00f3n presidencial de Ortega en 2021.<\/p>\n\n\n\n<p id=\"m308-36-309\">La Ley de Defensa de los Derechos del Pueblo a la Independencia, la Soberan\u00eda y Autodeterminaci\u00f3n para la Paz (Ley 1055); la Ley de Regulaci\u00f3n de Agentes Extranjeros (Ley 1040), y la Ley Especial de Ciberdelitos (Ley 1042), son legislaciones que el r\u00e9gimen sigue utilizando para desarticular a la oposici\u00f3n, amedrentar a los medios de comunicaci\u00f3n, organizaciones civiles y ciudadan\u00eda nicarag\u00fcense.<\/p>\n\n\n\n<figure class=\"wp-block-image is-style-default\" id=\"m313-37-314\"><a href=\"https:\/\/www.publico.es\/uploads\/2023\/03\/21\/641a09f126fc4.jpeg\"><img decoding=\"async\" src=\"https:\/\/www.publico.es\/files\/article_main\/\/files\/crop\/uploads\/2023\/03\/21\/641a09f126fc4.r_1679518059338.0-224-2000-1557.jpeg\" alt=\"Carlos Murillo\"\/><\/a><figcaption>Carlos Murillo.<\/figcaption><\/figure>\n\n\n\n<p id=\"m330-38-331\">Para Murillo, la participaci\u00f3n y lealtad de los diputados es parte de las alianzas que construy\u00f3 Ortega para asegurar el control total de los poderes del Estado.<\/p>\n\n\n\n<p id=\"m335-39-336\">\u00abTiene&nbsp;<strong>una alianza con las fuerzas armadas<\/strong>, con los cuerpos policiales, con sectores econ\u00f3micos, otra con sectores pol\u00edticos que se disfrazan de partidistas y como recompensa les da algo, ya sea m\u00e1s presupuesto o alg\u00fan tipo de beneficio para los distintos aliados. Eso le ha ido permitiendo tener un control cada vez m\u00e1s elevado\u00bb, afirma Murillo.<\/p>\n\n\n\n<h2 class=\"wp-block-heading\" id=\"m340-40-341\">Conflicto de poderes<\/h2>\n\n\n\n<p id=\"m345-41-346\">La embestida autoritaria de Ortega incluye tener a su servicio a la Corte Suprema de Justicia (CSJ) y el Consejo Supremo Electoral (CSE), desde donde garantiza los fraudes electorales, se despoja de su personer\u00eda jur\u00eddica a los partidos pol\u00edticos y se condena penalmente a los opositores y ciudadanos que difieren de su discurso.<\/p>\n\n\n\n<p id=\"m350-42-351\">La magistrada&nbsp;<strong>Alba Luz Ramos<\/strong>, de la CSJ, y&nbsp;<strong>Brenda Rocha<\/strong>, del CSE, tambi\u00e9n repaldan a Ortega p\u00fablicamente.<\/p>\n\n\n\n<p id=\"m355-43-356\">En 2009, la Suprema Corte que ya dirig\u00eda Ramos declar\u00f3 inaplicable una prohibici\u00f3n constitucional que imped\u00eda la reelecci\u00f3n consecutiva. Eso le permiti\u00f3 a Ortega postularse en las elecciones de 2011 y que el CSE lo declarara ganador con un 62,46%.<\/p>\n\n\n\n<p id=\"m360-44-361\">Luego, en 2013, la Asamblea Nacional vot\u00f3 a favor de una Constituci\u00f3n a la medida de Ortega, que no pone limitaciones a su reelecci\u00f3n indefinida.<br>Cada uno de los funcionarios que est\u00e1n en estas dependencias del Estado siguen contribuyendo al control que ejercen Ortega y Murillo.<\/p>\n\n\n\n<p id=\"m365-45-366\">\u00abEs imposible que el Poder Judicial logre recuperar su independencia (\u2026). La Corte no manda nada, eso no ha cambiado, ah\u00ed&nbsp;<strong>los que toman las decisiones son Daniel Ortega y Rosario Murillo y la transmiten a la Corte, al Tribunal de Apelaciones<\/strong>, como la que fue le\u00edda por Octavio Rothschuh y Ernesto Rodr\u00edguez\u00bb, dijo una fuente judicial que habl\u00f3 bajo anonimato para este reportaje.<\/p>\n\n\n\n<p id=\"m370-46-371\">La fuente se refiere a las sentencias dadas a conocer el 9 de febrero de 2023, en la que destierran y desnacionalizan a 222 presos pol\u00edticos, y la del 15 de febrero en la que 94 nicarag\u00fcenses fueron declarados ap\u00e1tridas y sus bienes confiscados.<\/p>\n\n\n\n<p id=\"m375-47-376\">\u00abEn algunos casos (las sentencias) ya est\u00e1n elaboradas o por lo menos los puntos principales (&#8230;). No hay ninguna posibilidad de independencia\u00bb, refiri\u00f3 la fuente judicial.<\/p>\n\n\n\n<p id=\"m380-48-381\">Las&nbsp;<strong>medidas \u00abinconstitucionales\u00bb de destierro y desnacionalizaci\u00f3n<\/strong>&nbsp;en contra de 317 nicarag\u00fcenses est\u00e1n vigentes y el \u00fanico camino que queda para restituir esos derechos ciudadanos son las instancias internacionales como la Corte Interamericana de Derechos Humanos (Corte-IDH).<\/p>\n\n\n\n<figure class=\"wp-block-image is-style-default\" id=\"m385-49-386\"><a href=\"https:\/\/www.publico.es\/uploads\/2023\/03\/21\/641a0a971606c.jpeg\"><img decoding=\"async\" src=\"https:\/\/www.publico.es\/files\/article_main\/\/files\/crop\/uploads\/2023\/03\/21\/641a0a971606c.r_1679518059364.0-148-1200-948.jpeg\" alt=\"Alfredo Guti\u00e9rrez\"\/><\/a><figcaption>Alfredo Guti\u00e9rrez.<\/figcaption><\/figure>\n\n\n\n<p id=\"m402-50-403\">\u00abEl destierro ni siquiera est\u00e1 en la Constituci\u00f3n y la p\u00e9rdida de la nacionalidad tampoco, ni siquiera existe como una pena, son ilegales las dos cosas. En teor\u00eda, se pudiera recurrir ante la Corte Suprema de Justicia, pero no tiene ning\u00fan sentido hacerlo, no creo que la revoquen\u00bb, explic\u00f3 la fuente judicial.<\/p>\n\n\n\n<h2 class=\"wp-block-heading\" id=\"m407-51-408\">Los fraudes electorales<\/h2>\n\n\n\n<p id=\"m412-52-413\">El CSE, desde 2008 y bajo el mando de&nbsp;<strong>Roberto Rivas Reyes<\/strong>&nbsp;(1954-2022), ha contribuido a fraudes electorales para favorecer a candidatos sandinistas y al mismo Ortega.<\/p>\n\n\n\n<p id=\"m417-53-418\">Las elecciones municipales de 2008 se vivieron bajo un ambiente de tensi\u00f3n y polarizaci\u00f3n por los se\u00f1alamientos de fraude. En esos comicios, el FSLN se adjudic\u00f3 105 alcald\u00edas de las 153 del pa\u00eds.<\/p>\n\n\n\n<p id=\"m422-54-423\">Los deliberados y masivos fraudes electorales continuaron en las posteriores jornadas. En 2022 el CSE, que dirige actualmente Rocha, declar\u00f3 ganadores a todos los fieles del r\u00e9gimen, que ahora gobiernan las 153 alcald\u00edas en el pa\u00eds.<br>Con el reciente destierro y desnacionalizaci\u00f3n de 222 presos pol\u00edticos, Ortega se asegur\u00f3 de \u00abliquidar a cualquier persona que tuviera alguna aspiraci\u00f3n a puestos pol\u00edticos\u00bb, asegur\u00f3 Murillo. \u00abPor el estilo del r\u00e9gimen, no puede permitir que alguien levante la mano y diga yo quiero participar\u00bb, agreg\u00f3 el analista pol\u00edtico costarricense.<\/p>\n\n\n\n<h2 class=\"wp-block-heading\" id=\"m427-55-428\">C\u00fapula empresarial desarticulada<\/h2>\n\n\n\n<p id=\"m432-56-433\">Durante once a\u00f1os, la alianza que mantuvo Ortega con el sector empresarial bajo la figura de un&nbsp;<em><strong>Modelo de Di\u00e1logo y Consenso<\/strong><\/em>, le permiti\u00f3 al exguerrillero construir su r\u00e9gimen de forma m\u00e1s tranquila.<\/p>\n\n\n\n<p id=\"m437-57-438\">En ese periodo que dur\u00f3 m\u00e1s de una d\u00e9cada, el&nbsp;<strong>Consejo Superior de la Empresa Privada (Cosep)<\/strong>&nbsp;incidi\u00f3 en la aprobaci\u00f3n de 124 leyes desde el 2008 hasta 2017, adem\u00e1s consigui\u00f3 sillas de representaci\u00f3n en m\u00e1s de 40 instituciones p\u00fablicas como el Banco Central de Nicaragua (BCN), la m\u00e1xima entidad econ\u00f3mica del pa\u00eds.<\/p>\n\n\n\n<p id=\"m442-58-443\">En 2018, tras el estallido social y pol\u00edtico, ese modelo entr\u00f3 en un franco deterioro y todo apuntaba a su fin.<\/p>\n\n\n\n<p id=\"m447-59-448\">\u00abEl&nbsp;<strong>problema de este tipo de reg\u00edmenes es que cada d\u00eda requiere m\u00e1s fuerza para mantener el control<\/strong>, por eso hemos visto en los \u00faltimos a\u00f1os c\u00f3mo ha venido eliminando a ciertos actores individuales, a l\u00edderes pol\u00edticos, a partidos pol\u00edticos, a oeneg\u00e9s, hasta que acabe con todo actor pol\u00edtico o aspirante a actor pol\u00edtico\u00bb, se\u00f1al\u00f3 Murillo.<\/p>\n\n\n\n<p id=\"m452-60-453\">Ese modelo con el sector privado qued\u00f3 sepultado por completo el 6 de marzo de 2023 a trav\u00e9s de un acuerdo firmado por la ministra de Gobernaci\u00f3n, Mar\u00eda Coronel Kinloch, publicado en el diario oficial La Gaceta, en la que se orden\u00f3 el cierre del Consejo Superior de la Empresa Privada (Cosep).<\/p>\n\n\n\n<p id=\"m457-61-458\">Para Guti\u00e9rrez, el cierre de la principal c\u00e1mara empresarial del pa\u00eds y de todas las organizaciones gremiales que la conformaban es una forma de ir allanando el camino para que los empresarios chinos se establezcan en el pa\u00eds centroamericano.<\/p>\n\n\n\n<p class=\"has-background\" id=\"m470-469-471\" style=\"background-color:#ebe5e5\"><em>Este reportaje forma parte de &#8216;Nicaragua: Sue\u00f1os Robados&#8217;, un proyecto de periodismo colaborativo y coordinado por la alianza de medios Otras Miradas, con la colaboraci\u00f3n de &#8216;Desinform\u00e9monos&#8217;, de M\u00e9xico; los nicarag\u00fcenses &#8216;Divergentes&#8217;, &#8216;Despacho 505&#8217; y &#8216;Expediente P\u00fablico&#8217;; &#8216;Agencia Ocote&#8217;, de Guatemala; y &#8216;P\u00fablico&#8217;, de Espa\u00f1a.<\/em><\/p>\n\n\n\n<p>Fuente: <a href=\"https:\/\/www.publico.es\/internacional\/pilares-sostienen-regimen-daniel-ortega.html#analytics-seccion:listado\">https:\/\/www.publico.es\/internacional\/pilares-sostienen-regimen-daniel-ortega.html#analytics-seccion:listado<\/a><\/p>\n","protected":false},"excerpt":{"rendered":"<p>Analistas consultados para la elaboraci\u00f3n de este reportaje aseguran que los pilares que sostienen a Daniel Ortega est\u00e1n en el [&hellip;]<\/p>\n","protected":false},"author":1,"featured_media":48721,"comment_status":"open","ping_status":"open","sticky":false,"template":"","format":"standard","meta":{"site-sidebar-layout":"default","site-content-layout":"","ast-site-content-layout":"default","site-content-style":"default","site-sidebar-style":"default","ast-global-header-display":"","ast-banner-title-visibility":"","ast-main-header-display":"","ast-hfb-above-header-display":"","ast-hfb-below-header-display":"","ast-hfb-mobile-header-display":"","site-post-title":"","ast-breadcrumbs-content":"","ast-featured-img":"","footer-sml-layout":"","theme-transparent-header-meta":"","adv-header-id-meta":"","stick-header-meta":"","header-above-stick-meta":"","header-main-stick-meta":"","header-below-stick-meta":"","astra-migrate-meta-layouts":"default","ast-page-background-enabled":"default","ast-page-background-meta":{"desktop":{"background-color":"var(--ast-global-color-4)","background-image":"","background-repeat":"repeat","background-position":"center center","background-size":"auto","background-attachment":"scroll","background-type":"","background-media":"","overlay-type":"","overlay-color":"","overlay-opacity":"","overlay-gradient":""},"tablet":{"background-color":"","background-image":"","background-repeat":"repeat","background-position":"center center","background-size":"auto","background-attachment":"scroll","background-type":"","background-media":"","overlay-type":"","overlay-color":"","overlay-opacity":"","overlay-gradient":""},"mobile":{"background-color":"","background-image":"","background-repeat":"repeat","background-position":"center center","background-size":"auto","background-attachment":"scroll","background-type":"","background-media":"","overlay-type":"","overlay-color":"","overlay-opacity":"","overlay-gradient":""}},"ast-content-background-meta":{"desktop":{"background-color":"var(--ast-global-color-5)","background-image":"","background-repeat":"repeat","background-position":"center center","background-size":"auto","background-attachment":"scroll","background-type":"","background-media":"","overlay-type":"","overlay-color":"","overlay-opacity":"","overlay-gradient":""},"tablet":{"background-color":"var(--ast-global-color-5)","background-image":"","background-repeat":"repeat","background-position":"center center","background-size":"auto","background-attachment":"scroll","background-type":"","background-media":"","overlay-type":"","overlay-color":"","overlay-opacity":"","overlay-gradient":""},"mobile":{"background-color":"var(--ast-global-color-5)","background-image":"","background-repeat":"repeat","background-position":"center center","background-size":"auto","background-attachment":"scroll","background-type":"","background-media":"","overlay-type":"","overlay-color":"","overlay-opacity":"","overlay-gradient":""}},"footnotes":""},"categories":[8],"tags":[2129,15657],"class_list":["post-48720","post","type-post","status-publish","format-standard","has-post-thumbnail","hentry","category-noticias","tag-daniel-ortega","tag-nicaragua-crisis"],"_links":{"self":[{"href":"https:\/\/losperiodistas.com.mx\/portal\/wp-json\/wp\/v2\/posts\/48720","targetHints":{"allow":["GET"]}}],"collection":[{"href":"https:\/\/losperiodistas.com.mx\/portal\/wp-json\/wp\/v2\/posts"}],"about":[{"href":"https:\/\/losperiodistas.com.mx\/portal\/wp-json\/wp\/v2\/types\/post"}],"author":[{"embeddable":true,"href":"https:\/\/losperiodistas.com.mx\/portal\/wp-json\/wp\/v2\/users\/1"}],"replies":[{"embeddable":true,"href":"https:\/\/losperiodistas.com.mx\/portal\/wp-json\/wp\/v2\/comments?post=48720"}],"version-history":[{"count":1,"href":"https:\/\/losperiodistas.com.mx\/portal\/wp-json\/wp\/v2\/posts\/48720\/revisions"}],"predecessor-version":[{"id":48723,"href":"https:\/\/losperiodistas.com.mx\/portal\/wp-json\/wp\/v2\/posts\/48720\/revisions\/48723"}],"wp:featuredmedia":[{"embeddable":true,"href":"https:\/\/losperiodistas.com.mx\/portal\/wp-json\/wp\/v2\/media\/48721"}],"wp:attachment":[{"href":"https:\/\/losperiodistas.com.mx\/portal\/wp-json\/wp\/v2\/media?parent=48720"}],"wp:term":[{"taxonomy":"category","embeddable":true,"href":"https:\/\/losperiodistas.com.mx\/portal\/wp-json\/wp\/v2\/categories?post=48720"},{"taxonomy":"post_tag","embeddable":true,"href":"https:\/\/losperiodistas.com.mx\/portal\/wp-json\/wp\/v2\/tags?post=48720"}],"curies":[{"name":"wp","href":"https:\/\/api.w.org\/{rel}","templated":true}]}}