{"id":48701,"date":"2023-03-22T10:51:30","date_gmt":"2023-03-22T16:51:30","guid":{"rendered":"http:\/\/losperiodistas.com.mx\/portal\/?p=48701"},"modified":"2023-03-22T10:51:34","modified_gmt":"2023-03-22T16:51:34","slug":"monologos-de-menade-teatro-del-pueblo-pone-a-puebla-en-el-mapa","status":"publish","type":"post","link":"https:\/\/losperiodistas.com.mx\/portal\/monologos-de-menade-teatro-del-pueblo-pone-a-puebla-en-el-mapa\/","title":{"rendered":"Mon\u00f3logos de M\u00e9nade | Teatro del Pueblo pone a Puebla en el mapa"},"content":{"rendered":"\n<figure class=\"wp-block-image size-large is-style-default\"><img fetchpriority=\"high\" decoding=\"async\" width=\"1024\" height=\"576\" src=\"https:\/\/losperiodistas.com.mx\/portal\/wp-content\/uploads\/2023\/03\/Teatro-del-Pueblo-1024x576.jpg\" alt=\"\" class=\"wp-image-48702\" srcset=\"https:\/\/losperiodistas.com.mx\/portal\/wp-content\/uploads\/2023\/03\/Teatro-del-Pueblo-1024x576.jpg 1024w, https:\/\/losperiodistas.com.mx\/portal\/wp-content\/uploads\/2023\/03\/Teatro-del-Pueblo-300x169.jpg 300w, https:\/\/losperiodistas.com.mx\/portal\/wp-content\/uploads\/2023\/03\/Teatro-del-Pueblo-768x432.jpg 768w, https:\/\/losperiodistas.com.mx\/portal\/wp-content\/uploads\/2023\/03\/Teatro-del-Pueblo.jpg 1200w\" sizes=\"(max-width: 1024px) 100vw, 1024px\" \/><\/figure>\n\n\n\n<p><\/p>\n\n\n\n<p class=\"has-vivid-red-color has-text-color\" style=\"font-size:26px\"><strong><em>Por Itandehui Rodr\u00edguez<\/em><\/strong><\/p>\n\n\n\n<p>@Itandehui_RoMa<\/p>\n\n\n\n<p>Por primera vez, pr\u00e1cticamente en toda la vida, el Teatro del Pueblo contar\u00e1 con espect\u00e1culos de una Feria de Primer nivel.<\/p>\n\n\n\n<p>No es mentira, grandes artista han ocupado este escenario, pero normalmente son dos o tres los estelares y el resto es de \u201crelleno\u201d.<\/p>\n\n\n\n<p>\u00bfCu\u00e1ndo imaginamos poder competirle de t\u00fa a t\u00fa a la Feria de San Marcos? \u00a1Nunca!<\/p>\n\n\n\n<p>El Palenque siempre ha tenido presencia de artistas muy buenos, pero el que por un tiempo se llam\u00f3 \u201cForo Art\u00edstico\u201d, no se hab\u00eda vestido de gala como lo que anunci\u00f3 ayer Sergio Salom\u00f3n C\u00e9spedes, el gobernador de Puebla, qui\u00e9n, durante la presentaci\u00f3n de la Feria de Puebla por fin termin\u00f3 con el secreto.<\/p>\n\n\n\n<figure class=\"wp-block-embed is-type-rich is-provider-twitter wp-block-embed-twitter\"><div class=\"wp-block-embed__wrapper\">\n<blockquote class=\"twitter-tweet\" data-width=\"500\" data-dnt=\"true\"><p lang=\"es\" dir=\"ltr\">\ud83c\udfa1 Con mucho gusto les comparto la cartelera oficial de la <a href=\"https:\/\/twitter.com\/FeriaPuebla?ref_src=twsrc%5Etfw\">@FeriaPuebla<\/a>. Etiqueten a su favorito: \ud83d\ude0e <a href=\"https:\/\/twitter.com\/hashtag\/FeriaDePuebla2023?src=hash&amp;ref_src=twsrc%5Etfw\">#FeriaDePuebla2023<\/a> <a href=\"https:\/\/t.co\/GuY3coKDsy\">pic.twitter.com\/GuY3coKDsy<\/a><\/p>&mdash; Sergio Salom\u00f3n (@SergioSalomonC) <a href=\"https:\/\/twitter.com\/SergioSalomonC\/status\/1638387132598296578?ref_src=twsrc%5Etfw\">March 22, 2023<\/a><\/blockquote><script async src=\"https:\/\/platform.twitter.com\/widgets.js\" charset=\"utf-8\"><\/script>\n<\/div><\/figure>\n\n\n\n<p>Solo les falt\u00f3 una cantante para tener a todos los top de TikTok, sin duda lo que persigue la administraci\u00f3n estatal es conectar con los j\u00f3venes y lo va a lograr. La estrategia fue muy bien trazada.<\/p>\n\n\n\n<p>La reacci\u00f3n de la mayor\u00eda de los presentes en el evento fue la misma, casi todos quieren estar en ese Teatro del Pueblo.<\/p>\n\n\n\n<p>Sin duda, Sergio Salom\u00f3n est\u00e1 logrando conectar con los poblanos con lo que nos gusta, primero, cercan\u00eda. Su slogan \u201cUn gobierno presente\u201d, describe muy bien el esp\u00edritu de la administraci\u00f3n de C\u00e9spedes. No hay d\u00eda de la semana que no se le vea en alg\u00fan municipio y en eventos en la capital.<\/p>\n\n\n\n<p>Lo segundo que nos gusta a los poblanos, es el mitote, la fiesta, la celebraci\u00f3n. La feria de este a\u00f1o, claramente ser\u00e1 una para recordarse.<\/p>\n\n\n\n<p>Y, preparen los sleepings y las casas de campa\u00f1a, porque las filas para entrar a ver estos espect\u00e1culos, sin duda van a ser de antolog\u00eda.<\/p>\n","protected":false},"excerpt":{"rendered":"<p>Por Itandehui Rodr\u00edguez @Itandehui_RoMa Por primera vez, pr\u00e1cticamente en toda la vida, el Teatro del Pueblo contar\u00e1 con espect\u00e1culos de [&hellip;]<\/p>\n","protected":false},"author":1,"featured_media":48702,"comment_status":"open","ping_status":"open","sticky":false,"template":"","format":"standard","meta":{"site-sidebar-layout":"default","site-content-layout":"","ast-site-content-layout":"default","site-content-style":"default","site-sidebar-style":"default","ast-global-header-display":"","ast-banner-title-visibility":"","ast-main-header-display":"","ast-hfb-above-header-display":"","ast-hfb-below-header-display":"","ast-hfb-mobile-header-display":"","site-post-title":"","ast-breadcrumbs-content":"","ast-featured-img":"","footer-sml-layout":"","theme-transparent-header-meta":"","adv-header-id-meta":"","stick-header-meta":"","header-above-stick-meta":"","header-main-stick-meta":"","header-below-stick-meta":"","astra-migrate-meta-layouts":"default","ast-page-background-enabled":"default","ast-page-background-meta":{"desktop":{"background-color":"var(--ast-global-color-4)","background-image":"","background-repeat":"repeat","background-position":"center center","background-size":"auto","background-attachment":"scroll","background-type":"","background-media":"","overlay-type":"","overlay-color":"","overlay-opacity":"","overlay-gradient":""},"tablet":{"background-color":"","background-image":"","background-repeat":"repeat","background-position":"center center","background-size":"auto","background-attachment":"scroll","background-type":"","background-media":"","overlay-type":"","overlay-color":"","overlay-opacity":"","overlay-gradient":""},"mobile":{"background-color":"","background-image":"","background-repeat":"repeat","background-position":"center center","background-size":"auto","background-attachment":"scroll","background-type":"","background-media":"","overlay-type":"","overlay-color":"","overlay-opacity":"","overlay-gradient":""}},"ast-content-background-meta":{"desktop":{"background-color":"var(--ast-global-color-5)","background-image":"","background-repeat":"repeat","background-position":"center center","background-size":"auto","background-attachment":"scroll","background-type":"","background-media":"","overlay-type":"","overlay-color":"","overlay-opacity":"","overlay-gradient":""},"tablet":{"background-color":"var(--ast-global-color-5)","background-image":"","background-repeat":"repeat","background-position":"center center","background-size":"auto","background-attachment":"scroll","background-type":"","background-media":"","overlay-type":"","overlay-color":"","overlay-opacity":"","overlay-gradient":""},"mobile":{"background-color":"var(--ast-global-color-5)","background-image":"","background-repeat":"repeat","background-position":"center center","background-size":"auto","background-attachment":"scroll","background-type":"","background-media":"","overlay-type":"","overlay-color":"","overlay-opacity":"","overlay-gradient":""}},"footnotes":""},"categories":[8,22],"tags":[15656,15655],"class_list":["post-48701","post","type-post","status-publish","format-standard","has-post-thumbnail","hentry","category-noticias","category-opinion-invitada","tag-feria-de-puebla-2023","tag-teatro-del-puebla-2023"],"_links":{"self":[{"href":"https:\/\/losperiodistas.com.mx\/portal\/wp-json\/wp\/v2\/posts\/48701","targetHints":{"allow":["GET"]}}],"collection":[{"href":"https:\/\/losperiodistas.com.mx\/portal\/wp-json\/wp\/v2\/posts"}],"about":[{"href":"https:\/\/losperiodistas.com.mx\/portal\/wp-json\/wp\/v2\/types\/post"}],"author":[{"embeddable":true,"href":"https:\/\/losperiodistas.com.mx\/portal\/wp-json\/wp\/v2\/users\/1"}],"replies":[{"embeddable":true,"href":"https:\/\/losperiodistas.com.mx\/portal\/wp-json\/wp\/v2\/comments?post=48701"}],"version-history":[{"count":1,"href":"https:\/\/losperiodistas.com.mx\/portal\/wp-json\/wp\/v2\/posts\/48701\/revisions"}],"predecessor-version":[{"id":48703,"href":"https:\/\/losperiodistas.com.mx\/portal\/wp-json\/wp\/v2\/posts\/48701\/revisions\/48703"}],"wp:featuredmedia":[{"embeddable":true,"href":"https:\/\/losperiodistas.com.mx\/portal\/wp-json\/wp\/v2\/media\/48702"}],"wp:attachment":[{"href":"https:\/\/losperiodistas.com.mx\/portal\/wp-json\/wp\/v2\/media?parent=48701"}],"wp:term":[{"taxonomy":"category","embeddable":true,"href":"https:\/\/losperiodistas.com.mx\/portal\/wp-json\/wp\/v2\/categories?post=48701"},{"taxonomy":"post_tag","embeddable":true,"href":"https:\/\/losperiodistas.com.mx\/portal\/wp-json\/wp\/v2\/tags?post=48701"}],"curies":[{"name":"wp","href":"https:\/\/api.w.org\/{rel}","templated":true}]}}