{"id":48684,"date":"2023-03-22T06:35:08","date_gmt":"2023-03-22T12:35:08","guid":{"rendered":"http:\/\/losperiodistas.com.mx\/portal\/?p=48684"},"modified":"2023-03-22T06:35:10","modified_gmt":"2023-03-22T12:35:10","slug":"amlo-y-kerry-acuerdan-construir-plantas-fotovoltaicas-y-eolicas-en-mexico-el-financiero","status":"publish","type":"post","link":"https:\/\/losperiodistas.com.mx\/portal\/amlo-y-kerry-acuerdan-construir-plantas-fotovoltaicas-y-eolicas-en-mexico-el-financiero\/","title":{"rendered":"AMLO y Kerry acuerdan construir plantas fotovoltaicas y e\u00f3licas en M\u00e9xico | El Financiero"},"content":{"rendered":"\n<h2 class=\"has-light-green-cyan-background-color has-background has-medium-font-size wp-block-heading\">Se trata de una inversi\u00f3n para m\u00e1s de 10 plantas e\u00f3licas y fotovolcaicas, de acuerdo con el canciller Marcelo Ebrard.<\/h2>\n\n\n\n<figure class=\"wp-block-image size-large is-style-default\"><img fetchpriority=\"high\" decoding=\"async\" width=\"1024\" height=\"683\" src=\"https:\/\/losperiodistas.com.mx\/portal\/wp-content\/uploads\/2023\/03\/Captura-de-Pantalla-2023-03-22-a-las-6.29.41-1024x683.jpg\" alt=\"\" class=\"wp-image-48685\" srcset=\"https:\/\/losperiodistas.com.mx\/portal\/wp-content\/uploads\/2023\/03\/Captura-de-Pantalla-2023-03-22-a-las-6.29.41-1024x683.jpg 1024w, https:\/\/losperiodistas.com.mx\/portal\/wp-content\/uploads\/2023\/03\/Captura-de-Pantalla-2023-03-22-a-las-6.29.41-300x200.jpg 300w, https:\/\/losperiodistas.com.mx\/portal\/wp-content\/uploads\/2023\/03\/Captura-de-Pantalla-2023-03-22-a-las-6.29.41-768x513.jpg 768w, https:\/\/losperiodistas.com.mx\/portal\/wp-content\/uploads\/2023\/03\/Captura-de-Pantalla-2023-03-22-a-las-6.29.41-1536x1025.jpg 1536w, https:\/\/losperiodistas.com.mx\/portal\/wp-content\/uploads\/2023\/03\/Captura-de-Pantalla-2023-03-22-a-las-6.29.41.jpg 1834w\" sizes=\"(max-width: 1024px) 100vw, 1024px\" \/><figcaption>Andr\u00e9s Manuel L\u00f3pez Obrador acord\u00f3 invertir en energ\u00edas limpias con John Kerry.\u00a0(Presidencia)<\/figcaption><\/figure>\n\n\n\n<p class=\"has-vivid-red-color has-text-color has-medium-font-size\"><strong>DIANA BEN\u00cdTEZ \/ EL FINANCIERO<\/strong><\/p>\n\n\n\n<p>M\u00e9xico y Estados Unidos acordaron invertir en m\u00e1s de 10<strong>&nbsp;campos e\u00f3licos<\/strong>&nbsp;y fotovoltaicos, durante el&nbsp;<a href=\"https:\/\/www.elfinanciero.com.mx\/nacional\/2023\/03\/21\/presencia-de-john-kerry-en-oaxaca-es-signo-de-respeto-de-eu-hacia-mexico-afirma-ebrard\/\" target=\"_blank\" rel=\"noreferrer noopener\">encuentro entre el presidente Andr\u00e9s Manuel L\u00f3pez Obrador y John Kerry,<\/a>&nbsp;enviado para el Cambio Clim\u00e1tico de Estados Unidos, quien visit\u00f3 por s\u00e9ptima ocasi\u00f3n el pa\u00eds.<\/p>\n\n\n\n<p>\u201cEl Presidente y yo acordamos que habr\u00e1 un cierto n\u00famero de campos e\u00f3licos, y ayudaremos a construir m\u00e1s plantas solares\u201d, expres\u00f3 el representante de\u00a0<a href=\"https:\/\/www.elfinanciero.com.mx\/opinion\/clemente-ruiz-duran1\/2023\/03\/15\/biden-multifacetico-y-contradictorio\/\" target=\"_blank\" rel=\"noreferrer noopener\">Joe Biden<\/a>, a trav\u00e9s de un mensaje a medios, tras la reuni\u00f3n realizada en Oaxaca y que dur\u00f3 tres horas.<\/p>\n\n\n\n<p>Agreg\u00f3 que ambos gobiernos est\u00e1n \u201clistos\u201d para hablar con las compa\u00f1\u00edas y las personas que puedan financiarlas.<\/p>\n\n\n\n<p>Marcelo Ebrard, secretario de Relaciones Exteriores, se\u00f1al\u00f3 que se trata de m\u00e1s de 10 plantas, sin dar m\u00e1s detalles sobre c\u00f3mo o cu\u00e1ndo estar\u00e1n listas.<\/p>\n\n\n\n<p class=\"has-cyan-bluish-gray-background-color has-background\"><a href=\"https:\/\/www.elfinanciero.com.mx\/deportes\/2023\/03\/21\/clasico-mundial-beisbol-japon-campeon-2023-vencio-a-estados-unidos\/\"><\/a><a href=\"https:\/\/www.elfinanciero.com.mx\/deportes\/2023\/03\/21\/clasico-mundial-beisbol-japon-campeon-2023-vencio-a-estados-unidos\/\">\u00a1Toma eso, Estados Unidos! Jap\u00f3n es campe\u00f3n del Cl\u00e1sico Mundial de Beisbol 2023<\/a><\/p>\n\n\n\n<hr class=\"wp-block-separator\"\/>\n\n\n\n<p><strong>Manuel Bartlett<\/strong>, director de la Comisi\u00f3n Federal de Electricidad, agreg\u00f3 que \u201cvamos a hacer un an\u00e1lisis m\u00e1s amplio\u201d, pues Estados Unidos pidi\u00f3 m\u00e1s datos sobre cu\u00e1nto produce la&nbsp;<a href=\"https:\/\/www.elfinanciero.com.mx\/cdmx\/2023\/03\/21\/sequia-en-cdmx-como-ayudara-cfe-a-que-mas-agua-llegue-a-tu-casa\/\" target=\"_blank\" rel=\"noreferrer noopener\">Comisi\u00f3n Federal de Electricidad (CFE) de energ\u00edas limpias.<\/a><\/p>\n\n\n\n<p>Afirm\u00f3 que la CFE present\u00f3 proyectos para plantas fotovoltaicas, y e\u00f3licas para Oaxaca, pero habr\u00e1 una reuni\u00f3n en dos meses para \u201cllegar a una conclusi\u00f3n lo m\u00e1s pronto posible\u201d.<\/p>\n\n\n\n<p>Sin embargo, Ken Salazar, embajador de Estados Unidos en M\u00e9xico, lo apur\u00f3.<\/p>\n\n\n\n<p>\u201cCon todo respeto Manuel,<strong>\u00a0lo deber\u00edamos hacer m\u00e1s pronto<\/strong>\u00a0que en dos o tres meses, porque hay mucho trabajo del an\u00e1lisis est\u00e1 ya.<\/p>\n\n\n\n<p class=\"has-cyan-bluish-gray-background-color has-background\"><a href=\"https:\/\/www.elfinanciero.com.mx\/nacional\/2023\/03\/21\/pan-denuncia-a-amlo-por-poner-mananeras-en-modulos-pension-del-bienestar\/\"><\/a><a href=\"https:\/\/www.elfinanciero.com.mx\/nacional\/2023\/03\/21\/pan-denuncia-a-amlo-por-poner-mananeras-en-modulos-pension-del-bienestar\/\">PAN denuncia a AMLO por poner \u2018ma\u00f1aneras\u2019 en m\u00f3dulos de Pensi\u00f3n del Bienestar<\/a><\/p>\n\n\n\n<hr class=\"wp-block-separator\"\/>\n\n\n\n<p>\u201cOjal\u00e1 que tengamos esta reuni\u00f3n, donde t\u00fa vengas a Washington, y pongamos ya el plan de acci\u00f3n, que llevemos bastante acci\u00f3n\u201d.<\/p>\n\n\n\n<p>Record\u00f3 que ya tiene m\u00e1s de un a\u00f1o entre el primer encuentro de Kerry con el Ejecutivo mexicano, pero el trabajo no puede quedarse \u201csobre la mesa\u201d, cuando el calentamiento global sigue creciendo.<\/p>\n\n\n\n<p>Por otra parte, Marcelo Ebrard tambi\u00e9n resalt\u00f3 que si bien la reuni\u00f3n fue \u201clarga\u201d concluy\u00f3 \u201ccon un buen resultado\u201d.<\/p>\n\n\n\n<p>Fuente: <a href=\"https:\/\/www.elfinanciero.com.mx\/nacional\/2023\/03\/22\/amlo-y-kerry-acuerdan-construir-plantas-fotovoltaicas-y-eolicas-en-mexico\/\">https:\/\/www.elfinanciero.com.mx\/nacional\/2023\/03\/22\/amlo-y-kerry-acuerdan-construir-plantas-fotovoltaicas-y-eolicas-en-mexico\/<\/a><\/p>\n","protected":false},"excerpt":{"rendered":"<p>Se trata de una inversi\u00f3n para m\u00e1s de 10 plantas e\u00f3licas y fotovolcaicas, de acuerdo con el canciller Marcelo Ebrard. [&hellip;]<\/p>\n","protected":false},"author":1,"featured_media":48685,"comment_status":"open","ping_status":"open","sticky":false,"template":"","format":"standard","meta":{"site-sidebar-layout":"default","site-content-layout":"","ast-site-content-layout":"default","site-content-style":"default","site-sidebar-style":"default","ast-global-header-display":"","ast-banner-title-visibility":"","ast-main-header-display":"","ast-hfb-above-header-display":"","ast-hfb-below-header-display":"","ast-hfb-mobile-header-display":"","site-post-title":"","ast-breadcrumbs-content":"","ast-featured-img":"","footer-sml-layout":"","theme-transparent-header-meta":"","adv-header-id-meta":"","stick-header-meta":"","header-above-stick-meta":"","header-main-stick-meta":"","header-below-stick-meta":"","astra-migrate-meta-layouts":"default","ast-page-background-enabled":"default","ast-page-background-meta":{"desktop":{"background-color":"var(--ast-global-color-4)","background-image":"","background-repeat":"repeat","background-position":"center center","background-size":"auto","background-attachment":"scroll","background-type":"","background-media":"","overlay-type":"","overlay-color":"","overlay-opacity":"","overlay-gradient":""},"tablet":{"background-color":"","background-image":"","background-repeat":"repeat","background-position":"center center","background-size":"auto","background-attachment":"scroll","background-type":"","background-media":"","overlay-type":"","overlay-color":"","overlay-opacity":"","overlay-gradient":""},"mobile":{"background-color":"","background-image":"","background-repeat":"repeat","background-position":"center center","background-size":"auto","background-attachment":"scroll","background-type":"","background-media":"","overlay-type":"","overlay-color":"","overlay-opacity":"","overlay-gradient":""}},"ast-content-background-meta":{"desktop":{"background-color":"var(--ast-global-color-5)","background-image":"","background-repeat":"repeat","background-position":"center center","background-size":"auto","background-attachment":"scroll","background-type":"","background-media":"","overlay-type":"","overlay-color":"","overlay-opacity":"","overlay-gradient":""},"tablet":{"background-color":"var(--ast-global-color-5)","background-image":"","background-repeat":"repeat","background-position":"center center","background-size":"auto","background-attachment":"scroll","background-type":"","background-media":"","overlay-type":"","overlay-color":"","overlay-opacity":"","overlay-gradient":""},"mobile":{"background-color":"var(--ast-global-color-5)","background-image":"","background-repeat":"repeat","background-position":"center center","background-size":"auto","background-attachment":"scroll","background-type":"","background-media":"","overlay-type":"","overlay-color":"","overlay-opacity":"","overlay-gradient":""}},"footnotes":""},"categories":[8],"tags":[34,5269,14648,15653],"class_list":["post-48684","post","type-post","status-publish","format-standard","has-post-thumbnail","hentry","category-noticias","tag-cfe","tag-energia-eolica","tag-energias-limpias-mexico","tag-plantas-fotovoltaicas"],"_links":{"self":[{"href":"https:\/\/losperiodistas.com.mx\/portal\/wp-json\/wp\/v2\/posts\/48684","targetHints":{"allow":["GET"]}}],"collection":[{"href":"https:\/\/losperiodistas.com.mx\/portal\/wp-json\/wp\/v2\/posts"}],"about":[{"href":"https:\/\/losperiodistas.com.mx\/portal\/wp-json\/wp\/v2\/types\/post"}],"author":[{"embeddable":true,"href":"https:\/\/losperiodistas.com.mx\/portal\/wp-json\/wp\/v2\/users\/1"}],"replies":[{"embeddable":true,"href":"https:\/\/losperiodistas.com.mx\/portal\/wp-json\/wp\/v2\/comments?post=48684"}],"version-history":[{"count":1,"href":"https:\/\/losperiodistas.com.mx\/portal\/wp-json\/wp\/v2\/posts\/48684\/revisions"}],"predecessor-version":[{"id":48686,"href":"https:\/\/losperiodistas.com.mx\/portal\/wp-json\/wp\/v2\/posts\/48684\/revisions\/48686"}],"wp:featuredmedia":[{"embeddable":true,"href":"https:\/\/losperiodistas.com.mx\/portal\/wp-json\/wp\/v2\/media\/48685"}],"wp:attachment":[{"href":"https:\/\/losperiodistas.com.mx\/portal\/wp-json\/wp\/v2\/media?parent=48684"}],"wp:term":[{"taxonomy":"category","embeddable":true,"href":"https:\/\/losperiodistas.com.mx\/portal\/wp-json\/wp\/v2\/categories?post=48684"},{"taxonomy":"post_tag","embeddable":true,"href":"https:\/\/losperiodistas.com.mx\/portal\/wp-json\/wp\/v2\/tags?post=48684"}],"curies":[{"name":"wp","href":"https:\/\/api.w.org\/{rel}","templated":true}]}}