{"id":48679,"date":"2023-03-22T06:11:59","date_gmt":"2023-03-22T12:11:59","guid":{"rendered":"http:\/\/losperiodistas.com.mx\/portal\/?p=48679"},"modified":"2023-03-22T06:12:01","modified_gmt":"2023-03-22T12:12:01","slug":"la-casa-blanca-reviro-a-amlo-sobre-la-crisis-de-fentanilo-no-es-un-problema-de-eeuu-es-global-infobae","status":"publish","type":"post","link":"https:\/\/losperiodistas.com.mx\/portal\/la-casa-blanca-reviro-a-amlo-sobre-la-crisis-de-fentanilo-no-es-un-problema-de-eeuu-es-global-infobae\/","title":{"rendered":"La Casa Blanca revir\u00f3 a AMLO sobre la crisis de fentanilo: \u201cNo es un problema de EEUU, es global\u201d | Infobae"},"content":{"rendered":"\n<h2 class=\"has-light-green-cyan-background-color has-background has-medium-font-size wp-block-heading\">Los gobiernos de Joe Biden y L\u00f3pez Obrador han externado su disposici\u00f3n para trabajar en conjunto para atender y frenar el tr\u00e1fico y consumo de narc\u00f3ticos<\/h2>\n\n\n\n<figure class=\"wp-block-image size-large is-resized is-style-default\"><img fetchpriority=\"high\" decoding=\"async\" src=\"https:\/\/losperiodistas.com.mx\/portal\/wp-content\/uploads\/2023\/03\/Captura-de-Pantalla-2023-03-22-a-las-6.06.05-1024x687.jpg\" alt=\"\" class=\"wp-image-48680\" width=\"840\" height=\"563\" srcset=\"https:\/\/losperiodistas.com.mx\/portal\/wp-content\/uploads\/2023\/03\/Captura-de-Pantalla-2023-03-22-a-las-6.06.05-1024x687.jpg 1024w, https:\/\/losperiodistas.com.mx\/portal\/wp-content\/uploads\/2023\/03\/Captura-de-Pantalla-2023-03-22-a-las-6.06.05-300x201.jpg 300w, https:\/\/losperiodistas.com.mx\/portal\/wp-content\/uploads\/2023\/03\/Captura-de-Pantalla-2023-03-22-a-las-6.06.05-768x516.jpg 768w, https:\/\/losperiodistas.com.mx\/portal\/wp-content\/uploads\/2023\/03\/Captura-de-Pantalla-2023-03-22-a-las-6.06.05-1536x1031.jpg 1536w, https:\/\/losperiodistas.com.mx\/portal\/wp-content\/uploads\/2023\/03\/Captura-de-Pantalla-2023-03-22-a-las-6.06.05.jpg 1710w\" sizes=\"(max-width: 840px) 100vw, 840px\" \/><figcaption>La secretaria de Prensa de la Casa Blanca, Karine Jean-Pierre, defendi\u00f3 que EEUU no es el \u00fanico responsable de las muertes provocadas por el fentanilo. (REUTERS\/Evelyn Hockstein)<\/figcaption><\/figure>\n\n\n\n<p class=\"has-vivid-red-background-color has-background has-medium-font-size\"><strong>BARUC MAYEN \/ INFOBAE<\/strong><\/p>\n\n\n\n<p>Los comentarios de&nbsp;<strong>Andr\u00e9s Manuel L\u00f3pez Obrador<\/strong>&nbsp;respecto a la<strong>&nbsp;crisis de consumo de fentanilo<\/strong>&nbsp;en Estados Unidos fueron, una vez m\u00e1s, motivo de respuesta por parte de la Casa Blanca, pues en su conferencia matutina del 21 de marzo el presidente mexicano mencion\u00f3 que una de las principales causas de dicha situaci\u00f3n ser\u00eda la \u201cdescomposici\u00f3n social\u201d.<\/p>\n\n\n\n<div class=\"wp-block-image is-style-default\"><figure class=\"alignleft is-resized\"><img decoding=\"async\" src=\"https:\/\/cloudfront-us-east-1.images.arcpublishing.com\/infobae\/IXDYLPDFG5CQVJMN7EW2HSH7WY.jpg\" alt=\"M\u00e9dicos reaccionaron a la propuesta del presidente L\u00f3pez Obrador para prohibir el uso de fentanilo m\u00e9dico\" width=\"-556\" height=\"-312\"\/><\/figure><\/div>\n\n\n\n<p>Te puede interesar: <strong><a href=\"https:\/\/www.infobae.com\/mexico\/2023\/03\/16\/que-es-el-fentanilo-y-por-que-amlo-busca-prohibir-su-uso-medico\/\">\u00bfQu\u00e9 es el fentanilo y por qu\u00e9 AMLO busca prohibir su uso m\u00e9dico?<\/a><\/strong><\/p>\n\n\n\n<p>Desde Palacio Nacional, el mandatario federal expuso que el excesivo individualismo y la \u201c<strong>falta de integraci\u00f3n en las familias<\/strong>\u201d es lo que promueve que las y los j\u00f3venes se alejen de sus familias con mayor premura y tengan contacto con narc\u00f3ticos como el fentanilo o el cristal.<\/p>\n\n\n\n<p>Luego de dichas declaraciones, la prensa estadounidense pidi\u00f3 que<strong>&nbsp;Karine Jean-Pierre<\/strong>, secretaria de Prensa de la&nbsp;<strong>Casa Blanca<\/strong>, compartiera su postura al respecto. \u201cEn lo que se refiere al fentanilo, este<strong>&nbsp;no es un problema de EEUU, es global<\/strong>\u201d y enfatiz\u00f3 que el tr\u00e1fico de este opioide y otras sustancias ha causado un gran da\u00f1o social, as\u00ed como \u201cmuertes y sufrimiento innecesarios a la sociedad no s\u00f3lo aqu\u00ed, sino tambi\u00e9n en M\u00e9xico\u201d.<img decoding=\"async\" alt=\"Desde la Casa Blanca, Jean-Pierre refrend\u00f3 el compromiso de EEUU para colaborar con M\u00e9xico. (REUTERS\/Evelyn Hockstein)\" height=\"2300\" width=\"3321\" class=\"\" src=\"https:\/\/cloudfront-us-east-1.images.arcpublishing.com\/infobae\/JVPDBK6GL3BRRQHLTLCHKLFGLI.jpg\" srcset=\"https:\/\/www.infobae.com\/new-resizer\/ZnhrqfADaOgarhWs7vmR65ZOSVc=\/420x280\/filters:format(webp):quality(85)\/cloudfront-us-east-1.images.arcpublishing.com\/infobae\/JVPDBK6GL3BRRQHLTLCHKLFGLI.jpg 420w,https:\/\/www.infobae.com\/new-resizer\/kYZF_wLsXMxp9OrgkGNSprhOPPQ=\/768x512\/filters:format(webp):quality(85)\/cloudfront-us-east-1.images.arcpublishing.com\/infobae\/JVPDBK6GL3BRRQHLTLCHKLFGLI.jpg 768w,https:\/\/www.infobae.com\/new-resizer\/c89M1gVS7-b1IC_NYxoe3MoXH_Y=\/992x661\/filters:format(webp):quality(85)\/cloudfront-us-east-1.images.arcpublishing.com\/infobae\/JVPDBK6GL3BRRQHLTLCHKLFGLI.jpg 992w,https:\/\/www.infobae.com\/new-resizer\/M9Gd_1Qb3m0b5j7kvJNzqWyY6J8=\/1200x800\/filters:format(webp):quality(85)\/cloudfront-us-east-1.images.arcpublishing.com\/infobae\/JVPDBK6GL3BRRQHLTLCHKLFGLI.jpg 1200w,https:\/\/www.infobae.com\/new-resizer\/_2f1G75xPIDwhqCHu0pOmiPOkls=\/1440x960\/filters:format(webp):quality(85)\/cloudfront-us-east-1.images.arcpublishing.com\/infobae\/JVPDBK6GL3BRRQHLTLCHKLFGLI.jpg 1440w\">Desde la Casa Blanca, Jean-Pierre refrend\u00f3 el compromiso de EEUU para colaborar con M\u00e9xico. (REUTERS\/Evelyn Hockstein)<\/p>\n\n\n\n<p>En este sentido, record\u00f3 la reciente visita al pa\u00eds de\u00a0<strong>Liz Sherwood-Randall<\/strong>, asesora de Seguridad Nacional del presidente<strong>\u00a0Joe Biden<\/strong>, y otra delegaci\u00f3n de alto nivel para evaluar posibles rutas de acci\u00f3n que permitan detectar, desmantelar y enjuiciar a las organizaciones criminales que manufacturan y trafican fentanilo.<\/p>\n\n\n\n<p class=\"has-cyan-bluish-gray-background-color has-background\"><a href=\"https:\/\/www.infobae.com\/mexico\/2023\/03\/17\/senador-de-eeuu-critico-a-amlo-por-el-tema-del-fentanilo-y-advirtio-sobre-el-spring-break\/\" target=\"_blank\" rel=\"noreferrer noopener\">Te puede interesar:<strong>Senador de EEUU critic\u00f3 a AMLO por el tema del fentanilo y advirti\u00f3 sobre el \u201cspring break\u201d<\/strong><\/a><\/p>\n\n\n\n<p>Por tal motivo, luego de rechazar que las miles de muertes que ha causado el consumo de esta droga es responsabilidad \u00fanica de Estados Unidos, reiter\u00f3 que las distintas corporaciones de aquel pa\u00eds mantienen su compromiso para colaborar en M\u00e9xico.<\/p>\n\n\n\n<p>\u201cQueremos ser muy claros al respecto. Cuando pensamos en el fentanilo<strong>\u00a0es algo que est\u00e1 afectando a muchas comunidades<\/strong>. Vemos que nuestra relaci\u00f3n con M\u00e9xico es vital, es importante. Son un vecino cercano\u201d, manifest\u00f3 Jean-Pierre.<\/p>\n\n\n\n<p class=\"has-cyan-bluish-gray-background-color has-background\"><a href=\"https:\/\/www.infobae.com\/mexico\/2023\/03\/18\/crisis-de-sobredosis-de-fentanilo-en-eeuu-es-por-falta-de-abrazos-aseguro-amlo\/\" target=\"_blank\" rel=\"noreferrer noopener\">Te puede interesar:<strong>Crisis de sobredosis de fentanilo en EEUU es por falta de abrazos, asegur\u00f3 AMLO<\/strong><\/a><\/p>\n\n\n\n<p>Pese al deslinde de responsabilidades que L\u00f3pez Obrador plante\u00f3 durante su conferencia, tambi\u00e9n sostuvo que su administraci\u00f3n ha colaborado con EEUU para detener el trasiego de narc\u00f3ticos \u201cque causan la muerte a j\u00f3venes\u201d.<\/p>\n\n\n\n<p>\u201c[La campa\u00f1a binacional para frenar el consumo de fentanilo]<strong>&nbsp;se est\u00e1 llevando a cabo en M\u00e9xico&nbsp;<\/strong>y ellos han manifestado que la quieren hacer en Estados Unidos\u201d, dijo el mandatario.<img decoding=\"async\" alt=\"FOTO DE ARCHIVO: El presidente de M\u00e9xico, Andr\u00e9s Manuel L\u00f3pez Obrador, durante una conferencia de prensa en Palacio Nacional de Ciudad de M\u00e9xico, M\u00e9xico, el 10 de febrero de 2022.. REUTERS\/Edgard Garrido\" height=\"533\" width=\"800\" class=\"\" src=\"https:\/\/cloudfront-us-east-1.images.arcpublishing.com\/infobae\/KMF7KLYXKTFOJN7KUEDSFDCIUU.jpg\" srcset=\"https:\/\/www.infobae.com\/new-resizer\/briuc8_st73MElqNHyJlZYPddfo=\/420x280\/filters:format(webp):quality(85)\/cloudfront-us-east-1.images.arcpublishing.com\/infobae\/KMF7KLYXKTFOJN7KUEDSFDCIUU.jpg 420w,https:\/\/www.infobae.com\/new-resizer\/EBvCXnagosvGG_E1aGK56zdwxzM=\/768x512\/filters:format(webp):quality(85)\/cloudfront-us-east-1.images.arcpublishing.com\/infobae\/KMF7KLYXKTFOJN7KUEDSFDCIUU.jpg 768w,https:\/\/www.infobae.com\/new-resizer\/_5TZRBoUACS8fm5Ps_jrMNmMCBs=\/992x661\/filters:format(webp):quality(85)\/cloudfront-us-east-1.images.arcpublishing.com\/infobae\/KMF7KLYXKTFOJN7KUEDSFDCIUU.jpg 992w,https:\/\/www.infobae.com\/new-resizer\/4Cm8HQq9cSV4q3k8v-mGNhUWFYs=\/1200x800\/filters:format(webp):quality(85)\/cloudfront-us-east-1.images.arcpublishing.com\/infobae\/KMF7KLYXKTFOJN7KUEDSFDCIUU.jpg 1200w,https:\/\/www.infobae.com\/new-resizer\/7PpMaKJZw_KoU5Ov_5qNLpeTciQ=\/1440x960\/filters:format(webp):quality(85)\/cloudfront-us-east-1.images.arcpublishing.com\/infobae\/KMF7KLYXKTFOJN7KUEDSFDCIUU.jpg 1440w\">FOTO DE ARCHIVO: El presidente de M\u00e9xico, Andr\u00e9s Manuel L\u00f3pez Obrador, durante una conferencia de prensa en Palacio Nacional de Ciudad de M\u00e9xico, M\u00e9xico, el 10 de febrero de 2022.. REUTERS\/Edgard Garrido<\/p>\n\n\n\n<blockquote class=\"wp-block-quote is-layout-flow wp-block-quote-is-layout-flow\"><p>\u201cEstamos ayudando, estamos cooperando, siempre lo hemos hecho, pero, lo mismo, sale la politiquer\u00eda all\u00e1 a echarnos la culpa a M\u00e9xico, porque se pelean all\u00e1 en lo electoral y entonces se les hace f\u00e1cil decir: \u2018M\u00e9xico violan derechos humanos, M\u00e9xico nos est\u00e1 invadiendo con fentanilo; M\u00e9xico, no se respeta la libertad de prensa, la libertad de expresi\u00f3n\u2019\u201d, acus\u00f3 L\u00f3pez Obrador.<\/p><\/blockquote>\n\n\n\n<p>Esta serie de aseveraciones se sumaron al debate reciente sobre el grado de participaci\u00f3n que tendr\u00eda nuestro pa\u00eds en la llegada de drogas a Estados Unidos. Por un lado, la Administraci\u00f3n de Control de Drogas (<strong>DEA<\/strong>, por sus siglas en ingl\u00e9s) ha identificado a organizaciones criminales como el C\u00e1rtel de Sinaloa o el C\u00e1rtel de Jalisco Nueva Generaci\u00f3n como los principales responsables de producir y traficar fentanilo.<\/p>\n\n\n\n<p>Al respecto, la Secretar\u00eda de Relaciones Exteriores (<strong>SRE<\/strong>) defendi\u00f3 que dichos grupos delictivos utilizar\u00edan el terreno nacional s\u00f3lo como una ruta \u201cde paso\u201d, pues no habr\u00eda registros de que en el pa\u00eds se hayan descubierto laboratorios de producci\u00f3n del opioide.<\/p>\n\n\n\n<p>\u201c<strong>Las autoridades de seguridad nacionales no tienen registro de producci\u00f3n de fentanilo en M\u00e9xico<\/strong>, sino que ubican a nuestro pa\u00eds como<strong>&nbsp;zona de tr\u00e1fico&nbsp;<\/strong>de ese opioide y sus precursores, los cuales provienen sobre todo de Asia\u201d, sostuvo la dependencia en un comunicado.<\/p>\n\n\n\n<p>Aunado a ello, especialistas como el equipo de investigaci\u00f3n de\u00a0<em>Insight Crime<\/em>\u00a0han externado que una de las principales dificultades para establecer conclusiones sobre el tema es la terminolog\u00eda utilizada por instituciones como la Secretar\u00eda de la Defensa Nacional (<strong>Sedena<\/strong>) al referirse a los hallazgos relacionados con \u201cnarcolaboratorios\u201d, pues no hay claridad sobre si las instalaciones son utilizadas para la s\u00edntesis qu\u00edmica, el prensado de p\u00edldoras o la \u201cconfecci\u00f3n\u201d de narc\u00f3ticos.<\/p>\n\n\n\n<p>Fuente: <a href=\"https:\/\/www.infobae.com\/mexico\/2023\/03\/22\/la-casa-blanca-reviro-a-amlo-sobre-la-crisis-de-fentanilo-no-es-un-problema-de-eeuu-es-global\/\">https:\/\/www.infobae.com\/mexico\/2023\/03\/22\/la-casa-blanca-reviro-a-amlo-sobre-la-crisis-de-fentanilo-no-es-un-problema-de-eeuu-es-global\/<\/a><\/p>\n","protected":false},"excerpt":{"rendered":"<p>Los gobiernos de Joe Biden y L\u00f3pez Obrador han externado su disposici\u00f3n para trabajar en conjunto para atender y frenar [&hellip;]<\/p>\n","protected":false},"author":1,"featured_media":48680,"comment_status":"open","ping_status":"open","sticky":false,"template":"","format":"standard","meta":{"site-sidebar-layout":"default","site-content-layout":"","ast-site-content-layout":"default","site-content-style":"default","site-sidebar-style":"default","ast-global-header-display":"","ast-banner-title-visibility":"","ast-main-header-display":"","ast-hfb-above-header-display":"","ast-hfb-below-header-display":"","ast-hfb-mobile-header-display":"","site-post-title":"","ast-breadcrumbs-content":"","ast-featured-img":"","footer-sml-layout":"","theme-transparent-header-meta":"","adv-header-id-meta":"","stick-header-meta":"","header-above-stick-meta":"","header-main-stick-meta":"","header-below-stick-meta":"","astra-migrate-meta-layouts":"default","ast-page-background-enabled":"default","ast-page-background-meta":{"desktop":{"background-color":"var(--ast-global-color-4)","background-image":"","background-repeat":"repeat","background-position":"center center","background-size":"auto","background-attachment":"scroll","background-type":"","background-media":"","overlay-type":"","overlay-color":"","overlay-opacity":"","overlay-gradient":""},"tablet":{"background-color":"","background-image":"","background-repeat":"repeat","background-position":"center center","background-size":"auto","background-attachment":"scroll","background-type":"","background-media":"","overlay-type":"","overlay-color":"","overlay-opacity":"","overlay-gradient":""},"mobile":{"background-color":"","background-image":"","background-repeat":"repeat","background-position":"center center","background-size":"auto","background-attachment":"scroll","background-type":"","background-media":"","overlay-type":"","overlay-color":"","overlay-opacity":"","overlay-gradient":""}},"ast-content-background-meta":{"desktop":{"background-color":"var(--ast-global-color-5)","background-image":"","background-repeat":"repeat","background-position":"center center","background-size":"auto","background-attachment":"scroll","background-type":"","background-media":"","overlay-type":"","overlay-color":"","overlay-opacity":"","overlay-gradient":""},"tablet":{"background-color":"var(--ast-global-color-5)","background-image":"","background-repeat":"repeat","background-position":"center center","background-size":"auto","background-attachment":"scroll","background-type":"","background-media":"","overlay-type":"","overlay-color":"","overlay-opacity":"","overlay-gradient":""},"mobile":{"background-color":"var(--ast-global-color-5)","background-image":"","background-repeat":"repeat","background-position":"center center","background-size":"auto","background-attachment":"scroll","background-type":"","background-media":"","overlay-type":"","overlay-color":"","overlay-opacity":"","overlay-gradient":""}},"footnotes":""},"categories":[8],"tags":[11389,15651,15652],"class_list":["post-48679","post","type-post","status-publish","format-standard","has-post-thumbnail","hentry","category-noticias","tag-fentanilo","tag-insight-crime","tag-narcolaboratorios-mexico"],"_links":{"self":[{"href":"https:\/\/losperiodistas.com.mx\/portal\/wp-json\/wp\/v2\/posts\/48679","targetHints":{"allow":["GET"]}}],"collection":[{"href":"https:\/\/losperiodistas.com.mx\/portal\/wp-json\/wp\/v2\/posts"}],"about":[{"href":"https:\/\/losperiodistas.com.mx\/portal\/wp-json\/wp\/v2\/types\/post"}],"author":[{"embeddable":true,"href":"https:\/\/losperiodistas.com.mx\/portal\/wp-json\/wp\/v2\/users\/1"}],"replies":[{"embeddable":true,"href":"https:\/\/losperiodistas.com.mx\/portal\/wp-json\/wp\/v2\/comments?post=48679"}],"version-history":[{"count":1,"href":"https:\/\/losperiodistas.com.mx\/portal\/wp-json\/wp\/v2\/posts\/48679\/revisions"}],"predecessor-version":[{"id":48681,"href":"https:\/\/losperiodistas.com.mx\/portal\/wp-json\/wp\/v2\/posts\/48679\/revisions\/48681"}],"wp:featuredmedia":[{"embeddable":true,"href":"https:\/\/losperiodistas.com.mx\/portal\/wp-json\/wp\/v2\/media\/48680"}],"wp:attachment":[{"href":"https:\/\/losperiodistas.com.mx\/portal\/wp-json\/wp\/v2\/media?parent=48679"}],"wp:term":[{"taxonomy":"category","embeddable":true,"href":"https:\/\/losperiodistas.com.mx\/portal\/wp-json\/wp\/v2\/categories?post=48679"},{"taxonomy":"post_tag","embeddable":true,"href":"https:\/\/losperiodistas.com.mx\/portal\/wp-json\/wp\/v2\/tags?post=48679"}],"curies":[{"name":"wp","href":"https:\/\/api.w.org\/{rel}","templated":true}]}}