{"id":48674,"date":"2023-03-22T05:57:34","date_gmt":"2023-03-22T11:57:34","guid":{"rendered":"http:\/\/losperiodistas.com.mx\/portal\/?p=48674"},"modified":"2023-03-22T05:57:54","modified_gmt":"2023-03-22T11:57:54","slug":"quien-encendio-el-cerillo","status":"publish","type":"post","link":"https:\/\/losperiodistas.com.mx\/portal\/quien-encendio-el-cerillo\/","title":{"rendered":"Palabra de Tigre | \u00bfQui\u00e9n encendi\u00f3 el cerillo?"},"content":{"rendered":"\n<p class=\"has-vivid-cyan-blue-background-color has-background\"><\/p>\n\n\n\n<p class=\"has-vivid-red-color has-text-color\" style=\"font-size:26px\"><strong><em>Por Humberto Aguilar Coronado<\/em><\/strong><\/p>\n\n\n\n<p>Desde hace cientos de a\u00f1os, la quema de Judas, figuras realizadas por artesanos en cart\u00f3n, es&nbsp; una tradici\u00f3n de lo m\u00e1s arraigada que se realiza al inicio de los festejos de Semana Santa.<\/p>\n\n\n\n<p>Lo mismo sucede con la quema de la figura del diablo, en diferentes fechas, que al final, representa el triunfo del bien sobre el mal.<\/p>\n\n\n\n<p>En nuestro pa\u00eds, por supuesto que no pod\u00eda faltar la tropicalizaci\u00f3n de esa y otras tradiciones, por lo que ahora es com\u00fan ver en pi\u00f1atas o cartoner\u00eda, a personajes populares, artistas y a muchos pol\u00edticos odiados por el colectivo, para ser quemados.<\/p>\n\n\n\n<p>Traigo esto a cuento porque parece que el presidente, desde Palacio Nacional quiere imponer una nueva tradici\u00f3n en nuestro pa\u00eds al descalificar, ofender, difamar y ahora hasta quemar en la Plaza p\u00fablica, a todas y todos aquellos que no piensan como \u00e9l y los encasilla como sus enemigos provocando con ello, que sus seguidores, incurran en excesos.<\/p>\n\n\n\n<p>La primera muestra se dio cuando los seguidores del presidente y de morena, colocaron por las principales plazas del pa\u00eds y en las puertas de la C\u00e1mara de Diputados, tendederos con lonas que presentaban las fotograf\u00edas de todas y todos los legisladores que nos opusimos a la reforma el\u00e9ctrica que no alcanz\u00f3 la mayor\u00eda constitucional para entrar en vigor.<\/p>\n\n\n\n<p>La segunda se present\u00f3 en las redes sociales cuando a alguien se le ocurri\u00f3 afirmar con una imagen, que el problema era la ministra y la soluci\u00f3n era una bala, provocando toda serie de reacciones en contra de esa velada amenaza.<\/p>\n\n\n\n<p>Una tercera muestra se present\u00f3 hace unos d\u00edas cuando una mujer afuera de la corte, con un supuesto fusil en la mano, amenaz\u00f3 con palabras fuertes a la ministra presidenta.<\/p>\n\n\n\n<p>La quema que se realiz\u00f3 el s\u00e1bado 18 de marzo, de una figura de cart\u00f3n con la imagen de la ministra de la Suprema Corte de Justicia de la Naci\u00f3n, durante el evento que convoc\u00f3 el presidente de la Rep\u00fablica, es otra muestra clara de lo que se puede presentar en el sentimiento y actuaci\u00f3n de los fan\u00e1ticos y extremistas, debido a la polarizaci\u00f3n que cada ma\u00f1ana se provoca y se incita desde las conocidas ma\u00f1aneras.<\/p>\n\n\n\n<p>Previamente, el presidente ya hab\u00eda descalificado a la ministra desde el momento mismo en que fue electa y despu\u00e9s del acto del 5 de febrero en Quer\u00e9taro, en que adem\u00e1s de permanecer sentada en el momento en que ingres\u00f3 el presidente al recinto, en su discurso manifest\u00f3 la independencia que el poder judicial debe de tener de quien ejerza el poder ejecutivo.<\/p>\n\n\n\n<p>Es cierto que ese acto ha provocado una enorme muestra de reprobaci\u00f3n y grandes muestras de solidaridad de hombres, mujeres, diversos colectivos y organizaciones sociales, incluidas las de la esposa del presidente, que conden\u00f3 la vejaci\u00f3n de su imagen; de la senadora Olga S\u00e1nchez Cordero y de la jefa de gobierno de la CDMX quien afirm\u00f3 que es una pr\u00e1ctica condenable.<\/p>\n\n\n\n<p>Sin embargo, debe responder el que encendi\u00f3 el cerillo que provoc\u00f3 la quema de la figura de cart\u00f3n con la cara de la ministra Pi\u00f1a y ese, no es otro que el mismo presidente.<\/p>\n\n\n\n<p>Desde este espacio, le expreso mi solidaridad a la Ministra Presidenta y rechazo cualquier muestra de odio y descalificaci\u00f3n que se pueda traducir en violencia.<\/p>\n\n\n\n<p>*Es Diputado Federal del PAN por el Distrito 10 con cabecera en San Pedro Cholula<\/p>\n","protected":false},"excerpt":{"rendered":"<p>Por Humberto Aguilar Coronado Desde hace cientos de a\u00f1os, la quema de Judas, figuras realizadas por artesanos en cart\u00f3n, es&nbsp; [&hellip;]<\/p>\n","protected":false},"author":1,"featured_media":48675,"comment_status":"open","ping_status":"open","sticky":false,"template":"","format":"standard","meta":{"site-sidebar-layout":"default","site-content-layout":"","ast-site-content-layout":"default","site-content-style":"default","site-sidebar-style":"default","ast-global-header-display":"","ast-banner-title-visibility":"","ast-main-header-display":"","ast-hfb-above-header-display":"","ast-hfb-below-header-display":"","ast-hfb-mobile-header-display":"","site-post-title":"","ast-breadcrumbs-content":"","ast-featured-img":"","footer-sml-layout":"","theme-transparent-header-meta":"","adv-header-id-meta":"","stick-header-meta":"","header-above-stick-meta":"","header-main-stick-meta":"","header-below-stick-meta":"","astra-migrate-meta-layouts":"default","ast-page-background-enabled":"default","ast-page-background-meta":{"desktop":{"background-color":"var(--ast-global-color-4)","background-image":"","background-repeat":"repeat","background-position":"center center","background-size":"auto","background-attachment":"scroll","background-type":"","background-media":"","overlay-type":"","overlay-color":"","overlay-opacity":"","overlay-gradient":""},"tablet":{"background-color":"","background-image":"","background-repeat":"repeat","background-position":"center center","background-size":"auto","background-attachment":"scroll","background-type":"","background-media":"","overlay-type":"","overlay-color":"","overlay-opacity":"","overlay-gradient":""},"mobile":{"background-color":"","background-image":"","background-repeat":"repeat","background-position":"center center","background-size":"auto","background-attachment":"scroll","background-type":"","background-media":"","overlay-type":"","overlay-color":"","overlay-opacity":"","overlay-gradient":""}},"ast-content-background-meta":{"desktop":{"background-color":"var(--ast-global-color-5)","background-image":"","background-repeat":"repeat","background-position":"center center","background-size":"auto","background-attachment":"scroll","background-type":"","background-media":"","overlay-type":"","overlay-color":"","overlay-opacity":"","overlay-gradient":""},"tablet":{"background-color":"var(--ast-global-color-5)","background-image":"","background-repeat":"repeat","background-position":"center center","background-size":"auto","background-attachment":"scroll","background-type":"","background-media":"","overlay-type":"","overlay-color":"","overlay-opacity":"","overlay-gradient":""},"mobile":{"background-color":"var(--ast-global-color-5)","background-image":"","background-repeat":"repeat","background-position":"center center","background-size":"auto","background-attachment":"scroll","background-type":"","background-media":"","overlay-type":"","overlay-color":"","overlay-opacity":"","overlay-gradient":""}},"footnotes":""},"categories":[8,18],"tags":[9644,15650],"class_list":["post-48674","post","type-post","status-publish","format-standard","has-post-thumbnail","hentry","category-noticias","category-palabra-de-tigre","tag-discurso-de-odio","tag-ministra-pina-hernandez"],"_links":{"self":[{"href":"https:\/\/losperiodistas.com.mx\/portal\/wp-json\/wp\/v2\/posts\/48674","targetHints":{"allow":["GET"]}}],"collection":[{"href":"https:\/\/losperiodistas.com.mx\/portal\/wp-json\/wp\/v2\/posts"}],"about":[{"href":"https:\/\/losperiodistas.com.mx\/portal\/wp-json\/wp\/v2\/types\/post"}],"author":[{"embeddable":true,"href":"https:\/\/losperiodistas.com.mx\/portal\/wp-json\/wp\/v2\/users\/1"}],"replies":[{"embeddable":true,"href":"https:\/\/losperiodistas.com.mx\/portal\/wp-json\/wp\/v2\/comments?post=48674"}],"version-history":[{"count":2,"href":"https:\/\/losperiodistas.com.mx\/portal\/wp-json\/wp\/v2\/posts\/48674\/revisions"}],"predecessor-version":[{"id":48678,"href":"https:\/\/losperiodistas.com.mx\/portal\/wp-json\/wp\/v2\/posts\/48674\/revisions\/48678"}],"wp:featuredmedia":[{"embeddable":true,"href":"https:\/\/losperiodistas.com.mx\/portal\/wp-json\/wp\/v2\/media\/48675"}],"wp:attachment":[{"href":"https:\/\/losperiodistas.com.mx\/portal\/wp-json\/wp\/v2\/media?parent=48674"}],"wp:term":[{"taxonomy":"category","embeddable":true,"href":"https:\/\/losperiodistas.com.mx\/portal\/wp-json\/wp\/v2\/categories?post=48674"},{"taxonomy":"post_tag","embeddable":true,"href":"https:\/\/losperiodistas.com.mx\/portal\/wp-json\/wp\/v2\/tags?post=48674"}],"curies":[{"name":"wp","href":"https:\/\/api.w.org\/{rel}","templated":true}]}}