{"id":48671,"date":"2023-03-22T05:51:31","date_gmt":"2023-03-22T11:51:31","guid":{"rendered":"http:\/\/losperiodistas.com.mx\/portal\/?p=48671"},"modified":"2023-03-22T05:51:33","modified_gmt":"2023-03-22T11:51:33","slug":"bancos-han-adquirido-concesiones-de-agua-en-mexico-revela-alejandro-carvajal-ljo","status":"publish","type":"post","link":"https:\/\/losperiodistas.com.mx\/portal\/bancos-han-adquirido-concesiones-de-agua-en-mexico-revela-alejandro-carvajal-ljo\/","title":{"rendered":"Bancos han adquirido concesiones de agua en M\u00e9xico, revela Alejandro Carvajal | LJO"},"content":{"rendered":"\n<figure class=\"wp-block-embed is-type-video is-provider-youtube wp-block-embed-youtube wp-embed-aspect-16-9 wp-has-aspect-ratio\"><div class=\"wp-block-embed__wrapper\">\n<iframe title=\"Iv\u00e1n Herrera: Copartidarios en el Congreso se olvidaron de desprivatizar el agua en Puebla\" width=\"500\" height=\"281\" src=\"https:\/\/www.youtube.com\/embed\/jH09LfA7B7w?feature=oembed\" frameborder=\"0\" allow=\"accelerometer; autoplay; clipboard-write; encrypted-media; gyroscope; picture-in-picture; web-share\" referrerpolicy=\"strict-origin-when-cross-origin\" allowfullscreen><\/iframe>\n<\/div><\/figure>\n\n\n\n<p><\/p>\n\n\n\n<p class=\"has-vivid-red-color has-text-color has-medium-font-size\"><strong>MART\u00cdN HERN\u00c1NDEZ ALC\u00c1NTARA \/ LA JORNADA DE ORIENTE<\/strong><\/p>\n\n\n\n<p>Bancos han adquirido concesiones de agua en M\u00e9xico, revel\u00f3 ayer el diputado federal por el Partido Movimiento de Regeneraci\u00f3n Nacional (Morena),\u00a0<a href=\"https:\/\/twitter.com\/acarvajalh\" target=\"_blank\" rel=\"noreferrer noopener\">Alejandro Carvajal Hidalgo<\/a>, quien a\u00f1adi\u00f3 que esas instituciones crediticias se han sumado a las empresas y corporativos que han impedido la promulgaci\u00f3n de la Ley General de Aguas.<\/p>\n\n\n\n<figure class=\"wp-block-embed is-type-video is-provider-youtube wp-block-embed-youtube wp-embed-aspect-16-9 wp-has-aspect-ratio\"><div class=\"wp-block-embed__wrapper\">\n<iframe title=\"La ley general de agua vigente privilegia el uso industrial y comercial sobre el consumo humano\" width=\"500\" height=\"281\" src=\"https:\/\/www.youtube.com\/embed\/ZR3AkgPv1aw?feature=oembed\" frameborder=\"0\" allow=\"accelerometer; autoplay; clipboard-write; encrypted-media; gyroscope; picture-in-picture; web-share\" referrerpolicy=\"strict-origin-when-cross-origin\" allowfullscreen><\/iframe>\n<\/div><\/figure>\n\n\n\n<p>El representante popular poblano particip\u00f3 este martes en el foro \u201c\u00a1Por una ley general de agua para M\u00e9xico y la Desprivatizaci\u00f3n en Puebla, convocado por organizaciones y activistas y que se celebr\u00f3 en el Auditorio de la Casa del Libro Gilberto Bosques del Instituto de Ciencias Sociales y Humanidades \u201cAlfonso V\u00e9lez Pliego\u201d de la Universidad Aut\u00f3noma de Puebla (UAP).<\/p>\n\n\n\n<p>En ese marco, Carvajal, quien es integrante de la Comisi\u00f3n de Recursos Hidr\u00e1ulicos, Agua Potable y Saneamiento de la C\u00e1mara Baja, advirti\u00f3 que debido a los intereses de la iniciativa privada que se opone a la iniciativa Ley General de Aguas generada por la sociedad, el Poder Legislativo se encuentra en desacato, pues desde 2012 la Suprema Corte de Justicia de la Naci\u00f3n (SCJN) le orden\u00f3 promulgar la normativa.<\/p>\n\n\n\n<p>\u201cLo grave es que est\u00e1 en lo que le llaman, la congeladora legislativa, pero aqu\u00ed es m\u00e1s grave porque hay una orden de la Suprema Corte de Justicia de la Naci\u00f3n para dictaminarla y para que se suba al pleno, pero la comisi\u00f3n de recursos hidr\u00e1ulicos no la ha votado ni la ha subido. \u00bfA qu\u00e9 obedece esto?, a que hay una fuerte presi\u00f3n de muchos grupos, porque el tema del agua, pues no nada m\u00e1s es abrir la llave, sino que hay empresas atr\u00e1s, como comentan, hay corporativos, inclusive hay empresas o bancos que tienen concesiones y que compraron concesiones de agua, eso hay que investigarlo de manera m\u00e1s profunda, bueno, yo creo que ya hay investigaciones\u201d, asever\u00f3 el representante popular poblano.<\/p>\n\n\n\n<p>En esa l\u00f3gica, el legislador izquierdista mencion\u00f3 que hay otros asuntos que inciden en la crisis h\u00eddrica del pa\u00eds, como que los ayuntamientos no invierten en obras hidr\u00e1ulicas, como proyectos de captaci\u00f3n de agua o presas, que las autoridades municipales y en los distritos de riego ignoran la potencialidad de sus mantos acu\u00edferos y la calidad del recurso.<\/p>\n\n\n\n<p>A\u00f1adi\u00f3 que los m\u00e9todos de riego no son eficientes, que no hay tareas de reforestaci\u00f3n y por eso es necesario capacitar a los alcaldes y a los integrantes de sistemas comunitarios.<\/p>\n\n\n\n<blockquote class=\"wp-block-quote is-layout-flow wp-block-quote-is-layout-flow\"><p>\u201cEsto de la ley se tiene que dar el \u00faltimo empuj\u00f3n, ojal\u00e1 salga en esta legislatura, cr\u00e9anme que no es un tema de que Alejandro (Carvajal) no quiera votar, no, la verdad es un tema de intereses muy complicados que no dominamos o que no controlamos, que est\u00e1n fuera&nbsp; de nosotros\u201d, indic\u00f3.<\/p><\/blockquote>\n\n\n\n<p>Poco antes de terminar su intervenci\u00f3n, Alejandro Carvajal Hidalgo volte\u00f3 a ver a su compa\u00f1ero de mesa, el investigador de la Universidad Aut\u00f3noma Metropolitana (UAM), Pedro Moctezuma Barrag\u00e1n, uno de los principales impulsores de la iniciativa ciudadana de la Ley General de Aguas y expres\u00f3:<\/p>\n\n\n\n<p>\u201cPens\u00e1bamos que si llegaba Morena (al poder) era ya la soluci\u00f3n a esto, pues, no, verdad, fue complicado tambi\u00e9n, pero seguimos luchando desde donde nos toque\u201d.<\/p>\n\n\n\n<p><strong>Te puede interesar<\/strong>:\u00a0<a href=\"https:\/\/www.lajornadadeoriente.com.mx\/puebla\/morena-senado-privatizacion-del-agua\/\" target=\"_blank\" rel=\"noreferrer noopener\">Morena impulsa en el Senado reforma que busca dejar sin efecto las concesiones de agua en un plazo de dos a\u00f1os<\/a><\/p>\n\n\n\n<p>Fuente: <a href=\"https:\/\/www.lajornadadeoriente.com.mx\/puebla\/bancos-han-adquirido-concesiones-de-agua-en-mexico-revela-alejandro-carvajal\/\">https:\/\/www.lajornadadeoriente.com.mx\/puebla\/bancos-han-adquirido-concesiones-de-agua-en-mexico-revela-alejandro-carvajal\/<\/a><\/p>\n","protected":false},"excerpt":{"rendered":"<p>MART\u00cdN HERN\u00c1NDEZ ALC\u00c1NTARA \/ LA JORNADA DE ORIENTE Bancos han adquirido concesiones de agua en M\u00e9xico, revel\u00f3 ayer el diputado [&hellip;]<\/p>\n","protected":false},"author":1,"featured_media":48672,"comment_status":"open","ping_status":"open","sticky":false,"template":"","format":"standard","meta":{"site-sidebar-layout":"default","site-content-layout":"","ast-site-content-layout":"default","site-content-style":"default","site-sidebar-style":"default","ast-global-header-display":"","ast-banner-title-visibility":"","ast-main-header-display":"","ast-hfb-above-header-display":"","ast-hfb-below-header-display":"","ast-hfb-mobile-header-display":"","site-post-title":"","ast-breadcrumbs-content":"","ast-featured-img":"","footer-sml-layout":"","theme-transparent-header-meta":"","adv-header-id-meta":"","stick-header-meta":"","header-above-stick-meta":"","header-main-stick-meta":"","header-below-stick-meta":"","astra-migrate-meta-layouts":"default","ast-page-background-enabled":"default","ast-page-background-meta":{"desktop":{"background-color":"var(--ast-global-color-4)","background-image":"","background-repeat":"repeat","background-position":"center center","background-size":"auto","background-attachment":"scroll","background-type":"","background-media":"","overlay-type":"","overlay-color":"","overlay-opacity":"","overlay-gradient":""},"tablet":{"background-color":"","background-image":"","background-repeat":"repeat","background-position":"center center","background-size":"auto","background-attachment":"scroll","background-type":"","background-media":"","overlay-type":"","overlay-color":"","overlay-opacity":"","overlay-gradient":""},"mobile":{"background-color":"","background-image":"","background-repeat":"repeat","background-position":"center center","background-size":"auto","background-attachment":"scroll","background-type":"","background-media":"","overlay-type":"","overlay-color":"","overlay-opacity":"","overlay-gradient":""}},"ast-content-background-meta":{"desktop":{"background-color":"var(--ast-global-color-5)","background-image":"","background-repeat":"repeat","background-position":"center center","background-size":"auto","background-attachment":"scroll","background-type":"","background-media":"","overlay-type":"","overlay-color":"","overlay-opacity":"","overlay-gradient":""},"tablet":{"background-color":"var(--ast-global-color-5)","background-image":"","background-repeat":"repeat","background-position":"center center","background-size":"auto","background-attachment":"scroll","background-type":"","background-media":"","overlay-type":"","overlay-color":"","overlay-opacity":"","overlay-gradient":""},"mobile":{"background-color":"var(--ast-global-color-5)","background-image":"","background-repeat":"repeat","background-position":"center center","background-size":"auto","background-attachment":"scroll","background-type":"","background-media":"","overlay-type":"","overlay-color":"","overlay-opacity":"","overlay-gradient":""}},"footnotes":""},"categories":[8],"tags":[15646,15649,15645,15647],"class_list":["post-48671","post","type-post","status-publish","format-standard","has-post-thumbnail","hentry","category-noticias","tag-aguas-der-puebla","tag-alejandro-carvajal","tag-ley-general-de-agua","tag-privatizacion-agua"],"_links":{"self":[{"href":"https:\/\/losperiodistas.com.mx\/portal\/wp-json\/wp\/v2\/posts\/48671","targetHints":{"allow":["GET"]}}],"collection":[{"href":"https:\/\/losperiodistas.com.mx\/portal\/wp-json\/wp\/v2\/posts"}],"about":[{"href":"https:\/\/losperiodistas.com.mx\/portal\/wp-json\/wp\/v2\/types\/post"}],"author":[{"embeddable":true,"href":"https:\/\/losperiodistas.com.mx\/portal\/wp-json\/wp\/v2\/users\/1"}],"replies":[{"embeddable":true,"href":"https:\/\/losperiodistas.com.mx\/portal\/wp-json\/wp\/v2\/comments?post=48671"}],"version-history":[{"count":1,"href":"https:\/\/losperiodistas.com.mx\/portal\/wp-json\/wp\/v2\/posts\/48671\/revisions"}],"predecessor-version":[{"id":48673,"href":"https:\/\/losperiodistas.com.mx\/portal\/wp-json\/wp\/v2\/posts\/48671\/revisions\/48673"}],"wp:featuredmedia":[{"embeddable":true,"href":"https:\/\/losperiodistas.com.mx\/portal\/wp-json\/wp\/v2\/media\/48672"}],"wp:attachment":[{"href":"https:\/\/losperiodistas.com.mx\/portal\/wp-json\/wp\/v2\/media?parent=48671"}],"wp:term":[{"taxonomy":"category","embeddable":true,"href":"https:\/\/losperiodistas.com.mx\/portal\/wp-json\/wp\/v2\/categories?post=48671"},{"taxonomy":"post_tag","embeddable":true,"href":"https:\/\/losperiodistas.com.mx\/portal\/wp-json\/wp\/v2\/tags?post=48671"}],"curies":[{"name":"wp","href":"https:\/\/api.w.org\/{rel}","templated":true}]}}