{"id":48668,"date":"2023-03-22T05:42:47","date_gmt":"2023-03-22T11:42:47","guid":{"rendered":"http:\/\/losperiodistas.com.mx\/portal\/?p=48668"},"modified":"2023-03-22T06:29:48","modified_gmt":"2023-03-22T12:29:48","slug":"cespedes-en-procesion-de-viernes-santo-mira-fecha-imagenes-y-lugares-angulo-7","status":"publish","type":"post","link":"https:\/\/losperiodistas.com.mx\/portal\/cespedes-en-procesion-de-viernes-santo-mira-fecha-imagenes-y-lugares-angulo-7\/","title":{"rendered":"C\u00e9spedes, en procesi\u00f3n de Viernes Santo; mira fecha, im\u00e1genes y lugares\u00a0| \u00c1ngulo 7"},"content":{"rendered":"\n<figure class=\"wp-block-image size-full is-style-default\"><img fetchpriority=\"high\" decoding=\"async\" width=\"620\" height=\"330\" src=\"https:\/\/losperiodistas.com.mx\/portal\/wp-content\/uploads\/2023\/03\/Angulo-7-1-2023-03-21T175355.115.jpg\" alt=\"\" class=\"wp-image-48669\" srcset=\"https:\/\/losperiodistas.com.mx\/portal\/wp-content\/uploads\/2023\/03\/Angulo-7-1-2023-03-21T175355.115.jpg 620w, https:\/\/losperiodistas.com.mx\/portal\/wp-content\/uploads\/2023\/03\/Angulo-7-1-2023-03-21T175355.115-300x160.jpg 300w\" sizes=\"(max-width: 620px) 100vw, 620px\" \/><figcaption><em>&nbsp;Foto: EsImagen<\/em><\/figcaption><\/figure>\n\n\n\n<p class=\"has-vivid-red-color has-text-color has-medium-font-size\"><strong>LUIS ALBERTO PALACIOS \/ \u00c1NGULO 7<\/strong><\/p>\n\n\n\n<p>La&nbsp;<strong>Procesi\u00f3n de Viernes Santo&nbsp;<\/strong>en&nbsp;<strong>Puebla capital<\/strong>, que el Arzobispado considera la m\u00e1s grande M\u00e9xico, se realizar\u00e1 el&nbsp;<strong>7 de abril<\/strong>&nbsp;con la<strong>&nbsp;participaci\u00f3n de m\u00e1s de 120 mil feligreses<\/strong>, quienes acompa\u00f1ar\u00e1n&nbsp;<strong>7 im\u00e1genes sacras<\/strong>&nbsp;por las calles del&nbsp;<strong>Centro Hist\u00f3rico<\/strong>, partiendo de la Catedral.<\/p>\n\n\n\n<p>As\u00ed lo dio a conocer este martes V\u00edctor S\u00e1nchez Espinosa, arzobispo de Puebla, quien refiri\u00f3 que antes se hablaba de la Procesi\u00f3n de San Luis Potos\u00ed, de Taxco, pero \u00faltimamente la Procesi\u00f3n de Puebla ha ido&nbsp;<strong>creciendo<\/strong>&nbsp;en&nbsp;<strong>participaci\u00f3n.&nbsp;<\/strong><\/p>\n\n\n\n<p>Se\u00f1al\u00f3 que trabaja de manera coordinada con el&nbsp;<strong>gobierno municipal y con el gobierno del Estado de Puebla<\/strong>, que encabeza el Sergio Salom\u00f3n C\u00e9spedes Peregrina quien acompa\u00f1\u00f3 a Mons. V\u00edctor S\u00e1nchez Espinosa durante la conferencia de prensa.<\/p>\n\n\n\n<p>S\u00e1nchez Espinosa subray\u00f3 que se espera la&nbsp;<strong>participaci\u00f3n<\/strong>&nbsp;de&nbsp;<strong>m\u00e1s de 120 mil personas<\/strong>&nbsp;en la Procesi\u00f3n de Viernes Santo en donde podr\u00e1n ver a las&nbsp;<strong>7 im\u00e1genes<\/strong>&nbsp;que procesionan en el primer cuadro de la&nbsp;<strong>Angel\u00f3polis, Virgen Dolorosa del Carmen; Nuestra Se\u00f1ora de la Soledad; Jes\u00fas de las Tres Ca\u00eddas; Jes\u00fas Nazareno de San Jos\u00e9; Se\u00f1or de las Maravillas; Santo Ni\u00f1o Doctor de Tepeaca que por tercera ocasi\u00f3n lo traer\u00e1n de Tepeaca y el Se\u00f1or de la Misericordia<\/strong>.<\/p>\n\n\n\n<p>En su intervenci\u00f3n, el gobernador&nbsp;<strong>Sergio Salom\u00f3n C\u00e9spedes Peregrina&nbsp;<\/strong>se\u00f1al\u00f3 que el&nbsp;<strong>gobierno estatal debe&nbsp;<\/strong>\u201cdarle todo el&nbsp;<strong>respaldo a esta Procesi\u00f3n de Viernes Santo<\/strong>&nbsp;que d\u00eda a d\u00eda suma m\u00e1s fieles a la procesi\u00f3n y se ha convertido en un \u00edcono a nivel nacional\u201d.<\/p>\n\n\n\n<h2 class=\"wp-block-heading\">Gobernador y familia participar\u00e1n<\/h2>\n\n\n\n<p>Dijo que el gobierno del estado est\u00e1 trabajando con el a<strong>yuntamiento de Puebla<\/strong>&nbsp;para brindar las mejores condiciones para que la Procesi\u00f3n de Viernes Santo se realice en&nbsp;<strong>paz y con tranquilidad<\/strong>&nbsp;y que todas las personas puedan vivir su fe.<\/p>\n\n\n\n<p>\u201cAcompa\u00f1ar\u00e9 a Don V\u00edctor y procesionaremos principalmente en lo que yo creo, en lo que yo pienso, en lo que pongo mucho de mis esperanzas y por supuesto, que lo haremos como un poblano m\u00e1s.&nbsp;<strong>Lo har\u00e9 con mi familia y estaremos el viernes<\/strong>, procesionando y viviendo nuestra fe; mi reconocimiento a los organizadores\u201d y al se\u00f1or Arzobispo V\u00edctor S\u00e1nchez Espinosa.- Publicidad &#8211;<\/p>\n\n\n\n<p>Carlos Castro Mendoza, coordinador de Log\u00edstica del Comit\u00e9 Organizador de la Procesi\u00f3n de Viernes Santo enfatiz\u00f3 que se est\u00e1 en los&nbsp;<strong>\u00faltimos detalles<\/strong>&nbsp;de la organizaci\u00f3n de la Procesi\u00f3n de Viernes Santo en Puebla, en donde los templos y cofrad\u00edas est\u00e1n m\u00e1s que listas para llevar adelante la procesi\u00f3n.<\/p>\n\n\n\n<h2 class=\"wp-block-heading\">Procesi\u00f3n saldr\u00e1 a las 12:00 de la Catedral<\/h2>\n\n\n\n<p>Siguen adelante las reuniones con las diferentes instancias del gobierno municipal y del estado para establecer las&nbsp;<strong>estrategias<\/strong>&nbsp;tanto en<strong>&nbsp;seguridad, salud, protecci\u00f3n civil<\/strong>&nbsp;y de los<strong>&nbsp;servicios de infraestructura de la ciudad.<\/strong><\/p>\n\n\n\n<p>Castro Mendoza&nbsp;<strong>agradeci\u00f3 a los medios de comunicaci\u00f3n<\/strong>&nbsp;su<strong>&nbsp;inter\u00e9s y cobertura<\/strong>&nbsp;y los exhort\u00f3 a informar a la poblaci\u00f3n del recorrido de las im\u00e1genes y de c\u00f3mo pueden participar en la Procesi\u00f3n de Viernes Santo y de aquellas personas que tengan otras actividades el&nbsp;<strong>viernes 7 de abril<\/strong>, tomen las medidas necesarias para&nbsp;<strong>no verse afectadas por el cierre de calles<\/strong>&nbsp;del primer cuadro de la ciudad.<\/p>\n\n\n\n<p>Record\u00f3 a las personas que<strong>&nbsp;a partir de las 11:10 de la ma\u00f1ana<\/strong>&nbsp;comenzar\u00e1n a llegar las&nbsp;<strong>7 im\u00e1genes a la Catedral de Puebla<\/strong>&nbsp;para que a las<strong>&nbsp;12:00<\/strong>&nbsp;comience la&nbsp;<strong>Procesi\u00f3n de Viernes Santo<\/strong>&nbsp;el pr\u00f3ximo viernes 7 de abril de 2023.<\/p>\n\n\n\n<p>Fuente: <a href=\"https:\/\/www.angulo7.com.mx\/2023\/03\/21\/cespedes-en-procesion-de-viernes-santo-mira-fecha-y-lugares\/\">https:\/\/www.angulo7.com.mx\/2023\/03\/21\/cespedes-en-procesion-de-viernes-santo-mira-fecha-y-lugares\/<\/a><\/p>\n","protected":false},"excerpt":{"rendered":"<p>LUIS ALBERTO PALACIOS \/ \u00c1NGULO 7 La&nbsp;Procesi\u00f3n de Viernes Santo&nbsp;en&nbsp;Puebla capital, que el Arzobispado considera la m\u00e1s grande M\u00e9xico, se [&hellip;]<\/p>\n","protected":false},"author":1,"featured_media":48669,"comment_status":"open","ping_status":"open","sticky":false,"template":"","format":"standard","meta":{"site-sidebar-layout":"default","site-content-layout":"","ast-site-content-layout":"default","site-content-style":"default","site-sidebar-style":"default","ast-global-header-display":"","ast-banner-title-visibility":"","ast-main-header-display":"","ast-hfb-above-header-display":"","ast-hfb-below-header-display":"","ast-hfb-mobile-header-display":"","site-post-title":"","ast-breadcrumbs-content":"","ast-featured-img":"","footer-sml-layout":"","theme-transparent-header-meta":"","adv-header-id-meta":"","stick-header-meta":"","header-above-stick-meta":"","header-main-stick-meta":"","header-below-stick-meta":"","astra-migrate-meta-layouts":"default","ast-page-background-enabled":"default","ast-page-background-meta":{"desktop":{"background-color":"var(--ast-global-color-4)","background-image":"","background-repeat":"repeat","background-position":"center center","background-size":"auto","background-attachment":"scroll","background-type":"","background-media":"","overlay-type":"","overlay-color":"","overlay-opacity":"","overlay-gradient":""},"tablet":{"background-color":"","background-image":"","background-repeat":"repeat","background-position":"center center","background-size":"auto","background-attachment":"scroll","background-type":"","background-media":"","overlay-type":"","overlay-color":"","overlay-opacity":"","overlay-gradient":""},"mobile":{"background-color":"","background-image":"","background-repeat":"repeat","background-position":"center center","background-size":"auto","background-attachment":"scroll","background-type":"","background-media":"","overlay-type":"","overlay-color":"","overlay-opacity":"","overlay-gradient":""}},"ast-content-background-meta":{"desktop":{"background-color":"var(--ast-global-color-5)","background-image":"","background-repeat":"repeat","background-position":"center center","background-size":"auto","background-attachment":"scroll","background-type":"","background-media":"","overlay-type":"","overlay-color":"","overlay-opacity":"","overlay-gradient":""},"tablet":{"background-color":"var(--ast-global-color-5)","background-image":"","background-repeat":"repeat","background-position":"center center","background-size":"auto","background-attachment":"scroll","background-type":"","background-media":"","overlay-type":"","overlay-color":"","overlay-opacity":"","overlay-gradient":""},"mobile":{"background-color":"var(--ast-global-color-5)","background-image":"","background-repeat":"repeat","background-position":"center center","background-size":"auto","background-attachment":"scroll","background-type":"","background-media":"","overlay-type":"","overlay-color":"","overlay-opacity":"","overlay-gradient":""}},"footnotes":""},"categories":[8],"tags":[2176,620,13875],"class_list":["post-48668","post","type-post","status-publish","format-standard","has-post-thumbnail","hentry","category-noticias","tag-mons-victor-sanchez","tag-procesion-viernes-santo-puebla","tag-sergio-salomon-cespedes"],"_links":{"self":[{"href":"https:\/\/losperiodistas.com.mx\/portal\/wp-json\/wp\/v2\/posts\/48668","targetHints":{"allow":["GET"]}}],"collection":[{"href":"https:\/\/losperiodistas.com.mx\/portal\/wp-json\/wp\/v2\/posts"}],"about":[{"href":"https:\/\/losperiodistas.com.mx\/portal\/wp-json\/wp\/v2\/types\/post"}],"author":[{"embeddable":true,"href":"https:\/\/losperiodistas.com.mx\/portal\/wp-json\/wp\/v2\/users\/1"}],"replies":[{"embeddable":true,"href":"https:\/\/losperiodistas.com.mx\/portal\/wp-json\/wp\/v2\/comments?post=48668"}],"version-history":[{"count":2,"href":"https:\/\/losperiodistas.com.mx\/portal\/wp-json\/wp\/v2\/posts\/48668\/revisions"}],"predecessor-version":[{"id":48683,"href":"https:\/\/losperiodistas.com.mx\/portal\/wp-json\/wp\/v2\/posts\/48668\/revisions\/48683"}],"wp:featuredmedia":[{"embeddable":true,"href":"https:\/\/losperiodistas.com.mx\/portal\/wp-json\/wp\/v2\/media\/48669"}],"wp:attachment":[{"href":"https:\/\/losperiodistas.com.mx\/portal\/wp-json\/wp\/v2\/media?parent=48668"}],"wp:term":[{"taxonomy":"category","embeddable":true,"href":"https:\/\/losperiodistas.com.mx\/portal\/wp-json\/wp\/v2\/categories?post=48668"},{"taxonomy":"post_tag","embeddable":true,"href":"https:\/\/losperiodistas.com.mx\/portal\/wp-json\/wp\/v2\/tags?post=48668"}],"curies":[{"name":"wp","href":"https:\/\/api.w.org\/{rel}","templated":true}]}}