{"id":48648,"date":"2023-03-21T12:05:31","date_gmt":"2023-03-21T18:05:31","guid":{"rendered":"http:\/\/losperiodistas.com.mx\/portal\/?p=48648"},"modified":"2023-03-21T12:05:33","modified_gmt":"2023-03-21T18:05:33","slug":"cuando-dejas-de-comprender-tu-entorno-de-la-afasia-primaria-a-la-demencia-frontotemporal-alimente","status":"publish","type":"post","link":"https:\/\/losperiodistas.com.mx\/portal\/cuando-dejas-de-comprender-tu-entorno-de-la-afasia-primaria-a-la-demencia-frontotemporal-alimente\/","title":{"rendered":"Cuando dejas de comprender tu entorno: de la afasia primaria a la demencia frontotemporal | Alimente+"},"content":{"rendered":"\n<h2 class=\"has-light-green-cyan-background-color has-background has-medium-font-size wp-block-heading\">El deterioro de la capacidad de expresi\u00f3n y comprensi\u00f3n del lenguaje puede tener diferentes causas, una de ellas se encuentra en la atrofia de una parte del cerebro. Adem\u00e1s, la gen\u00e9tica y las enfermedades circulatorias son el origen en muchos casos<\/h2>\n\n\n\n<figure class=\"wp-block-image size-large is-style-default\"><img fetchpriority=\"high\" decoding=\"async\" width=\"1024\" height=\"768\" src=\"https:\/\/losperiodistas.com.mx\/portal\/wp-content\/uploads\/2023\/03\/f.elconfidencial.com_original_473_73d_ecb_47373decb168f5888472fa661a9fb6a0-1024x768.jpg\" alt=\"\" class=\"wp-image-48649\" srcset=\"https:\/\/losperiodistas.com.mx\/portal\/wp-content\/uploads\/2023\/03\/f.elconfidencial.com_original_473_73d_ecb_47373decb168f5888472fa661a9fb6a0-1024x768.jpg 1024w, https:\/\/losperiodistas.com.mx\/portal\/wp-content\/uploads\/2023\/03\/f.elconfidencial.com_original_473_73d_ecb_47373decb168f5888472fa661a9fb6a0-300x225.jpg 300w, https:\/\/losperiodistas.com.mx\/portal\/wp-content\/uploads\/2023\/03\/f.elconfidencial.com_original_473_73d_ecb_47373decb168f5888472fa661a9fb6a0-768x576.jpg 768w, https:\/\/losperiodistas.com.mx\/portal\/wp-content\/uploads\/2023\/03\/f.elconfidencial.com_original_473_73d_ecb_47373decb168f5888472fa661a9fb6a0.jpg 1200w\" sizes=\"(max-width: 1024px) 100vw, 1024px\" \/><figcaption>La afasia es un s\u00edntoma de que se ha producido una lesi\u00f3n en el cerebro. (iStock)<\/figcaption><\/figure>\n\n\n\n<p class=\"has-vivid-red-color has-text-color has-medium-font-size\"><strong>EVA CARNERO \/ ALIMENTE+<\/strong><\/p>\n\n\n\n<p>Alrededor de 400.000 personas en Espa\u00f1a tienen dificultades en alguna de las capacidades relacionadas con el&nbsp;<strong>lenguaje, como la expresi\u00f3n, la comprensi\u00f3n o la repetici\u00f3n de palabras,<\/strong>&nbsp;y tambi\u00e9n en la lectura y la escritura. Un conjunto de indicios que se agrupan bajo el t\u00e9rmino m\u00e9dico de&nbsp;<strong><a href=\"https:\/\/www.alimente.elconfidencial.com\/bienestar\/2022-03-31\/que-es-la-afasia-enfermedad-bruce-willis_3400734\/\">afasia<\/a><\/strong>. De hecho, acotar el n\u00famero total de personas con esta patolog\u00eda no es sencillo, ya que \u00abla afasia, como s\u00edntoma, suma m\u00faltiples causas de enfermedad cerebral con afectaci\u00f3n de las \u00e1reas implicadas en el lenguaje (ictus, epilepsia, tumores, encefalitis\u2026)\u00bb, aclara el&nbsp;<strong>doctor Javier Cami\u00f1a, vocal de la&nbsp;<a href=\"https:\/\/www.sen.es\/\" target=\"_blank\" rel=\"noreferrer noopener\">Sociedad Espa\u00f1ola de Neurolog\u00eda (SEN)<\/a>,&nbsp;<\/strong>quien, a pesar de este apunte, estima que la poblaci\u00f3n afectada de afasia oscila entre los 350.000 y 400.000 casos.<\/p>\n\n\n\n<h2 class=\"wp-block-heading\">Un s\u00edntoma con origen en la demencia<\/h2>\n\n\n\n<p>Con la intenci\u00f3n de&nbsp;<a href=\"https:\/\/www.alimente.elconfidencial.com\/bienestar\/2021-12-29\/afasia-trastorno-comunicacion-patrones_3348346\/\">conocer un poco m\u00e1s acerca de la afasia<\/a>&nbsp;y de su&nbsp;<strong>vinculaci\u00f3n con la demencia frontotemporal,<\/strong>&nbsp;el experto distingue diferentes tipos en funci\u00f3n del s\u00edntoma y de la enfermedad asociada: \u00abPor un lado, podemos hablar de la&nbsp;<strong>afasia motora,<\/strong>&nbsp;referida a la capacidad de emisi\u00f3n de palabras, y la&nbsp;<strong>sensitiva<\/strong>, que afecta a la capacidad de comprensi\u00f3n. Asimismo, la afasia global implicar\u00eda la afectaci\u00f3n de ambas. Y, por otro lado, si nos fijamos en la patolog\u00eda desencadenante, existen tres formas cl\u00ednicas que ayudan a entender la causa subyacente y que permite definir mejor el pron\u00f3stico. Son las variantes&nbsp;<strong>agramatical o no fluente, la sem\u00e1ntica y la logop\u00e9nica\u00bb.<\/strong><\/p>\n\n\n\n<figure class=\"wp-block-pullquote has-light-green-cyan-background-color has-background\"><blockquote><p><strong>En Espa\u00f1a viven entre 350.000 y 400.000 personas con afasia<\/strong><\/p><\/blockquote><\/figure>\n\n\n\n<p><a href=\"https:\/\/www.elconfidencial.com\/tecnologia\/2017-08-26\/afasia-emoticonos-terapia-whatsapp-arpa_1433935\/\">En funci\u00f3n de cada uno de esos tipos de afasia<\/a>, Cami\u00f1a refiere&nbsp;<strong>diferente sintomatolog\u00eda.<\/strong>&nbsp;As\u00ed, la agramatical se caracteriza por la simplificaci\u00f3n de las estructuras gramaticales y un habla muy interrumpida, vacilante e inconsistente; en la sem\u00e1ntica, se aprecia&nbsp;<strong>dificultad en la nominaci\u00f3n de objetos&nbsp;<\/strong>y la comprensi\u00f3n de palabras aisladas alterada; y en la logop\u00e9nica, se muestra una alteraci\u00f3n en la recuperaci\u00f3n de palabras en el habla y dificultad para la repetici\u00f3n de frases.<\/p>\n\n\n\n<figure class=\"wp-block-image size-large is-style-default\"><img decoding=\"async\" width=\"1024\" height=\"576\" src=\"https:\/\/losperiodistas.com.mx\/portal\/wp-content\/uploads\/2023\/03\/f.elconfidencial.com_original_c33_a36_079_c33a36079a49fe049379be6cc85f8747-1024x576.jpg\" alt=\"\" class=\"wp-image-48651\" srcset=\"https:\/\/losperiodistas.com.mx\/portal\/wp-content\/uploads\/2023\/03\/f.elconfidencial.com_original_c33_a36_079_c33a36079a49fe049379be6cc85f8747-1024x576.jpg 1024w, https:\/\/losperiodistas.com.mx\/portal\/wp-content\/uploads\/2023\/03\/f.elconfidencial.com_original_c33_a36_079_c33a36079a49fe049379be6cc85f8747-300x169.jpg 300w, https:\/\/losperiodistas.com.mx\/portal\/wp-content\/uploads\/2023\/03\/f.elconfidencial.com_original_c33_a36_079_c33a36079a49fe049379be6cc85f8747-768x432.jpg 768w, https:\/\/losperiodistas.com.mx\/portal\/wp-content\/uploads\/2023\/03\/f.elconfidencial.com_original_c33_a36_079_c33a36079a49fe049379be6cc85f8747.jpg 1200w\" sizes=\"(max-width: 1024px) 100vw, 1024px\" \/><figcaption>Uno de los s\u00edntomas de la afasia es la dificultad para nombrar los objetos. (iStock)<\/figcaption><\/figure>\n\n\n\n<p>Volviendo a la afasia primaria progresiva, enfermedad neurodegenerativa que padece el actor Bruce Willis y que hizo p\u00fablica hace unas semanas, \u00abse trata de un subtipo de&nbsp;<strong><a href=\"https:\/\/www.alimente.elconfidencial.com\/bienestar\/2023-02-21\/alzheimer-precoz-demencia-sintomas_3577055\/\">demencia frontotemporal\u00bb<\/a><\/strong>, aclara Cami\u00f1a. Y a\u00f1ade: \u00abEste tipo de afasia supone entre un 20-40% de los casos estimados de demencia frontotemporal, que globalmente afecta al 0,25% de la poblaci\u00f3n mayor de 65 a\u00f1os. Este porcentaje,&nbsp;<strong>en Espa\u00f1a, podr\u00eda representar a unas 10.000 personas\u00bb.<\/strong><\/p>\n\n\n\n<h2 class=\"wp-block-heading\">La respuesta est\u00e1 en la gen\u00e9tica<\/h2>\n\n\n\n<p>Probablemente, cada una de esas personas con dificultades para emitir o comprender palabras se preguntar\u00e1 acerca de la causa de su enfermedad. En el caso de la afasia primaria progresiva,&nbsp;<a href=\"https:\/\/www.vanitatis.elconfidencial.com\/celebrities\/2023-02-17\/bruce-willis-enfermedad-demencia-frontotemporal-que-es_3577649\/\">dentro de la demencia frontotemporal<\/a>, el experto se\u00f1ala que&nbsp;<strong>la carga gen\u00e9tica es un factor especialmente relevante<\/strong>, siendo mucho m\u00e1s poderoso que en otras enfermedades neurodegenerativas. \u00abEntre un 10-25% de los pacientes con demencia frontotemporal presenta un patr\u00f3n hereditario autos\u00f3mico dominante, y hasta otro 40% adicional puede presentar antecedentes de otras enfermedades neurodegenerativas o psiqui\u00e1tricas\u00bb, puntualiza el doctor.<\/p>\n\n\n\n<div class=\"wp-block-image is-style-default\"><figure class=\"alignleft is-resized\"><img decoding=\"async\" src=\"https:\/\/images.ecestaticos.com\/4L-XPAt9lzrg4-NpPGV44LiRZHc=\/0x0:2272x1440\/1200x900\/filters:fill(white):format(jpg)\/f.elconfidencial.com%2Foriginal%2F883%2Fdb8%2Fced%2F883db8cedca92e98dd0f9ddb33c8c2b8.jpg\" alt=\"Foto: El actor Bruce Willis. (Reuters\/Henry Nicholls)\" width=\"-591\" height=\"-443\"\/><\/figure><\/div>\n\n\n\n<p><a href=\"https:\/\/www.alimente.elconfidencial.com\/bienestar\/2022-03-31\/que-es-la-afasia-enfermedad-bruce-willis_3400734\/\">\u00bfQu\u00e9 es la afasia? Estos son los s\u00edntomas del trastorno que padece Bruce Willis<\/a>EFE<\/p>\n\n\n\n<p><\/p>\n\n\n\n<p><\/p>\n\n\n\n<p>Adem\u00e1s de la herencia,\u00a0<strong>otras causas\u00a0<\/strong>que pueden provocar afasia son \u00ablos\u00a0<a href=\"https:\/\/www.alimente.elconfidencial.com\/bienestar\/2021-09-10\/riesgo-real-ictus-senales-alarma_3282378\/\">ictus<\/a>\u00a0(tanto isqu\u00e9micos como hemorr\u00e1gicos), los\u00a0<strong>traumatismos craneoencef\u00e1licos<\/strong>, las\u00a0<a href=\"https:\/\/www.alimente.elconfidencial.com\/bienestar\/2022-07-29\/analisis-sangre-detecta-enfermedades-neurodegenerativas_3466986\/\">enfermedades neurodegenerativas<\/a>, las<strong>\u00a0infecciones<\/strong>, como las encefalitis, o los tumores\u00bb, completa.<\/p>\n\n\n\n<p>La carga gen\u00e9tica juega un papel muy importante en la afasia primaria progresiva<\/p>\n\n\n\n<p>Relacionados con algunas de estas causas, el experto indica ciertos<strong>&nbsp;factores de riesgo&nbsp;<\/strong>que incidir\u00edan directamente sobre la enfermedad origen de la afasia, como los ictus, los factores de riesgo vascular como la&nbsp;<a href=\"https:\/\/www.alimente.elconfidencial.com\/bienestar\/2021-10-07\/riesgo-hipertension-diagnostico-temprano-demencia_3300859\/\">hipertensi\u00f3n<\/a>, diabetes, colesterol, tabaquismo,&nbsp;<a href=\"https:\/\/www.alimente.elconfidencial.com\/bienestar\/2019-09-04\/sedentarismo-riesgo-muerte-actividad-fisica_2206835\/\">sedentarismo<\/a>&nbsp;o alcoholismo.<\/p>\n\n\n\n<h2 class=\"wp-block-heading\">Alzh\u00e9imer, clave en el desarrollo de la afasia<\/h2>\n\n\n\n<p>Si bien la demencia frontotemporal es una de las enfermedades m\u00e1s frecuentes detr\u00e1s de la afasia primaria progresiva, se sabe que \u00ab<strong>hasta un tercio de los pacientes con este s\u00edndrome&nbsp;<a href=\"https:\/\/www.elconfidencial.com\/tecnologia\/ciencia\/2021-10-29\/alzheimer-tratamientos-cerebro-propagacion_3315650\/\">padecen alzheimer<\/a>\u00ab,<\/strong>&nbsp;apunta el experto, quien describe la demencia frontotemporal como \u00abun conjunto de s\u00edndromes neurodegenerativos que comparten la afectaci\u00f3n del funcionamiento y la atrofia focal de los l\u00f3bulos cerebrales frontal y temporal\u00bb.<\/p>\n\n\n\n<figure class=\"wp-block-image size-large is-style-default\"><img decoding=\"async\" width=\"1024\" height=\"576\" src=\"https:\/\/losperiodistas.com.mx\/portal\/wp-content\/uploads\/2023\/03\/f.elconfidencial.com_original_d5f_c44_e09_d5fc44e0992aa47b68004a949af0892c-1024x576.jpg\" alt=\"\" class=\"wp-image-48650\" srcset=\"https:\/\/losperiodistas.com.mx\/portal\/wp-content\/uploads\/2023\/03\/f.elconfidencial.com_original_d5f_c44_e09_d5fc44e0992aa47b68004a949af0892c-1024x576.jpg 1024w, https:\/\/losperiodistas.com.mx\/portal\/wp-content\/uploads\/2023\/03\/f.elconfidencial.com_original_d5f_c44_e09_d5fc44e0992aa47b68004a949af0892c-300x169.jpg 300w, https:\/\/losperiodistas.com.mx\/portal\/wp-content\/uploads\/2023\/03\/f.elconfidencial.com_original_d5f_c44_e09_d5fc44e0992aa47b68004a949af0892c-768x432.jpg 768w, https:\/\/losperiodistas.com.mx\/portal\/wp-content\/uploads\/2023\/03\/f.elconfidencial.com_original_d5f_c44_e09_d5fc44e0992aa47b68004a949af0892c.jpg 1200w\" sizes=\"(max-width: 1024px) 100vw, 1024px\" \/><figcaption>Una de las principales causas de la afasia es la demencia frontotemporal. (iStock)<\/figcaption><\/figure>\n\n\n\n<p>Esta enfermedad agrupa \u00abvarias presentaciones, siendo las m\u00e1s habituales la variable conductual -que afecta fundamentalmente al l\u00f3bulo frontal e implica alteraciones del comportamiento- y la&nbsp;<strong>afasia primaria progresiva&nbsp;<\/strong>-que afecta fundamentalmente al&nbsp;<a href=\"https:\/\/www.elconfidencial.com\/tecnologia\/novaceno\/2021-06-02\/google-mapa-cerebro-humano-3d_3111487\/\">l\u00f3bulo temporal<\/a>, siendo el lenguaje la tarea cognitiva m\u00e1s da\u00f1ada-\u00ab, remarca.<\/p>\n\n\n\n<h2 class=\"wp-block-heading\">Sin tratamiento farmacol\u00f3gico espec\u00edfico<\/h2>\n\n\n\n<p>Estamos ante dos patolog\u00edas, la afasia primaria progresiva y la&nbsp;<a href=\"https:\/\/www.alimente.elconfidencial.com\/bienestar\/2022-05-05\/tratamiento-prometedor-demencia-frontotemporal_3419428\/\">demencia frontotemporal<\/a>, para las que&nbsp;<strong>no se dispone de una medicaci\u00f3n concreta.<\/strong>&nbsp;Eso s\u00ed, \u00abse pueden usar medicamentos para el&nbsp;<strong>tratamiento de s\u00edntomas asociados,<\/strong>&nbsp;especialmente referidos a la conducta (fundamentalmente antidepresivos y, solamente en casos de agresividad, antipsic\u00f3ticos)\u00bb, asevera el doctor.<\/p>\n\n\n\n<p>Asimismo, \u00abde manera m\u00e1s enfocada a la afasia primaria progresiva, se suele emplear\u00a0<strong>tratamiento con logopedia y terapia del lenguaje<\/strong>\u00a0para mejorar la capacidad l\u00e9xica de los pacientes y mantener o preservar durante el mayor tiempo posible las\u00a0<a href=\"https:\/\/www.elconfidencial.com\/alma-corazon-vida\/2022-11-08\/viajes-eticos-greenwashing-medio-ambiente_3517944\/\">capacidades ling\u00fc\u00edsticas<\/a>\u00a0y de comunicaci\u00f3n del paciente\u00bb. Adem\u00e1s, aunque con menor evidencia, \u00abtambi\u00e9n se aplican\u00a0<strong>algunas t\u00e9cnicas de estimulaci\u00f3n magn\u00e9tica transcraneal<\/strong>\u00ab, apostilla.<\/p>\n\n\n\n<p>Fuente: <a href=\"https:\/\/www.alimente.elconfidencial.com\/bienestar\/2023-03-21\/demencia-frontotemporal-afasia-primaria-progresiva_3581208\/\">https:\/\/www.alimente.elconfidencial.com\/bienestar\/2023-03-21\/demencia-frontotemporal-afasia-primaria-progresiva_3581208\/<\/a><\/p>\n","protected":false},"excerpt":{"rendered":"<p>El deterioro de la capacidad de expresi\u00f3n y comprensi\u00f3n del lenguaje puede tener diferentes causas, una de ellas se encuentra [&hellip;]<\/p>\n","protected":false},"author":1,"featured_media":48649,"comment_status":"open","ping_status":"open","sticky":false,"template":"","format":"standard","meta":{"site-sidebar-layout":"default","site-content-layout":"","ast-site-content-layout":"default","site-content-style":"default","site-sidebar-style":"default","ast-global-header-display":"","ast-banner-title-visibility":"","ast-main-header-display":"","ast-hfb-above-header-display":"","ast-hfb-below-header-display":"","ast-hfb-mobile-header-display":"","site-post-title":"","ast-breadcrumbs-content":"","ast-featured-img":"","footer-sml-layout":"","theme-transparent-header-meta":"","adv-header-id-meta":"","stick-header-meta":"","header-above-stick-meta":"","header-main-stick-meta":"","header-below-stick-meta":"","astra-migrate-meta-layouts":"default","ast-page-background-enabled":"default","ast-page-background-meta":{"desktop":{"background-color":"var(--ast-global-color-4)","background-image":"","background-repeat":"repeat","background-position":"center center","background-size":"auto","background-attachment":"scroll","background-type":"","background-media":"","overlay-type":"","overlay-color":"","overlay-opacity":"","overlay-gradient":""},"tablet":{"background-color":"","background-image":"","background-repeat":"repeat","background-position":"center center","background-size":"auto","background-attachment":"scroll","background-type":"","background-media":"","overlay-type":"","overlay-color":"","overlay-opacity":"","overlay-gradient":""},"mobile":{"background-color":"","background-image":"","background-repeat":"repeat","background-position":"center center","background-size":"auto","background-attachment":"scroll","background-type":"","background-media":"","overlay-type":"","overlay-color":"","overlay-opacity":"","overlay-gradient":""}},"ast-content-background-meta":{"desktop":{"background-color":"var(--ast-global-color-5)","background-image":"","background-repeat":"repeat","background-position":"center center","background-size":"auto","background-attachment":"scroll","background-type":"","background-media":"","overlay-type":"","overlay-color":"","overlay-opacity":"","overlay-gradient":""},"tablet":{"background-color":"var(--ast-global-color-5)","background-image":"","background-repeat":"repeat","background-position":"center center","background-size":"auto","background-attachment":"scroll","background-type":"","background-media":"","overlay-type":"","overlay-color":"","overlay-opacity":"","overlay-gradient":""},"mobile":{"background-color":"var(--ast-global-color-5)","background-image":"","background-repeat":"repeat","background-position":"center center","background-size":"auto","background-attachment":"scroll","background-type":"","background-media":"","overlay-type":"","overlay-color":"","overlay-opacity":"","overlay-gradient":""}},"footnotes":""},"categories":[8],"tags":[15644,10088],"class_list":["post-48648","post","type-post","status-publish","format-standard","has-post-thumbnail","hentry","category-noticias","tag-afasia","tag-demencia"],"_links":{"self":[{"href":"https:\/\/losperiodistas.com.mx\/portal\/wp-json\/wp\/v2\/posts\/48648","targetHints":{"allow":["GET"]}}],"collection":[{"href":"https:\/\/losperiodistas.com.mx\/portal\/wp-json\/wp\/v2\/posts"}],"about":[{"href":"https:\/\/losperiodistas.com.mx\/portal\/wp-json\/wp\/v2\/types\/post"}],"author":[{"embeddable":true,"href":"https:\/\/losperiodistas.com.mx\/portal\/wp-json\/wp\/v2\/users\/1"}],"replies":[{"embeddable":true,"href":"https:\/\/losperiodistas.com.mx\/portal\/wp-json\/wp\/v2\/comments?post=48648"}],"version-history":[{"count":1,"href":"https:\/\/losperiodistas.com.mx\/portal\/wp-json\/wp\/v2\/posts\/48648\/revisions"}],"predecessor-version":[{"id":48652,"href":"https:\/\/losperiodistas.com.mx\/portal\/wp-json\/wp\/v2\/posts\/48648\/revisions\/48652"}],"wp:featuredmedia":[{"embeddable":true,"href":"https:\/\/losperiodistas.com.mx\/portal\/wp-json\/wp\/v2\/media\/48649"}],"wp:attachment":[{"href":"https:\/\/losperiodistas.com.mx\/portal\/wp-json\/wp\/v2\/media?parent=48648"}],"wp:term":[{"taxonomy":"category","embeddable":true,"href":"https:\/\/losperiodistas.com.mx\/portal\/wp-json\/wp\/v2\/categories?post=48648"},{"taxonomy":"post_tag","embeddable":true,"href":"https:\/\/losperiodistas.com.mx\/portal\/wp-json\/wp\/v2\/tags?post=48648"}],"curies":[{"name":"wp","href":"https:\/\/api.w.org\/{rel}","templated":true}]}}