{"id":48641,"date":"2023-03-21T08:16:01","date_gmt":"2023-03-21T14:16:01","guid":{"rendered":"http:\/\/losperiodistas.com.mx\/portal\/?p=48641"},"modified":"2023-03-21T08:16:06","modified_gmt":"2023-03-21T14:16:06","slug":"monologos-de-menade-horacio-cano-el-abogado-del-pueblo","status":"publish","type":"post","link":"https:\/\/losperiodistas.com.mx\/portal\/monologos-de-menade-horacio-cano-el-abogado-del-pueblo\/","title":{"rendered":"Mon\u00f3logos de M\u00e9nade | Horacio Cano, \u00bfel abogado del pueblo?"},"content":{"rendered":"\n<figure class=\"wp-block-image size-large is-style-default\"><img fetchpriority=\"high\" decoding=\"async\" width=\"1024\" height=\"576\" src=\"https:\/\/losperiodistas.com.mx\/portal\/wp-content\/uploads\/2023\/03\/Horacio-Cano-1024x576.jpg\" alt=\"\" class=\"wp-image-48642\" srcset=\"https:\/\/losperiodistas.com.mx\/portal\/wp-content\/uploads\/2023\/03\/Horacio-Cano-1024x576.jpg 1024w, https:\/\/losperiodistas.com.mx\/portal\/wp-content\/uploads\/2023\/03\/Horacio-Cano-300x169.jpg 300w, https:\/\/losperiodistas.com.mx\/portal\/wp-content\/uploads\/2023\/03\/Horacio-Cano-768x432.jpg 768w, https:\/\/losperiodistas.com.mx\/portal\/wp-content\/uploads\/2023\/03\/Horacio-Cano.jpg 1200w\" sizes=\"(max-width: 1024px) 100vw, 1024px\" \/><\/figure>\n\n\n\n<p><\/p>\n\n\n\n<p class=\"has-vivid-red-color has-text-color\" style=\"font-size:26px\"><strong><em>Por Itandehui Rodr\u00edguez<\/em><\/strong><\/p>\n\n\n\n<p>@Itandehui_RoMa<\/p>\n\n\n\n<p>El a\u00f1o pasado, en septiembre, San Mart\u00edn Texmelucan volvi\u00f3 a ser tendencia a nivel nacional, por la caida del tanque de agua en San Bernardo Temaxcalac, que dej\u00f3 a 2 muertos y una persona lesionada. A ra\u00edz de eso, Horacio Cano aprovech\u00f3 la circunstancia para incrementar su exposici\u00f3n.<\/p>\n\n\n\n<p>Esto sucedi\u00f3, debido a que la presidenta municipal, Norma Lay\u00f3n, se vio obligada a salir lo menos posible del Palacio Municipal. Es una cuesti\u00f3n de mera supervivencia.<\/p>\n\n\n\n<p>Y, como los eventos y reuniones continuan, su lugar lo ocup\u00f3 Horacio Cano.<\/p>\n\n\n\n<p>Pero, \u00bfqui\u00e9n es Horacio Cano? Pues el s\u00edndico municipal, qui\u00e9n no solo est\u00e1 en todos los eventos y reuniones, sino que, adem\u00e1s, ya comenz\u00f3 a pintar bardas por todo el municipio. Est\u00e1 emulando a los aspirantes a la candidatura a la presidencia y a la gubernatura, de su partido, morena.<\/p>\n\n\n\n<p>Con conocimiento de causa, pues se trata del \u201cabogado del pueblo\u201d, Horacio sabe que lo hizo podr\u00eda configurar un delito electoral, esto pues asegur\u00f3 que:<\/p>\n\n\n\n<blockquote class=\"wp-block-quote is-layout-flow wp-block-quote-is-layout-flow\"><p>\u201cSi no sigue la Cuarta Transformaci\u00f3n los apoyos corren peligro\u201d, refieri\u00e9ndose a becas y otros programas.<\/p><\/blockquote>\n\n\n\n<figure class=\"wp-block-embed is-type-rich is-provider-twitter wp-block-embed-twitter\"><div class=\"wp-block-embed__wrapper\">\nhttps:\/\/twitter.com\/barbeandi2019\/status\/1632774340214157317?ref_src=twsrc%5Etfw%7Ctwcamp%5Etweetembed%7Ctwterm%5E1632774340214157317%7Ctwgr%5Eb0617f446f833b6000f750e2516ffebcae3db647%7Ctwcon%5Es1_c10&#038;ref_url=https%3A%2F%2Fwww.apartadomex.com%2Fopinion%2Fmonologos-de-menade%2Fhoracio-cano-el-abogado-del-pueblo%2F6513%2F\n<\/div><\/figure>\n\n\n\n<p>El delito que podr\u00eda cometer el \u201cabogado del pueblo\u201d, es condicionar la prestaci\u00f3n de servicios p\u00fablicos y su sanci\u00f3n va de entre 200 a 400 d\u00edas de multa y de los 2 a los 9 a\u00f1os de prisi\u00f3n.<\/p>\n\n\n\n<p>As\u00ed lo establece la&nbsp;<a href=\"https:\/\/www.diputados.gob.mx\/LeyesBiblio\/pdf\/LGMDE_200521.pdf\" target=\"_blank\" rel=\"noreferrer noopener\">Ley de General en Materia de Delitos Electorales<\/a>:<\/p>\n\n\n\n<blockquote class=\"wp-block-quote is-layout-flow wp-block-quote-is-layout-flow\"><p>Art\u00edculo 11. Se impondr\u00e1n de doscientos a cuatrocientos d\u00edas multa y prisi\u00f3n de dos a nueve a\u00f1os,<br>al servidor p\u00fablico que:<\/p><p><br>I. Coaccione o amenace a sus subordinados para que participen en eventos proselitistas de<br>precampa\u00f1a o campa\u00f1a, para que voten o se abstengan de votar por un candidato, partido<br>pol\u00edtico o coalici\u00f3n;<br><br>II.&nbsp;Condicione la prestaci\u00f3n de un servicio p\u00fablico, el cumplimiento de programas<br>gubernamentales, el otorgamiento de concesiones, permisos, licencias, autorizaciones,<br>franquicias, exenciones o la realizaci\u00f3n de obras p\u00fablicas, en el \u00e1mbito de su competencia,&nbsp;a<br>la emisi\u00f3n del sufragio en favor de un precandidato, candidato, partido pol\u00edtico o coalici\u00f3n;&nbsp;a la<br>abstenci\u00f3n del ejercicio del derecho de voto o al compromiso de no votar a favor de un<br>precandidato, candidato, partido o coalici\u00f3n.<\/p><p>Si el condicionamiento del programa gubernamental, se realiza utilizando programas de<br>naturaleza social, se aumentar\u00e1 hasta un tercio de la pena prevista en este art\u00edculo\u2026<\/p><\/blockquote>\n\n\n\n<p>El joven funcionario est\u00e1, adem\u00e1s, trabajando para el proyecto de Claudia Sheinbaum y creando estructura para ella en su municipio.<\/p>\n\n\n\n<p>La famosas frase de Descartes, \u201cpienso, luego existo\u201d, es la m\u00e1s clara expresi\u00f3n de uno de los principios filos\u00f3ficos modernos, \u201cnuestros pensamientos est\u00e1n por encima de nuestra existencia misma\u201d.<\/p>\n\n\n\n<p>Tom\u00e1ndome la licencia de adecuar la premisa del fil\u00f3sofo, la m\u00e1s clara expresi\u00f3n de uno de los principios electorales modernos ser\u00eda \u201caspiro, luego me defiendo\u201d.<\/p>\n\n\n\n<p>Esto es aplicable a Horacio Cano y a varios pol\u00edticos m\u00e1s. Y es que aunque no hay pruebas de un delito material, si hay prueblas de que est\u00e1 malinformando a los pr\u00f3ximos electores. Un buen abogado no tuerce las leyes a su favor, ni juega con la ignorancia de la gente.<\/p>\n\n\n\n<p>Como el \u201cabogado del pueblo\u201d, sabe lo que hizo y, si no lo sabe\u2026 Pues pi\u00e9nsenlo dos veces antes de votar por \u00e9l.<\/p>\n\n\n\n<p>Ahora, habr\u00e1 que ver qui\u00e9n denuncia, \u00bfla oposici\u00f3n de San Mart\u00edn Texmelucan? \u00bfOtra u otro aspirante de su partido? \u00bfQui\u00e9n va a decir yo?<\/p>\n\n\n\n<hr class=\"wp-block-separator\"\/>\n\n\n\n<p>Cambiando de tema, aprovecho este espacio para enviar un fuerte abrazo a Carlos Mac\u00edas Palma. Lamento profundamente la partida de tu se\u00f1ora madre, querido Carlos.<\/p>\n\n\n\n<p><\/p>\n","protected":false},"excerpt":{"rendered":"<p>Por Itandehui Rodr\u00edguez @Itandehui_RoMa El a\u00f1o pasado, en septiembre, San Mart\u00edn Texmelucan volvi\u00f3 a ser tendencia a nivel nacional, por [&hellip;]<\/p>\n","protected":false},"author":1,"featured_media":48642,"comment_status":"open","ping_status":"open","sticky":false,"template":"","format":"standard","meta":{"site-sidebar-layout":"default","site-content-layout":"","ast-site-content-layout":"default","site-content-style":"default","site-sidebar-style":"default","ast-global-header-display":"","ast-banner-title-visibility":"","ast-main-header-display":"","ast-hfb-above-header-display":"","ast-hfb-below-header-display":"","ast-hfb-mobile-header-display":"","site-post-title":"","ast-breadcrumbs-content":"","ast-featured-img":"","footer-sml-layout":"","theme-transparent-header-meta":"","adv-header-id-meta":"","stick-header-meta":"","header-above-stick-meta":"","header-main-stick-meta":"","header-below-stick-meta":"","astra-migrate-meta-layouts":"default","ast-page-background-enabled":"default","ast-page-background-meta":{"desktop":{"background-color":"var(--ast-global-color-4)","background-image":"","background-repeat":"repeat","background-position":"center center","background-size":"auto","background-attachment":"scroll","background-type":"","background-media":"","overlay-type":"","overlay-color":"","overlay-opacity":"","overlay-gradient":""},"tablet":{"background-color":"","background-image":"","background-repeat":"repeat","background-position":"center center","background-size":"auto","background-attachment":"scroll","background-type":"","background-media":"","overlay-type":"","overlay-color":"","overlay-opacity":"","overlay-gradient":""},"mobile":{"background-color":"","background-image":"","background-repeat":"repeat","background-position":"center center","background-size":"auto","background-attachment":"scroll","background-type":"","background-media":"","overlay-type":"","overlay-color":"","overlay-opacity":"","overlay-gradient":""}},"ast-content-background-meta":{"desktop":{"background-color":"var(--ast-global-color-5)","background-image":"","background-repeat":"repeat","background-position":"center center","background-size":"auto","background-attachment":"scroll","background-type":"","background-media":"","overlay-type":"","overlay-color":"","overlay-opacity":"","overlay-gradient":""},"tablet":{"background-color":"var(--ast-global-color-5)","background-image":"","background-repeat":"repeat","background-position":"center center","background-size":"auto","background-attachment":"scroll","background-type":"","background-media":"","overlay-type":"","overlay-color":"","overlay-opacity":"","overlay-gradient":""},"mobile":{"background-color":"var(--ast-global-color-5)","background-image":"","background-repeat":"repeat","background-position":"center center","background-size":"auto","background-attachment":"scroll","background-type":"","background-media":"","overlay-type":"","overlay-color":"","overlay-opacity":"","overlay-gradient":""}},"footnotes":""},"categories":[8,22],"tags":[15643],"class_list":["post-48641","post","type-post","status-publish","format-standard","has-post-thumbnail","hentry","category-noticias","category-opinion-invitada","tag-horacio-cano"],"_links":{"self":[{"href":"https:\/\/losperiodistas.com.mx\/portal\/wp-json\/wp\/v2\/posts\/48641","targetHints":{"allow":["GET"]}}],"collection":[{"href":"https:\/\/losperiodistas.com.mx\/portal\/wp-json\/wp\/v2\/posts"}],"about":[{"href":"https:\/\/losperiodistas.com.mx\/portal\/wp-json\/wp\/v2\/types\/post"}],"author":[{"embeddable":true,"href":"https:\/\/losperiodistas.com.mx\/portal\/wp-json\/wp\/v2\/users\/1"}],"replies":[{"embeddable":true,"href":"https:\/\/losperiodistas.com.mx\/portal\/wp-json\/wp\/v2\/comments?post=48641"}],"version-history":[{"count":1,"href":"https:\/\/losperiodistas.com.mx\/portal\/wp-json\/wp\/v2\/posts\/48641\/revisions"}],"predecessor-version":[{"id":48643,"href":"https:\/\/losperiodistas.com.mx\/portal\/wp-json\/wp\/v2\/posts\/48641\/revisions\/48643"}],"wp:featuredmedia":[{"embeddable":true,"href":"https:\/\/losperiodistas.com.mx\/portal\/wp-json\/wp\/v2\/media\/48642"}],"wp:attachment":[{"href":"https:\/\/losperiodistas.com.mx\/portal\/wp-json\/wp\/v2\/media?parent=48641"}],"wp:term":[{"taxonomy":"category","embeddable":true,"href":"https:\/\/losperiodistas.com.mx\/portal\/wp-json\/wp\/v2\/categories?post=48641"},{"taxonomy":"post_tag","embeddable":true,"href":"https:\/\/losperiodistas.com.mx\/portal\/wp-json\/wp\/v2\/tags?post=48641"}],"curies":[{"name":"wp","href":"https:\/\/api.w.org\/{rel}","templated":true}]}}