{"id":48629,"date":"2023-03-21T07:35:10","date_gmt":"2023-03-21T13:35:10","guid":{"rendered":"http:\/\/losperiodistas.com.mx\/portal\/?p=48629"},"modified":"2023-03-21T07:35:15","modified_gmt":"2023-03-21T13:35:15","slug":"compania-de-jesus-denuncia-que-impunidad-sigue-a-9-meses-del-asesinato-de-jesuitas-la-lista","status":"publish","type":"post","link":"https:\/\/losperiodistas.com.mx\/portal\/compania-de-jesus-denuncia-que-impunidad-sigue-a-9-meses-del-asesinato-de-jesuitas-la-lista\/","title":{"rendered":"Compa\u00f1\u00eda de Jes\u00fas denuncia que impunidad sigue a 9 meses del asesinato de jesuitas | La-Lista"},"content":{"rendered":"\n<p class=\"has-pale-cyan-blue-background-color has-background has-medium-font-size\">La Compa\u00f1\u00eda de Jes\u00fas afirm\u00f3 que la impunidad prevalece a nueve meses del asesinato de los sacerdotes jesuitas Javier Campos y Joaqu\u00edn Mora.<\/p>\n\n\n\n<figure class=\"wp-block-image size-large is-style-default\"><img fetchpriority=\"high\" decoding=\"async\" width=\"1024\" height=\"576\" src=\"https:\/\/losperiodistas.com.mx\/portal\/wp-content\/uploads\/2023\/03\/igelsia-mexicana-catolica-jornada-oracion-violencia-1024x576.jpg\" alt=\"\" class=\"wp-image-48630\" srcset=\"https:\/\/losperiodistas.com.mx\/portal\/wp-content\/uploads\/2023\/03\/igelsia-mexicana-catolica-jornada-oracion-violencia-1024x576.jpg 1024w, https:\/\/losperiodistas.com.mx\/portal\/wp-content\/uploads\/2023\/03\/igelsia-mexicana-catolica-jornada-oracion-violencia-300x169.jpg 300w, https:\/\/losperiodistas.com.mx\/portal\/wp-content\/uploads\/2023\/03\/igelsia-mexicana-catolica-jornada-oracion-violencia-768x432.jpg 768w, https:\/\/losperiodistas.com.mx\/portal\/wp-content\/uploads\/2023\/03\/igelsia-mexicana-catolica-jornada-oracion-violencia.jpg 1280w\" sizes=\"(max-width: 1024px) 100vw, 1024px\" \/><figcaption>Un cl\u00e9rigo bendice hoy los retratos de los sacerdotes jesuitas asesinados en Chihuahua, en una iglesia de Ciudad de M\u00e9xico. Foto: EFE\/ Isaac Esquivel<\/figcaption><\/figure>\n\n\n\n<p class=\"has-vivid-red-color has-text-color has-medium-font-size\"><strong>REDACCI\u00d3N LA-LISTA<\/strong><\/p>\n\n\n\n<p>La Compa\u00f1\u00eda de Jes\u00fas en M\u00e9xico afirm\u00f3 que la impunidad prevalece a nueve meses de que los sacerdotes jesuitas Javier Campos Morales y Joaqu\u00edn C\u00e9sar Mora Salazar, as\u00ed como del reconocido gu\u00eda tur\u00edstico Pedro Palma, fueron asesinados en Cerocahui, Chihuahua.<\/p>\n\n\n\n<p>Los jesuitas destacaron que esperan justicia ante este crimen que remite a la vivencia de todas las v\u00edctimas de violencia que siguen esperando justicia en M\u00e9xico.<\/p>\n\n\n\n<p class=\"has-cyan-bluish-gray-background-color has-background\">No te pierdas:<a href=\"https:\/\/la-lista.com\/derechos-humanos\/2023\/01\/31\/la-cidh-exhorta-a-mexico-a-proteger-a-11-jesuitas-en-urgencia-de-riesgo-en-chihuahua\">La CIDH exhorta a M\u00e9xico a proteger a 11 jesuitas en \u201curgencia de riesgo\u201d en Chihuahua<\/a><\/p>\n\n\n\n<p>\u201cLos jesuitas de M\u00e9xico apostamos por la memoria, hoy, a nueve meses de los asesinatos de nuestros hermanos Javier y Joaqu\u00edn, anhelamos que la justicia sea el preludio para encontrar la paz en la sierra Tarahumara. As\u00ed sea\u201d, destacaron en su cuenta de Twitter.<\/p>\n\n\n\n<p>En su p\u00e1gina oficial, hay un conteo en el que se muestra \u201c9 meses 0 d\u00edas sin justicia\u201d, as\u00ed como fotos de los sacerdotes Campos y Mora.<\/p>\n\n\n\n<p>La tarde del 20 de junio del 2022, los sacerdotes Javier Campos Morales, de 79 a\u00f1os, y Joaqu\u00edn C\u00e9sar Mora Salazar, de 80 a\u00f1os, intentaron auxiliar y brindar protecci\u00f3n a un hombre que entr\u00f3 en la iglesia huyendo de personas armadas, por lo cual fueron asesinados.<\/p>\n\n\n\n<figure class=\"wp-block-embed is-type-rich is-provider-twitter wp-block-embed-twitter\"><div class=\"wp-block-embed__wrapper\">\n<blockquote class=\"twitter-tweet\" data-width=\"500\" data-dnt=\"true\"><p lang=\"es\" dir=\"ltr\">\ud83c\udf97\ufe0fLos <a href=\"https:\/\/twitter.com\/hashtag\/JesuitasM%C3%A9xico?src=hash&amp;ref_src=twsrc%5Etfw\">#JesuitasM\u00e9xico<\/a> apostamos por la memoria, hoy, a nueve meses de los asesinatos de nuestros hermanos Javier y Joaqu\u00edn, anhelamos que la <a href=\"https:\/\/twitter.com\/hashtag\/justicia?src=hash&amp;ref_src=twsrc%5Etfw\">#justicia<\/a> sea el preludio para encontrar la <a href=\"https:\/\/twitter.com\/hashtag\/Paz?src=hash&amp;ref_src=twsrc%5Etfw\">#Paz<\/a> en la sierra <a href=\"https:\/\/twitter.com\/hashtag\/Tarahumara?src=hash&amp;ref_src=twsrc%5Etfw\">#Tarahumara<\/a>. As\u00ed sea.<br><br>\ud83d\udd17<a href=\"https:\/\/t.co\/O4MZIzUgjA\">https:\/\/t.co\/O4MZIzUgjA<\/a> <a href=\"https:\/\/t.co\/G1QIDtr7vJ\">pic.twitter.com\/G1QIDtr7vJ<\/a><\/p>&mdash; Compa\u00f1\u00eda de Jes\u00fas en M\u00e9xico (@Jesuitas_Mexico) <a href=\"https:\/\/twitter.com\/Jesuitas_Mexico\/status\/1637831434143408129?ref_src=twsrc%5Etfw\">March 20, 2023<\/a><\/blockquote><script async src=\"https:\/\/platform.twitter.com\/widgets.js\" charset=\"utf-8\"><\/script>\n<\/div><\/figure>\n\n\n\n<p>Despu\u00e9s del ataque los cuerpos fueron retirados de la parroquia Francisco Xavier en localidad de Cerocahui, en Chihuahua, lo que provoc\u00f3 la indignaci\u00f3n de la sociedad mexicana.<\/p>\n\n\n\n<p>El crimen provoc\u00f3 la indignaci\u00f3n de la comunidad clerical en M\u00e9xico y el mundo, incluso el papa Francisco se expres\u00f3 en torno al tema y lament\u00f3 que en el pa\u00eds se comentan \u201ctantos cr\u00edmenes\u201d; mientras la iglesia cat\u00f3lica mexicana ha exigido a las autoridades una pronta resoluci\u00f3n del caso.<\/p>\n\n\n\n<p class=\"has-cyan-bluish-gray-background-color has-background\">No te pierdas:<a href=\"https:\/\/la-lista.com\/the-guardian\/2022\/07\/08\/la-muerte-de-dos-sacerdotes-jesuitas-revela-la-creciente-amenaza-en-mexico\">La muerte de dos sacerdotes jesuitas revela la creciente amenaza en M\u00e9xico<\/a><\/p>\n\n\n\n<p>El pasado 31 de enero, la La Comisi\u00f3n Interamericana de Derechos Humanos (CIDH) inst\u00f3 al gobierno de M\u00e9xico a proteger la vida de 11 jesuitas de Cerocahui porque se hallan en \u201cuna situaci\u00f3n de gravedad y urgencia\u201d.<\/p>\n\n\n\n<p>A trav\u00e9s de un&nbsp;<a href=\"https:\/\/twitter.com\/CIDH\/status\/1620536516723318784\" target=\"_blank\" rel=\"noreferrer noopener\">comunicado de prensa<\/a>, se mencion\u00f3 que los jesuitas \u201chan sufrido amenazas y agresiones por parte de grupos del crimen organizado, lo que les impide desarrollar normalmente las actividades pastorales\u201d, asegur\u00f3 la CIDH.<\/p>\n\n\n\n<p>M\u00e9xico se ve sacudido por una ola de violencia ligada al narcotr\u00e1fico en medio de la fueron asesinadas m\u00e1s de 340 mil personas desde diciembre de 2006, seg\u00fan cifras oficiales.<\/p>\n\n\n\n<p><em>-Con informaci\u00f3n de EFE y AFP.<\/em><\/p>\n\n\n\n<p>Fuente: <a href=\"https:\/\/la-lista.com\/mexico\/2023\/03\/20\/compania-de-jesus-denuncia-que-impunidad-sigue-a-9-meses-del-asesinato-de-jesuitas\">https:\/\/la-lista.com\/mexico\/2023\/03\/20\/compania-de-jesus-denuncia-que-impunidad-sigue-a-9-meses-del-asesinato-de-jesuitas<\/a><\/p>\n","protected":false},"excerpt":{"rendered":"<p>La Compa\u00f1\u00eda de Jes\u00fas afirm\u00f3 que la impunidad prevalece a nueve meses del asesinato de los sacerdotes jesuitas Javier Campos [&hellip;]<\/p>\n","protected":false},"author":1,"featured_media":48630,"comment_status":"open","ping_status":"open","sticky":false,"template":"","format":"standard","meta":{"site-sidebar-layout":"default","site-content-layout":"","ast-site-content-layout":"default","site-content-style":"default","site-sidebar-style":"default","ast-global-header-display":"","ast-banner-title-visibility":"","ast-main-header-display":"","ast-hfb-above-header-display":"","ast-hfb-below-header-display":"","ast-hfb-mobile-header-display":"","site-post-title":"","ast-breadcrumbs-content":"","ast-featured-img":"","footer-sml-layout":"","theme-transparent-header-meta":"","adv-header-id-meta":"","stick-header-meta":"","header-above-stick-meta":"","header-main-stick-meta":"","header-below-stick-meta":"","astra-migrate-meta-layouts":"default","ast-page-background-enabled":"default","ast-page-background-meta":{"desktop":{"background-color":"var(--ast-global-color-4)","background-image":"","background-repeat":"repeat","background-position":"center center","background-size":"auto","background-attachment":"scroll","background-type":"","background-media":"","overlay-type":"","overlay-color":"","overlay-opacity":"","overlay-gradient":""},"tablet":{"background-color":"","background-image":"","background-repeat":"repeat","background-position":"center center","background-size":"auto","background-attachment":"scroll","background-type":"","background-media":"","overlay-type":"","overlay-color":"","overlay-opacity":"","overlay-gradient":""},"mobile":{"background-color":"","background-image":"","background-repeat":"repeat","background-position":"center center","background-size":"auto","background-attachment":"scroll","background-type":"","background-media":"","overlay-type":"","overlay-color":"","overlay-opacity":"","overlay-gradient":""}},"ast-content-background-meta":{"desktop":{"background-color":"var(--ast-global-color-5)","background-image":"","background-repeat":"repeat","background-position":"center center","background-size":"auto","background-attachment":"scroll","background-type":"","background-media":"","overlay-type":"","overlay-color":"","overlay-opacity":"","overlay-gradient":""},"tablet":{"background-color":"var(--ast-global-color-5)","background-image":"","background-repeat":"repeat","background-position":"center center","background-size":"auto","background-attachment":"scroll","background-type":"","background-media":"","overlay-type":"","overlay-color":"","overlay-opacity":"","overlay-gradient":""},"mobile":{"background-color":"var(--ast-global-color-5)","background-image":"","background-repeat":"repeat","background-position":"center center","background-size":"auto","background-attachment":"scroll","background-type":"","background-media":"","overlay-type":"","overlay-color":"","overlay-opacity":"","overlay-gradient":""}},"footnotes":""},"categories":[8],"tags":[4613,11104,10968],"class_list":["post-48629","post","type-post","status-publish","format-standard","has-post-thumbnail","hentry","category-noticias","tag-impunidad","tag-jesuitaas-asesinados","tag-sierra-tarahumara"],"_links":{"self":[{"href":"https:\/\/losperiodistas.com.mx\/portal\/wp-json\/wp\/v2\/posts\/48629","targetHints":{"allow":["GET"]}}],"collection":[{"href":"https:\/\/losperiodistas.com.mx\/portal\/wp-json\/wp\/v2\/posts"}],"about":[{"href":"https:\/\/losperiodistas.com.mx\/portal\/wp-json\/wp\/v2\/types\/post"}],"author":[{"embeddable":true,"href":"https:\/\/losperiodistas.com.mx\/portal\/wp-json\/wp\/v2\/users\/1"}],"replies":[{"embeddable":true,"href":"https:\/\/losperiodistas.com.mx\/portal\/wp-json\/wp\/v2\/comments?post=48629"}],"version-history":[{"count":1,"href":"https:\/\/losperiodistas.com.mx\/portal\/wp-json\/wp\/v2\/posts\/48629\/revisions"}],"predecessor-version":[{"id":48631,"href":"https:\/\/losperiodistas.com.mx\/portal\/wp-json\/wp\/v2\/posts\/48629\/revisions\/48631"}],"wp:featuredmedia":[{"embeddable":true,"href":"https:\/\/losperiodistas.com.mx\/portal\/wp-json\/wp\/v2\/media\/48630"}],"wp:attachment":[{"href":"https:\/\/losperiodistas.com.mx\/portal\/wp-json\/wp\/v2\/media?parent=48629"}],"wp:term":[{"taxonomy":"category","embeddable":true,"href":"https:\/\/losperiodistas.com.mx\/portal\/wp-json\/wp\/v2\/categories?post=48629"},{"taxonomy":"post_tag","embeddable":true,"href":"https:\/\/losperiodistas.com.mx\/portal\/wp-json\/wp\/v2\/tags?post=48629"}],"curies":[{"name":"wp","href":"https:\/\/api.w.org\/{rel}","templated":true}]}}