{"id":48617,"date":"2023-03-21T06:38:20","date_gmt":"2023-03-21T12:38:20","guid":{"rendered":"http:\/\/losperiodistas.com.mx\/portal\/?p=48617"},"modified":"2023-03-21T06:38:22","modified_gmt":"2023-03-21T12:38:22","slug":"grupos-sociales-piden-candidatos-ciudadanos","status":"publish","type":"post","link":"https:\/\/losperiodistas.com.mx\/portal\/grupos-sociales-piden-candidatos-ciudadanos\/","title":{"rendered":"Grupos sociales piden candidatos ciudadanos"},"content":{"rendered":"\n<p class=\"has-medium-font-size\">*Encuentro Nacional de Teatro; Sergio Quiroz est\u00e1 en libertad<\/p>\n\n\n\n<figure class=\"wp-block-image size-large is-style-default\"><img fetchpriority=\"high\" decoding=\"async\" width=\"1024\" height=\"653\" src=\"https:\/\/losperiodistas.com.mx\/portal\/wp-content\/uploads\/2023\/03\/CIUDADANOS-INDEPENDIENTES-1024x653.png\" alt=\"\" class=\"wp-image-48618\" srcset=\"https:\/\/losperiodistas.com.mx\/portal\/wp-content\/uploads\/2023\/03\/CIUDADANOS-INDEPENDIENTES-1024x653.png 1024w, https:\/\/losperiodistas.com.mx\/portal\/wp-content\/uploads\/2023\/03\/CIUDADANOS-INDEPENDIENTES-300x191.png 300w, https:\/\/losperiodistas.com.mx\/portal\/wp-content\/uploads\/2023\/03\/CIUDADANOS-INDEPENDIENTES-768x489.png 768w, https:\/\/losperiodistas.com.mx\/portal\/wp-content\/uploads\/2023\/03\/CIUDADANOS-INDEPENDIENTES.png 1100w\" sizes=\"(max-width: 1024px) 100vw, 1024px\" \/><\/figure>\n\n\n\n<p class=\"has-vivid-red-color has-text-color\" style=\"font-size:26px\"><strong><em>Por Ra\u00fal Torres Salmer\u00f3n<\/em><\/strong><\/p>\n\n\n\n<p>La Convenci\u00f3n Nacional de Independientes, celebrada el domingo en Puebla Capital hizo un llamado a los ciudadanos sin partido a participar en las pr\u00f3ximas elecciones e hicieron propuestas para ser un contrapeso y una opci\u00f3n de gobierno.<\/p>\n\n\n\n<p>Las agrupaciones Ciudadanos Uni2 por Puebla, Opci\u00f3n Ciudadana y Ciudadanos Independientes Unidos por M\u00e9xico, organizaron el encuentro.<\/p>\n\n\n\n<p>&nbsp;En sus intervenciones hicieron los siguientes llamados:<\/p>\n\n\n\n<p>-Las instituciones electorales deben respetar los derechos pol\u00edtico-electorales de la ciudadan\u00eda y promover la educaci\u00f3n c\u00edvica en todas las entidades, para que se ampl\u00ede la participaci\u00f3n de candidaturas independientes, de cara a las elecciones 2024.<\/p>\n\n\n\n<p>-Los independientes deben convertirse en un contrapeso real y ser una opci\u00f3n de gobierno, en el que los mexicanos puedan confiar y participar de forma activa para transformar el modelo de gesti\u00f3n p\u00fablica.<\/p>\n\n\n\n<p>-La Constituci\u00f3n precisa que los ciudadanos pueden votar y ser votados y exigen a los congresos estatales y autoridades electorales a actualizar leyes y cumplir con el precepto constitucional.<\/p>\n\n\n\n<p>-Existe discriminaci\u00f3n hac\u00eda las candidaturas independientes en las 32 entidades del pa\u00eds, debido a la falta de uni\u00f3n y preparaci\u00f3n de los interesados.<\/p>\n\n\n\n<p>-Es imposible 3 por ciento de firmas del Padr\u00f3n Electoral para comprobar el apoyo de la ciudadan\u00eda y registrar una candidatura en 30 d\u00edas y este precepto debe reformarse.<\/p>\n\n\n\n<p>Finalmente, los independientes informaron que ya tienen liderazgos que participar\u00e1n en la elecci\u00f3n del 2024. Por el Gobierno del Estado est\u00e1n apuntados \u00c1ngel Manuel L\u00f3pez Rafael y Ricardo Villa Escalera; por la Alcald\u00eda de Puebla Capital, Jorge Octavio Mart\u00ednez Ovando y para diputaciones locales Ernesto Garc\u00eda Hern\u00e1ndez y Carlos Meza Guti\u00e9rrez.<\/p>\n\n\n\n<p>Asistieron y participaron \u00c1ngel Manuel L\u00f3pez Rafael, Luc\u00eda Del Carmen Bustos Aguilera, Francisco Javier De La Garza Gil, Rossana Schiaffini Aponte, Alejandro Rodr\u00edguez Caba\u00f1as, Diana Edith Vardi Slim Brichel, Guillermo P\u00e9rez Herrera, C\u00e9sar Arturo Vargas Salgado, Cesar Augusto Santiago Ram\u00edrez, Miguel \u00c1ngel Ocampo Hern\u00e1ndez, Erick Escalona, C\u00e9sar Garc\u00eda, El\u00edas Miguel Moreno Brizuela.<\/p>\n\n\n\n<p>La reuni\u00f3n se llev\u00f3 a cabo en el Corporativo Valladolid, en la colonia Nueva Aurora Popular de Puebla Capital.<\/p>\n\n\n\n<p>ENCUENTRO DE TEATRO<\/p>\n\n\n\n<p>El Movimiento Antorchista Nacional, a trav\u00e9s de su Comisi\u00f3n Cultural, anunci\u00f3 el XXII Encuentro Nacional de Teatro, el cual se llevar\u00e1 a cabo los d\u00edas 24, 25 y 26 de marzo a las 11 de la ma\u00f1ana en la Sala de Conciertos Elisa Carrillo del Centro Cultural Mexiquense Bicentenario, Texcoco, Estado de M\u00e9xico, donde se presentar\u00e1n 19 compa\u00f1\u00edas teatrales con m\u00e1s de 500 actores en escena.<\/p>\n\n\n\n<p>Desde hace m\u00e1s de 20 a\u00f1os, la organizaci\u00f3n social, con presencia en los 32 estados y con una membres\u00eda de 2 millones de agremiados, organiza cada a\u00f1o este encuentro teatral con el objetivo de promover el arte en las colonias, comunidades, pueblos y escuelas donde realiza su trabajo cotidiano.<\/p>\n\n\n\n<p>&nbsp;Debido a no existe una pol\u00edtica gubernamental que promueva escenarios para los artistas del pueblo, se ha dado a la tarea de promover estos eventos culturales para descubrir talentos, educarlos y ayudarlos a desarrollar sus dotes art\u00edsticas.<\/p>\n\n\n\n<p>Vania Mej\u00eda L\u00f3pez, responsable de la disciplina de teatro, declar\u00f3 que con este concurso de teatro buscamos sensibilizar a los artistas natos del pueblo y al pueblo espectador; queremos que, a trav\u00e9s de los grandes cl\u00e1sicos de la dramaturgia mundial, el pueblo trabajador piense en cosas elevadas y trascendentales que antes le eran ajenas.<\/p>\n\n\n\n<p>Se invita al p\u00fablico en general a que acudan a Texcoco o vean en l\u00ednea la transmisi\u00f3n en vivo en las p\u00e1ginas oficiales del Movimiento Antorchista Nacional.<\/p>\n\n\n\n<p>SERGIO QUIROZ, LIBRE<\/p>\n\n\n\n<p>Despu\u00e9s de 10 meses de prisi\u00f3n preventiva, el conocido empresario Sergio Quiroz est\u00e1 en libertad.<\/p>\n\n\n\n<p>En mayo del 2022, fue acusado de despojo al ser se\u00f1alado como presunto intermediario en una entrega de un predio conocido como Tequixquitla, ubicado en San Andr\u00e9s Cholula, cuando formaba parte de la administraci\u00f3n de la Presidenta Municipal Karina P\u00e9rez Popoca.<\/p>\n\n\n\n<p>El entonces Regidor fue internado en el penal de San Pedro Cholula, quien despu\u00e9s de 10 meses sus abogados lograron justificar ante el Juez de la causa que la medida cautelar de prisi\u00f3n preventiva para su cliente era excesiva, de esta manera el juzgador orden\u00f3 la libertad inmediata del acusado el pasado 4 de marzo.<\/p>\n\n\n\n<p>Sergio Quiroz pertenece a una familia honorable muy conocida en Puebla y nunca ha estado en problemas legales, pero hoy est\u00e1 fuera del penal, con firmas peri\u00f3dicas impuestas por el Juez.<\/p>\n\n\n\n<p>En fin, como dice la copla flamenca:<\/p>\n\n\n\n<p>Criados son los ministros,<\/p>\n\n\n\n<p>amo y se\u00f1or, el capital.<\/p>\n\n\n\n<p>La justicia por los suelos<\/p>\n\n\n\n<p>y el pueblo en el barrizal.<\/p>\n\n\n\n<p>raultorress@hotmail.com<\/p>\n","protected":false},"excerpt":{"rendered":"<p>*Encuentro Nacional de Teatro; Sergio Quiroz est\u00e1 en libertad Por Ra\u00fal Torres Salmer\u00f3n La Convenci\u00f3n Nacional de Independientes, celebrada el [&hellip;]<\/p>\n","protected":false},"author":1,"featured_media":48618,"comment_status":"open","ping_status":"open","sticky":false,"template":"","format":"standard","meta":{"site-sidebar-layout":"default","site-content-layout":"","ast-site-content-layout":"default","site-content-style":"default","site-sidebar-style":"default","ast-global-header-display":"","ast-banner-title-visibility":"","ast-main-header-display":"","ast-hfb-above-header-display":"","ast-hfb-below-header-display":"","ast-hfb-mobile-header-display":"","site-post-title":"","ast-breadcrumbs-content":"","ast-featured-img":"","footer-sml-layout":"","theme-transparent-header-meta":"","adv-header-id-meta":"","stick-header-meta":"","header-above-stick-meta":"","header-main-stick-meta":"","header-below-stick-meta":"","astra-migrate-meta-layouts":"default","ast-page-background-enabled":"default","ast-page-background-meta":{"desktop":{"background-color":"var(--ast-global-color-4)","background-image":"","background-repeat":"repeat","background-position":"center center","background-size":"auto","background-attachment":"scroll","background-type":"","background-media":"","overlay-type":"","overlay-color":"","overlay-opacity":"","overlay-gradient":""},"tablet":{"background-color":"","background-image":"","background-repeat":"repeat","background-position":"center center","background-size":"auto","background-attachment":"scroll","background-type":"","background-media":"","overlay-type":"","overlay-color":"","overlay-opacity":"","overlay-gradient":""},"mobile":{"background-color":"","background-image":"","background-repeat":"repeat","background-position":"center center","background-size":"auto","background-attachment":"scroll","background-type":"","background-media":"","overlay-type":"","overlay-color":"","overlay-opacity":"","overlay-gradient":""}},"ast-content-background-meta":{"desktop":{"background-color":"var(--ast-global-color-5)","background-image":"","background-repeat":"repeat","background-position":"center center","background-size":"auto","background-attachment":"scroll","background-type":"","background-media":"","overlay-type":"","overlay-color":"","overlay-opacity":"","overlay-gradient":""},"tablet":{"background-color":"var(--ast-global-color-5)","background-image":"","background-repeat":"repeat","background-position":"center center","background-size":"auto","background-attachment":"scroll","background-type":"","background-media":"","overlay-type":"","overlay-color":"","overlay-opacity":"","overlay-gradient":""},"mobile":{"background-color":"var(--ast-global-color-5)","background-image":"","background-repeat":"repeat","background-position":"center center","background-size":"auto","background-attachment":"scroll","background-type":"","background-media":"","overlay-type":"","overlay-color":"","overlay-opacity":"","overlay-gradient":""}},"footnotes":""},"categories":[8,19],"tags":[15632,5743],"class_list":["post-48617","post","type-post","status-publish","format-standard","has-post-thumbnail","hentry","category-noticias","category-sin-limites-2","tag-convencion-nacional-de-independientes","tag-elecciones-mexico-2024"],"_links":{"self":[{"href":"https:\/\/losperiodistas.com.mx\/portal\/wp-json\/wp\/v2\/posts\/48617","targetHints":{"allow":["GET"]}}],"collection":[{"href":"https:\/\/losperiodistas.com.mx\/portal\/wp-json\/wp\/v2\/posts"}],"about":[{"href":"https:\/\/losperiodistas.com.mx\/portal\/wp-json\/wp\/v2\/types\/post"}],"author":[{"embeddable":true,"href":"https:\/\/losperiodistas.com.mx\/portal\/wp-json\/wp\/v2\/users\/1"}],"replies":[{"embeddable":true,"href":"https:\/\/losperiodistas.com.mx\/portal\/wp-json\/wp\/v2\/comments?post=48617"}],"version-history":[{"count":1,"href":"https:\/\/losperiodistas.com.mx\/portal\/wp-json\/wp\/v2\/posts\/48617\/revisions"}],"predecessor-version":[{"id":48619,"href":"https:\/\/losperiodistas.com.mx\/portal\/wp-json\/wp\/v2\/posts\/48617\/revisions\/48619"}],"wp:featuredmedia":[{"embeddable":true,"href":"https:\/\/losperiodistas.com.mx\/portal\/wp-json\/wp\/v2\/media\/48618"}],"wp:attachment":[{"href":"https:\/\/losperiodistas.com.mx\/portal\/wp-json\/wp\/v2\/media?parent=48617"}],"wp:term":[{"taxonomy":"category","embeddable":true,"href":"https:\/\/losperiodistas.com.mx\/portal\/wp-json\/wp\/v2\/categories?post=48617"},{"taxonomy":"post_tag","embeddable":true,"href":"https:\/\/losperiodistas.com.mx\/portal\/wp-json\/wp\/v2\/tags?post=48617"}],"curies":[{"name":"wp","href":"https:\/\/api.w.org\/{rel}","templated":true}]}}