{"id":48614,"date":"2023-03-21T06:25:24","date_gmt":"2023-03-21T12:25:24","guid":{"rendered":"http:\/\/losperiodistas.com.mx\/portal\/?p=48614"},"modified":"2023-03-21T06:25:26","modified_gmt":"2023-03-21T12:25:26","slug":"estados-unidos-incluye-demandas-a-e-consulta-en-informe-de-derechos-humanos-e-consulta","status":"publish","type":"post","link":"https:\/\/losperiodistas.com.mx\/portal\/estados-unidos-incluye-demandas-a-e-consulta-en-informe-de-derechos-humanos-e-consulta\/","title":{"rendered":"Estados Unidos incluye demandas a e-consulta en informe de Derechos Humanos | E-Consulta"},"content":{"rendered":"\n<p><strong>El departamento de Estado incluye a Puebla en su informes sobre pr\u00e1cticas de derechos humanos en M\u00e9xico<\/strong><\/p>\n\n\n\n<p><\/p>\n\n\n\n<figure class=\"wp-block-image size-full is-style-default\"><img fetchpriority=\"high\" decoding=\"async\" width=\"640\" height=\"426\" src=\"https:\/\/losperiodistas.com.mx\/portal\/wp-content\/uploads\/2023\/03\/estados-unidos-incluye-demandas-a-e-consulta-en-informe-de-derechos-humanos.jpg\" alt=\"\" class=\"wp-image-48615\" srcset=\"https:\/\/losperiodistas.com.mx\/portal\/wp-content\/uploads\/2023\/03\/estados-unidos-incluye-demandas-a-e-consulta-en-informe-de-derechos-humanos.jpg 640w, https:\/\/losperiodistas.com.mx\/portal\/wp-content\/uploads\/2023\/03\/estados-unidos-incluye-demandas-a-e-consulta-en-informe-de-derechos-humanos-300x200.jpg 300w\" sizes=\"(max-width: 640px) 100vw, 640px\" \/><figcaption><em>Foto \/ e-consulta<\/em><\/figcaption><\/figure>\n\n\n\n<p class=\"has-vivid-red-color has-text-color has-medium-font-size\"><strong>ANAID PI\u00d1AS \/ E-CONSULTA<\/strong><\/p>\n\n\n\n<p>El departamento de Estado incluye a Puebla en su informes sobre pr\u00e1cticas de derechos humanos en M\u00e9xico<\/p>\n\n\n\n<p>Las denuncias del gobierno del estado de Puebla en contra del portal&nbsp;<strong>e-consulta<\/strong>, el&nbsp;<strong>asesinato de la activista Cecilia Monz\u00f3n<\/strong>, y las&nbsp;<strong>agresiones a la periodista Lydia Cacho<\/strong>&nbsp;se encuentran entre los casos m\u00e1s graves de&nbsp;<a href=\"https:\/\/www.e-consulta.com\/nota\/2020-02-25\/politica\/demanda-lider-del-congreso-de-puebla-director-de-e-consulta\" target=\"_blank\" rel=\"noreferrer noopener\">violaci\u00f3n a los derechos humanos documentados<\/a>&nbsp;por&nbsp;<strong>Estados Unidos de Am\u00e9rica<\/strong>&nbsp;(EUA).<\/p>\n\n\n\n<p>De acuerdo con el reporte \u201c2022 Country Reports on Human Rights Practices: Mexico\u201d, elaborado por el&nbsp;<strong>Departamento de Estado<\/strong>&nbsp;de EUA, entre los principales problemas del pa\u00eds se encuentran homicidios ileg\u00edtimos o arbitrarios a manos de la polic\u00eda, el Ej\u00e9rcito y otros funcionarios gubernamentales.<\/p>\n\n\n\n<p>Tambi\u00e9n incluye\u00a0<strong>detenciones o reclusiones arbitrarias<\/strong>; restricciones a la\u00a0<strong>libertad de expresi\u00f3n<\/strong>\u00a0y a los medios de comunicaci\u00f3n, incluida la violencia contra periodistas. Asimismo, insuficiencia en investigaciones y acceso a la justicia para mujeres e integrantes de la\u00a0<strong>comunidad LGBTTTIQ+<\/strong>.<\/p>\n\n\n\n<p><a href=\"https:\/\/www.e-consulta.com\/nota\/2020-02-27\/politica\/denuncia-articulo-19-acoso-y-persecucion-contra-la-prensa-en-puebla\"><small>Nota relacionada:<\/small>Denuncia Art\u00edculo 19 acoso y persecuci\u00f3n contra la prensa en Puebla<\/a><\/p>\n\n\n\n<p>En la Secci\u00f3n 2, denominada \u201cRespeto de las libertades civiles\u201d, el&nbsp;<strong>Departamento de Estado de EUA<\/strong>&nbsp;recolect\u00f3 algunos casos de censura o restricci\u00f3n de contenido en los medios de comunicaci\u00f3n.<\/p>\n\n\n\n<p>Resalt\u00f3 las\u00a0<strong>siete demandas que el gobierno del estado de Puebla<\/strong>\u00a0realiz\u00f3 en contra del medio de comunicaci\u00f3n\u00a0<strong>e-consulta<\/strong>, derivadas de art\u00edculos y notas que\u00a0<strong>exhibieron presuntos\u00a0<\/strong><a href=\"https:\/\/acoso.e-consulta.com\/\" target=\"_blank\" rel=\"noreferrer noopener\">actos de corrupci\u00f3n y rendici\u00f3n de cuentas insuficiente<\/a>.<\/p>\n\n\n\n<figure class=\"wp-block-embed is-type-rich is-provider-twitter wp-block-embed-twitter\"><div class=\"wp-block-embed__wrapper\">\n<blockquote class=\"twitter-tweet\" data-width=\"500\" data-dnt=\"true\"><p lang=\"es\" dir=\"ltr\">La Corte de los Milagros: Las 4 demandas fueron presentadas por el diputado <a href=\"https:\/\/twitter.com\/Biestro?ref_src=twsrc%5Etfw\">@Biestro<\/a>, el subsecretario de Movilidad, Yassir V\u00e1zquez, el director del <a href=\"https:\/\/twitter.com\/IEEAPuebla?ref_src=twsrc%5Etfw\">@IEEAPuebla<\/a> Jes\u00fas de la Luz S\u00e1nchez Cuevas, y el subsecretario de Administraci\u00f3n, Juan Pablo Cort\u00e9s <a href=\"https:\/\/t.co\/rOrJrcVnvn\">https:\/\/t.co\/rOrJrcVnvn<\/a> <a href=\"https:\/\/t.co\/3HSRqPcv67\">pic.twitter.com\/3HSRqPcv67<\/a><\/p>&mdash; Rodolfo Ruiz R. (@periodistasoy) <a href=\"https:\/\/twitter.com\/periodistasoy\/status\/1232273971942510592?ref_src=twsrc%5Etfw\">February 25, 2020<\/a><\/blockquote><script async src=\"https:\/\/platform.twitter.com\/widgets.js\" charset=\"utf-8\"><\/script>\n<\/div><\/figure>\n\n\n\n<p>Seg\u00fan el texto, en 2016 la Suprema Corte de Justicia de la Naci\u00f3n (<strong>SCJN<\/strong>) elimin\u00f3 el tope de las sanciones por da\u00f1os morales, lo que dej\u00f3 a los periodistas y comunicadores \u201cvulnerables a multas exorbitantes\u201d.<small>Nota relacionada:<\/small><\/p>\n\n\n\n<h5 class=\"wp-block-heading\">Medios poblanos bajo asedio, publica Proceso<\/h5>\n\n\n\n<figure class=\"wp-block-image is-style-default\"><img decoding=\"async\" src=\"https:\/\/www.e-consulta.com\/_next\/image?url=https%3A%2F%2Ffotos.e-consulta.com%2Fportada_97.jpg&amp;w=3840&amp;q=75\" alt=\"Medios poblanos bajo asedio, publica Proceso\"\/><\/figure>\n\n\n\n<p>Por ejemplo, en 2019, el tribunal de Ciudad de M\u00e9xico conden\u00f3 a&nbsp;<strong>Sergio Aguayo<\/strong>, acad\u00e9mico y columnista del diario&nbsp;<em>Reforma<\/em>, a pagar multa de 10 millones de pesos \u201cpor da\u00f1os morales\u201d al&nbsp;<strong>exgobernador de Coahuila, Humberto Moreira<\/strong>.<\/p>\n\n\n\n<p><a href=\"https:\/\/www.facebook.com\/watch\/?v=661847724857602&amp;extid=NS-UNK-UNK-UNK-IOS_GK0T-GK1C&amp;ref=sharing\" target=\"_blank\" rel=\"noreferrer noopener\">Otro caso de Puebla<\/a>&nbsp;contenido en la secci\u00f3n 6, \u201cDiscriminaci\u00f3n y abusos sociales\u201d, es el&nbsp;<strong>asesinato de la abogada y activista&nbsp;<\/strong><a href=\"https:\/\/www.e-consulta.com\/nota\/2023-01-27\/seguridad\/crimenes-atroces-en-puebla-incluyen-al-bebe-tadeo-y-caso-cecilia-monzon\" target=\"_blank\" rel=\"noreferrer noopener\">Cecilia Monz\u00f3n P\u00e9rez<\/a>, ocurrido el 21 de mayo del 2022, en el municipio de Cholula.<\/p>\n\n\n\n<p>En abril, Cecilia Monz\u00f3n present\u00f3 ante la Fiscal\u00eda General del Estado (<strong>FGE<\/strong>) una demanda de pensi\u00f3n alimenticia contra el exdiputado local priista, Javier L\u00f3pez Zavala, con quien ten\u00eda un hijo.<\/p>\n\n\n\n<p><strong>Tambi\u00e9n puedes leer<\/strong>:&nbsp;<a href=\"https:\/\/acoso.e-consulta.com\/\"><em><strong>Acoso y persecuci\u00f3n contra e-consulta<\/strong><\/em><\/a><\/p>\n\n\n\n<p>\u201cEl d\u00eda antes de su muerte, critic\u00f3 p\u00fablicamente a la fiscal\u00eda por no tramitar la petici\u00f3n. Las autoridades detuvieron a Zavala y a otros tres&nbsp;<strong>presuntos c\u00f3mplices por feminicidio<\/strong>. A 31 de diciembre, los cuatro estaban a la espera de juicio\u201d, detalla el documento.<\/p>\n\n\n\n<p>En la Secci\u00f3n 1, \u201cRespeto de la integridad de la persona\u201d, indica las agresiones en contra de&nbsp;<strong>Lydia Cacho<\/strong>&nbsp;como uno de los hechos que describen il\u00edcitos vigentes, como&nbsp;<strong>la tortura y detenciones arbitrarias<\/strong>.<\/p>\n\n\n\n<p>El 20 de julio de 2022, el ex gobernador de Puebla,&nbsp;<a href=\"http:\/\/anuario.e-consulta.com\/index.php\/2006\/abril06\/item\/se-niega-marin-a-declarar-ante-la-pgr-sobre-el-caso-cacho\" target=\"_blank\" rel=\"noreferrer noopener\">Mario Mar\u00edn Torres<\/a>, perdi\u00f3 una moci\u00f3n en la que solicit\u00f3 la libertad condicional a la espera de juicio por la&nbsp;<strong>tortura de la periodista Lydia Cacho<\/strong>, por destapar en 2005 una presenta red de trata sexual de menores en la que el entonces mandatario estaba involucrada.<\/p>\n\n\n\n<p>El informe evidencia la crisis de acceso a la justicia en M\u00e9xico respecto a estas agresiones, pues de acuerdo con la organizaci\u00f3n civil \u201cComisi\u00f3n Mexicana de Defensa y Promoci\u00f3n de los Derechos Humanos\u201d de 2006 a 2020 autoridades federales dictaron\u00a0<strong>s\u00f3lo tres sentencias por tortura, aunque recibieron 27 denuncias<\/strong>.<\/p>\n\n\n\n<p>Fuente: <a href=\"https:\/\/www.e-consulta.com\/nota\/2023-03-20\/gobierno\/estados-unidos-incluye-demandas-e-consulta-en-informe-de-derechos-humanos\">https:\/\/www.e-consulta.com\/nota\/2023-03-20\/gobierno\/estados-unidos-incluye-demandas-e-consulta-en-informe-de-derechos-humanos<\/a><\/p>\n","protected":false},"excerpt":{"rendered":"<p>El departamento de Estado incluye a Puebla en su informes sobre pr\u00e1cticas de derechos humanos en M\u00e9xico ANAID PI\u00d1AS \/ [&hellip;]<\/p>\n","protected":false},"author":1,"featured_media":48615,"comment_status":"open","ping_status":"open","sticky":false,"template":"","format":"standard","meta":{"site-sidebar-layout":"default","site-content-layout":"","ast-site-content-layout":"default","site-content-style":"default","site-sidebar-style":"default","ast-global-header-display":"","ast-banner-title-visibility":"","ast-main-header-display":"","ast-hfb-above-header-display":"","ast-hfb-below-header-display":"","ast-hfb-mobile-header-display":"","site-post-title":"","ast-breadcrumbs-content":"","ast-featured-img":"","footer-sml-layout":"","theme-transparent-header-meta":"","adv-header-id-meta":"","stick-header-meta":"","header-above-stick-meta":"","header-main-stick-meta":"","header-below-stick-meta":"","astra-migrate-meta-layouts":"default","ast-page-background-enabled":"default","ast-page-background-meta":{"desktop":{"background-color":"var(--ast-global-color-4)","background-image":"","background-repeat":"repeat","background-position":"center center","background-size":"auto","background-attachment":"scroll","background-type":"","background-media":"","overlay-type":"","overlay-color":"","overlay-opacity":"","overlay-gradient":""},"tablet":{"background-color":"","background-image":"","background-repeat":"repeat","background-position":"center center","background-size":"auto","background-attachment":"scroll","background-type":"","background-media":"","overlay-type":"","overlay-color":"","overlay-opacity":"","overlay-gradient":""},"mobile":{"background-color":"","background-image":"","background-repeat":"repeat","background-position":"center center","background-size":"auto","background-attachment":"scroll","background-type":"","background-media":"","overlay-type":"","overlay-color":"","overlay-opacity":"","overlay-gradient":""}},"ast-content-background-meta":{"desktop":{"background-color":"var(--ast-global-color-5)","background-image":"","background-repeat":"repeat","background-position":"center center","background-size":"auto","background-attachment":"scroll","background-type":"","background-media":"","overlay-type":"","overlay-color":"","overlay-opacity":"","overlay-gradient":""},"tablet":{"background-color":"var(--ast-global-color-5)","background-image":"","background-repeat":"repeat","background-position":"center center","background-size":"auto","background-attachment":"scroll","background-type":"","background-media":"","overlay-type":"","overlay-color":"","overlay-opacity":"","overlay-gradient":""},"mobile":{"background-color":"var(--ast-global-color-5)","background-image":"","background-repeat":"repeat","background-position":"center center","background-size":"auto","background-attachment":"scroll","background-type":"","background-media":"","overlay-type":"","overlay-color":"","overlay-opacity":"","overlay-gradient":""}},"footnotes":""},"categories":[8],"tags":[15631,3712,5618],"class_list":["post-48614","post","type-post","status-publish","format-standard","has-post-thumbnail","hentry","category-noticias","tag-asedio-a-medios-poblanos","tag-derechos-humanos","tag-e-consulta"],"_links":{"self":[{"href":"https:\/\/losperiodistas.com.mx\/portal\/wp-json\/wp\/v2\/posts\/48614","targetHints":{"allow":["GET"]}}],"collection":[{"href":"https:\/\/losperiodistas.com.mx\/portal\/wp-json\/wp\/v2\/posts"}],"about":[{"href":"https:\/\/losperiodistas.com.mx\/portal\/wp-json\/wp\/v2\/types\/post"}],"author":[{"embeddable":true,"href":"https:\/\/losperiodistas.com.mx\/portal\/wp-json\/wp\/v2\/users\/1"}],"replies":[{"embeddable":true,"href":"https:\/\/losperiodistas.com.mx\/portal\/wp-json\/wp\/v2\/comments?post=48614"}],"version-history":[{"count":1,"href":"https:\/\/losperiodistas.com.mx\/portal\/wp-json\/wp\/v2\/posts\/48614\/revisions"}],"predecessor-version":[{"id":48616,"href":"https:\/\/losperiodistas.com.mx\/portal\/wp-json\/wp\/v2\/posts\/48614\/revisions\/48616"}],"wp:featuredmedia":[{"embeddable":true,"href":"https:\/\/losperiodistas.com.mx\/portal\/wp-json\/wp\/v2\/media\/48615"}],"wp:attachment":[{"href":"https:\/\/losperiodistas.com.mx\/portal\/wp-json\/wp\/v2\/media?parent=48614"}],"wp:term":[{"taxonomy":"category","embeddable":true,"href":"https:\/\/losperiodistas.com.mx\/portal\/wp-json\/wp\/v2\/categories?post=48614"},{"taxonomy":"post_tag","embeddable":true,"href":"https:\/\/losperiodistas.com.mx\/portal\/wp-json\/wp\/v2\/tags?post=48614"}],"curies":[{"name":"wp","href":"https:\/\/api.w.org\/{rel}","templated":true}]}}