{"id":48597,"date":"2023-03-20T08:31:19","date_gmt":"2023-03-20T14:31:19","guid":{"rendered":"http:\/\/losperiodistas.com.mx\/portal\/?p=48597"},"modified":"2023-03-20T08:31:21","modified_gmt":"2023-03-20T14:31:21","slug":"tienes-propension-genetica-al-estres-que-es-la-genomica-social-y-por-que-algunos-expertos-advierten-de-sus-peligros-bbc","status":"publish","type":"post","link":"https:\/\/losperiodistas.com.mx\/portal\/tienes-propension-genetica-al-estres-que-es-la-genomica-social-y-por-que-algunos-expertos-advierten-de-sus-peligros-bbc\/","title":{"rendered":"\u00bfTienes propensi\u00f3n gen\u00e9tica al estr\u00e9s?: qu\u00e9 es la gen\u00f3mica social y por qu\u00e9 algunos expertos advierten de sus peligros | BBC"},"content":{"rendered":"\n<p class=\"has-medium-font-size\">La gen\u00e9tica se est\u00e1 aplicando al campo de la psicolog\u00eda y la sociolog\u00eda \u00aby est\u00e1n saliendo cosas verdaderamente controvertidas\u00bb.<\/p>\n\n\n\n<p><\/p>\n\n\n\n<figure class=\"wp-block-image size-full is-style-default\"><img fetchpriority=\"high\" decoding=\"async\" width=\"800\" height=\"450\" src=\"https:\/\/losperiodistas.com.mx\/portal\/wp-content\/uploads\/2023\/03\/128830118_bd162259-9c8e-4d9f-bc3c-09e921ac47a0.jpeg\" alt=\"\" class=\"wp-image-48598\" srcset=\"https:\/\/losperiodistas.com.mx\/portal\/wp-content\/uploads\/2023\/03\/128830118_bd162259-9c8e-4d9f-bc3c-09e921ac47a0.jpeg 800w, https:\/\/losperiodistas.com.mx\/portal\/wp-content\/uploads\/2023\/03\/128830118_bd162259-9c8e-4d9f-bc3c-09e921ac47a0-300x169.jpeg 300w, https:\/\/losperiodistas.com.mx\/portal\/wp-content\/uploads\/2023\/03\/128830118_bd162259-9c8e-4d9f-bc3c-09e921ac47a0-768x432.jpeg 768w\" sizes=\"(max-width: 800px) 100vw, 800px\" \/><figcaption>SCIENCE PHOTOLIBRARY<\/figcaption><\/figure>\n\n\n\n<p class=\"has-vivid-red-color has-text-color has-medium-font-size\"><strong>ALEJANDRA MARTINS \/ BBC MUNDO<\/strong><\/p>\n\n\n\n<p><strong>\u00bfTienes una tendencia gen\u00e9tica a la ansiedad? \u00bfO a la introversi\u00f3n?<\/strong><\/p>\n\n\n\n<p>Responder a estas preguntas es posible hoy en d\u00eda gracias a un nuevo y pol\u00e9mico campo cient\u00edfico: la gen\u00f3mica social y del comportamiento.<\/p>\n\n\n\n<p>La gen\u00f3mica o estudio del genoma humano ha permitido grandes avances en la comprensi\u00f3n de enfermedades como el c\u00e1ncer.<\/p>\n\n\n\n<p>Pero las t\u00e9cnicas de la gen\u00e9tica \u00abse est\u00e1n aplicando en un frente nuevo, un campo donde no se hab\u00edan aplicado antes: la psicolog\u00eda y la sociolog\u00eda.\u00a0<strong>Y est\u00e1n saliendo cosas verdaderamente controvertidas<\/strong>\u00ab, se\u00f1al\u00f3 a BBC Mundo el genetista espa\u00f1ol Manuel P\u00e9rez Alonso, profesor de gen\u00e9tica de la Universidad de Valencia y editor de la revista Gen\u00e9tica M\u00e9dica News.<\/p>\n\n\n\n<p>Ya era posible desde hace una d\u00e9cada calcular nuestro riesgo de ciertas enfermedades a partir de una muestra de saliva. La novedad es que ahora podemos conocer tambi\u00e9n nuestra propensi\u00f3n gen\u00e9tica, por ejemplo, al estr\u00e9s, la ansiedad, el aislamiento o los a\u00f1os de escolaridad.<\/p>\n\n\n\n<p>La gen\u00f3mica social puede beneficiar a las personas y guiar en el futuro pol\u00edticas sociales m\u00e1s efectivas, seg\u00fan los expertos. Pero esos mismos cient\u00edficos&nbsp;<strong>advierten sobre el riesgo del mal uso de esas herramientas, incluso, con motiv<\/strong><strong>aciones<\/strong><strong>&nbsp;racistas<\/strong>.<\/p>\n\n\n\n<p>Las \u00abpromesas y peligros de la gen\u00f3mica social y del comportamiento\u00bb fueron el tema de un reciente encuentro del Instituto Nacional de Investigaci\u00f3n del Genoma Humano de Estados Unidos (NHGRI, por sus siglas en ingl\u00e9s).<\/p>\n\n\n\n<p>BBC Mundo habl\u00f3 con expertos en gen\u00e9tica sobre las aplicaciones de la gen\u00f3mica social, sus riesgos, y los avances revolucionarios que llevaron al desarrollo de este nuevo campo cient\u00edfico.<\/p>\n\n\n\n<figure class=\"wp-block-image is-style-default\"><img decoding=\"async\" src=\"https:\/\/ichef.bbci.co.uk\/news\/640\/cpsprodpb\/146EC\/production\/_128829638_genoma7b.jpg\" alt=\"Persona frente al computador con el rostro entre sus manos\"\/><figcaption>Hoy en d\u00eda es posible conocer nuestra propensi\u00f3n gen\u00e9tica al estr\u00e9s o a la ansiedad.<\/figcaption><\/figure>\n\n\n\n<h2 class=\"wp-block-heading\" id=\"Explosi\u00f3n-de-informaci\u00f3n\">\u00abExplosi\u00f3n de informaci\u00f3n\u00bb<\/h2>\n\n\n\n<p>Dos avances en paralelo hicieron posible el surgimiento de la gen\u00f3mica social, seg\u00fan P\u00e9rez Alonso.<\/p>\n\n\n\n<p>\u00abPor una parte hemos tenido un avance tecnol\u00f3gico muy importante, que ha sido el&nbsp;<strong>abaratamiento de la secuenciaci\u00f3n de ADN<\/strong>&nbsp;para acceder a la informaci\u00f3n gen\u00f3mica. La reducci\u00f3n de costes ha sido espectacular\u00bb.<\/p>\n\n\n\n<p>\u00abY por otra parte ha habido tambi\u00e9n una explosi\u00f3n en el desarrollo de&nbsp;<strong>herramientas inform\u00e1ticas de \u00faltima generaci\u00f3n<\/strong>&nbsp;que permiten procesar gran cantidad de datos\u00bb.<\/p>\n\n\n\n<p>\u00abLa combinaci\u00f3n de estos factores ha llevado a una explosi\u00f3n de informaci\u00f3n y ha hecho que lo que antes eran estudios muy complejos ahora sean relativamente sencillos\u00bb.<\/p>\n\n\n\n<figure class=\"wp-block-image is-style-default\"><img decoding=\"async\" src=\"https:\/\/ichef.bbci.co.uk\/news\/640\/cpsprodpb\/15953\/production\/_128830488_33021d56-0d92-4145-8788-16d863b97524.jpg\" alt=\"Mujer en un laboratorio haciendo una prueba de ADN\"\/><figcaption>La ca\u00edda de costos en la secuenciaci\u00f3n de ADN y las herramientas inform\u00e1ticas de big data han permitido una revoluci\u00f3n en gen\u00e9tica.<\/figcaption><\/figure>\n\n\n\n<p>Ambas innovaciones, en secuenciaci\u00f3n de ADN y en inform\u00e1tica, posibilitaron lo que se conoce como \u00ab<strong>estudios de asociaci\u00f3n del genoma completo<\/strong>\u00bb (<em>Genome wide association studies<\/em>&nbsp;o&nbsp;<strong>GWAS<\/strong>&nbsp;en ingl\u00e9s).<\/p>\n\n\n\n<p>Los GWAS son estudios de exploraci\u00f3n global del genoma \u00aben los que se leen alrededor de un mill\u00f3n de puntos del genoma que presentan variaciones naturales entre las personas. Estos puntos variables los llamamos en gen\u00e9tica polimorfismos\u00bb, explic\u00f3 P\u00e9rez Alonso.<\/p>\n\n\n\n<p>Las nuevas herramientas inform\u00e1ticas permiten a su vez buscar correlaciones entre esas variaciones naturales y una determinada caracter\u00edstica visible de una persona, lo que se conoce como fenotipo.<\/p>\n\n\n\n<p>\u00abEn un GWAS se estima la relaci\u00f3n entre de un fenotipo con cada una de los millones de variantes gen\u00e9ticas. El fenotipo podr\u00eda ser una enfermedad o alg\u00fan otro rasgo, incluido un rasgo social o del comportamiento\u00bb, explic\u00f3 a BBC Mundo Daniel Benjamin, profesor de Econom\u00eda del Comportamiento y Genoeconom\u00eda (estudio de v\u00ednculos entre datos gen\u00f3micos y conductas) de la Universidad de California en Los Angeles.<\/p>\n\n\n\n<figure class=\"wp-block-image is-style-default\"><img decoding=\"async\" src=\"https:\/\/ichef.bbci.co.uk\/news\/640\/cpsprodpb\/18063\/production\/_128830489_d4b8c06a-4f25-497a-b7d6-d43003e0d140.jpg\" alt=\"Individuo y letras del ADN\"\/><figcaption>En estudios de asociaci\u00f3n del genoma completo o GWAS se leen cerca de un mill\u00f3n de puntos del genoma con variaciones naturales entre personas en las letras A, C, T y G, que representan los componentes b\u00e1sicos del ADN.<\/figcaption><\/figure>\n\n\n\n<p>\u00bfC\u00f3mo llega toda esa informaci\u00f3n a qui\u00e9n provee una muestra de saliva?<\/p>\n\n\n\n<p>En base a estudios GWAS se calcula un n\u00famero que expresa el riesgo de una persona de padecer una cierta enfermedad o de tener un cierto rasgo social o psicol\u00f3gico.&nbsp;<strong>Ese n\u00famero es lo que se conoce como \u00abpuntuaci\u00f3n de riesgo polig\u00e9nico\u00bb<\/strong>&nbsp;(<em>polygenic score o polygenic index&nbsp;<\/em>en ingl\u00e9s).<\/p>\n\n\n\n<p>Benjamin explic\u00f3 que una puntuaci\u00f3n de riesgo polig\u00e9nico \u00abagrega las relaciones de millones de variantes gen\u00e9ticas en una sola variable resumida\u00bb y mide la propensidad gen\u00e9tica para un determinado rasgo.<\/p>\n\n\n\n<p>El cient\u00edfico agreg\u00f3 que \u00aben la \u00faltima d\u00e9cada ha sido posible crear \u00edndices de riesgo polig\u00e9nico porque se pueden conducir GWAS en estudios de cientos de miles o millones de personas\u00bb.<\/p>\n\n\n\n<figure class=\"wp-block-image is-style-default\"><img decoding=\"async\" src=\"https:\/\/ichef.bbci.co.uk\/news\/640\/cpsprodpb\/D66C\/production\/_128829845_genoma4b.jpg\" alt=\"Grupo de j\u00f3venes\"\/><figcaption>El genoma de una persona es exactamente igual al de otra persona en un 99,9%. Lo que nos hace a todos diferentes es el 0,1% restante.<\/figcaption><\/figure>\n\n\n\n<h2 class=\"wp-block-heading\" id=\"Pruebas-gen\u00e9ticas-directas-al-consumidor\">Pruebas gen\u00e9ticas directas al consumidor<\/h2>\n\n\n\n<p>Conocer nuestro riesgo polig\u00e9nico cuesta hoy en d\u00eda menos de US$200.<\/p>\n\n\n\n<p>En el caso de enfermedades f\u00edsicas, las puntuaciones polig\u00e9nicas se usan para valorar el riesgo gen\u00e9tico de enfermedades como hipertensi\u00f3n, diabetes, obesidad y algunos tipos de c\u00e1ncer.<\/p>\n\n\n\n<p>La hipertensi\u00f3n, por ejemplo, tiene un componente gen\u00e9tico, seg\u00fan explic\u00f3 P\u00e9rez Alonso. Pero \u00abno hay un gen causante de la hipertensi\u00f3n, ni dos, ni tres. Hay cientos de genes que contribuyen a nuestro riesgo de hipertensi\u00f3n, por lo que&nbsp;<strong>hablamos de gen\u00e9tica compleja o gen\u00e9tica multifactorial<\/strong>\u00ab.<\/p>\n\n\n\n<p>\u00abLa empresa pionera en este campo ha sido 23andMe. Cualquier persona puede con una muestra de saliva acceder a un test y conocer su riesgo polig\u00e9nico para una serie de enfermedades. Esto ya era una realidad\u00bb.<\/p>\n\n\n\n<p>De la misma forma, diferentes empresas comenzaron en los \u00faltimos dos a\u00f1os a usar pruebas GWAS y a calcular puntuaciones de riesgo polig\u00e9nico para rasgos sociales o psicol\u00f3gicos.<\/p>\n\n\n\n<figure class=\"wp-block-image is-style-default\"><img decoding=\"async\" src=\"https:\/\/ichef.bbci.co.uk\/news\/640\/cpsprodpb\/1248C\/production\/_128829847_genoma6b.jpg\" alt=\"Mujer con un hisopo tom\u00e1ndose una muestra de saliva\"\/><figcaption>En base a una muestra saliva podemos conocer nuestro riesgo gen\u00e9tico de enfermedades o de tendencias a rasgos psicol\u00f3gicos.<\/figcaption><\/figure>\n\n\n\n<p>\u00abEn Estados Unidos existen numerosos ejemplos de usos por parte de empresas de datos gen\u00f3micos sociales y de comportamiento\u00bb, se\u00f1al\u00f3 a BBC Mundo Daphne Martschenko, profesora del Centro de \u00c9tica Biom\u00e9dica de la Universidad de Stanford, en California.<\/p>\n\n\n\n<p>\u00abLos consumidores pueden acceder de manera f\u00e1cil y relativamente econ\u00f3mica a&nbsp;<strong>pruebas gen\u00e9ticas directas al consumidor&nbsp;<\/strong><strong>sobre<\/strong><strong>&nbsp;capacidad matem\u00e1tica,<\/strong><strong>&nbsp;n<\/strong><strong>ivel educativo y capacidad cognitiva<\/strong>\u00ab, agreg\u00f3.<\/p>\n\n\n\n<p>\u00abTambi\u00e9n hay empresas de citas que pretenden utilizar el ADN de una persona para determinar el perfil m\u00e1s compatible. Falta regulaci\u00f3n en Estados Unidos\u00bb.<\/p>\n\n\n\n<p>En BBC Mundo exploramos&nbsp;<strong>tres casos concretos de usos<\/strong>, posibles beneficios y riesgos de la gen\u00f3mica social.<\/p>\n\n\n\n<h2 class=\"wp-block-heading\" id=\"Ejemplo-1-cu\u00e1l-es-tu-tendencia-al-estr\u00e9s-o-la-ansiedad\">Ejemplo 1: \u00bfcu\u00e1l es tu tendencia al estr\u00e9s o la ansiedad?<\/h2>\n\n\n\n<p>El profesor P\u00e9rez Alonso es socio fundador de una&nbsp;<em>start up&nbsp;<\/em>del Parque Cient\u00edfico de la Universidad de Valencia llamada Mendel Brain.<\/p>\n\n\n\n<p>La empresa desarroll\u00f3 un an\u00e1lisis gen\u00e9tico de 54 caracter\u00edsticas de la psicolog\u00eda humana, seg\u00fan explic\u00f3 a BBC Mundo Aitor Garc\u00eda, CEO de Mendel Brain.<\/p>\n\n\n\n<p>\u00abEntre estas caracter\u00edsticas,&nbsp;<strong>el usuario puede conocer su sensibilidad al estr\u00e9s<\/strong><strong>&nbsp;o la<\/strong><strong>&nbsp;ansiedad,<\/strong><strong>&nbsp;su<\/strong><strong>&nbsp;predisposici\u00f3n a ser una persona introvertida o extrovertida<\/strong>&nbsp;y otros rasgos que hacen de cada uno de nosotros una persona \u00fanica\u00bb.<\/p>\n\n\n\n<p>Garc\u00eda agreg\u00f3 que la empresa se basa en m\u00e1s de 150 art\u00edculos cient\u00edficos que identificaron variaciones gen\u00e9ticas asociadas a una mayor predisposici\u00f3n de manifestar determinadas caracter\u00edsticas, como por ejemplo ansiedad.<\/p>\n\n\n\n<figure class=\"wp-block-image is-style-default\"><img decoding=\"async\" src=\"https:\/\/ichef.bbci.co.uk\/news\/640\/cpsprodpb\/1704\/production\/_128829850_genomica1.jpg\" alt=\"Kit que env\u00eda a los usuarios la empresa Mendel Brain para que se tomen una muestra de saliva\"\/><figcaption>La empresa espa\u00f1ola Mendel Brain desarroll\u00f3 un an\u00e1lisis gen\u00e9tico de m\u00e1s de 50 caracter\u00edsticas de la psicolog\u00eda humana.<\/figcaption><\/figure>\n\n\n\n<p>Mediante estudios GWAS se identifican esas variaciones gen\u00e9ticas y se definen dos grupos de personas: las que presentan una caracter\u00edstica como la ansiedad y las que no la presentan.<\/p>\n\n\n\n<p>Y aplicando m\u00e9todos estad\u00edsticos \u00abse identifican variantes gen\u00e9ticas que aparecen en el grupo de inter\u00e9s (ansiedad) con un valor estad\u00edstico significativo, y que se encuentran en muy baja o nula proporci\u00f3n en el grupo sin la caracter\u00edstica\u00bb, explic\u00f3 Garc\u00eda.<\/p>\n\n\n\n<p>Mendel Brain recopila entonces estas variaciones gen\u00e9ticas para generar un c\u00e1lculo de riesgo polig\u00e9nico y&nbsp;<strong>determinar cu\u00e1l es la predisposici\u00f3n de una persona respecto a la media de la poblaci\u00f3n<\/strong>.<\/p>\n\n\n\n<p>Garc\u00eda reconoce que conocer nuestra propensi\u00f3n al estr\u00e9s o la ansiedad presenta el riesgo de la \u00abprofec\u00eda autocumplida\u00bb, es decir, que conocer nuestra predisposici\u00f3n a desarrollar una caracter\u00edstica favorezca que se haga realidad.<\/p>\n\n\n\n<p>\u00abEs por ese motivo que somos met\u00f3dicos en la informaci\u00f3n que incluimos en los informes elaborados por psic\u00f3logos\u00bb, agreg\u00f3 el CEO de Mendel Brain.<\/p>\n\n\n\n<p>\u00abEstos aportan no solo la puntuaci\u00f3n gen\u00e9tica sino tambi\u00e9n cu\u00e1nto de la caracter\u00edstica manifestada est\u00e1 regulado por la gen\u00e9tica, indicando en todo momento que tanto la gen\u00e9tica como el ambiente intervienen en el desarrollo de la caracter\u00edstica y que la persona tiene la capacidad de adaptarse\u00bb.<\/p>\n\n\n\n<figure class=\"wp-block-image is-style-default\"><img decoding=\"async\" src=\"https:\/\/ichef.bbci.co.uk\/news\/640\/cpsprodpb\/172AC\/production\/_128829849_genoma19.jpg\" alt=\"Kit que env\u00eda a los usuarios la empresa Mendel Brain para que se tomen una muestra de saliva\"\/><figcaption>\u00abSi una persona sabe que tiene un riesgo m\u00e1s alto que la media de tener estr\u00e9s o ansiedad, va a tomar especial precauci\u00f3n de no acumular demasiadas tareas \u00ab.<\/figcaption><\/figure>\n\n\n\n<p>P\u00e9rez Alonso cree que conocer nuestra propensi\u00f3n al estr\u00e9s o la ansiedad puede ser beneficioso.<\/p>\n\n\n\n<p>\u00abHace dos d\u00e9cadas hubo un debate similar, cuando se pensaba que dar a conocer a una persona su riesgo de sufrir c\u00e1ncer era, de alguna forma, condenarla a vivir en sufrimiento. Pero hemos visto claramente que no es as\u00ed. Si me informan que tengo un mayor riesgo, por ejemplo, de melanoma hereditario, voy a ser m\u00e1s cuidadoso a la hora de tomar el sol y ante cualquier duda visitar\u00e9 al dermat\u00f3logo\u00bb.<\/p>\n\n\n\n<p>\u00abYo creo que en el caso de la psicolog\u00eda ocurre una cosa similar\u00bb.<\/p>\n\n\n\n<p>\u00abSi una persona sabe que tiene un riesgo m\u00e1s alto que la media de tener estr\u00e9s o ansiedad, va a tomar especial precauci\u00f3n de no acumular demasiadas tareas y de luchar contra el estr\u00e9s de una forma m\u00e1s activa\u00bb.<\/p>\n\n\n\n<h2 class=\"wp-block-heading\" id=\"Ejemplo-2-educaci\u00f3n\">Ejemplo 2: educaci\u00f3n<\/h2>\n\n\n\n<p>\u00abUn fenotipo que mis colegas y yo hemos estudiado es el n\u00famero de a\u00f1os completados de educaci\u00f3n formal\u00bb, se\u00f1al\u00f3 Daniel Benjamin.<\/p>\n\n\n\n<p>El cient\u00edfico de la Universidad de California explic\u00f3 que la gen\u00e9tica no permite predecir por s\u00ed sola los a\u00f1os de educaci\u00f3n formal, en los que influyen otros factores.<\/p>\n\n\n\n<p>\u00ab<strong>El \u00edndice polig\u00e9nico para a\u00f1os de educaci\u00f3n formal explica alrededor del 15% de la variaci\u00f3n entre individuos<\/strong>. Ese nivel de poder predictivo es demasiado bajo para predecir con precisi\u00f3n cu\u00e1l ser\u00e1 el resultado para un individuo\u00bb.<\/p>\n\n\n\n<p>\u00abA modo de comparaci\u00f3n, los pron\u00f3sticos meteorol\u00f3gicos profesionales predicen correctamente alrededor del 95% de la variaci\u00f3n en las temperaturas diarias\u00bb.<\/p>\n\n\n\n<p>Aunque tenga un poder predictivo bajo, Benjamin se\u00f1ala que conocer el \u00edndice polig\u00e9nico para a\u00f1os completados de educaci\u00f3n formal es algo valioso para fines de investigaci\u00f3n.<\/p>\n\n\n\n<figure class=\"wp-block-image is-style-default\"><img decoding=\"async\" src=\"https:\/\/ichef.bbci.co.uk\/news\/640\/cpsprodpb\/6524\/production\/_128829852_genoma9b.jpg\" alt=\"J\u00f3venes de toga en su d\u00eda de graduaci\u00f3n\"\/><figcaption>El \u00edndice de riesgo polig\u00e9nico para a\u00f1os de educaci\u00f3n formal explica solo cerca del 15% de la variaci\u00f3n entre individuos. Un peligro es que \u00ablas personas consideren que es mucho m\u00e1s predictivo de lo que realmente es\u00bb.<\/figcaption><\/figure>\n\n\n\n<p>Identificar la importancia del factor gen\u00e9tico permite estudiar con mayor precisi\u00f3n la influencia de otros factores, como el estatus socioecon\u00f3mico de los padres o la asistencia al preescolar.<\/p>\n\n\n\n<p>Sin embargo, Benjamin advierte del peligro de que \u00ab<strong>las personas puedan malinterpretar el \u00edndice polig\u00e9nico y considerar que es mucho m\u00e1s predictivo de lo que realmente es<\/strong>\u00ab.<\/p>\n\n\n\n<p>Por otra parte, en muchos casos quienes env\u00edan una muestra de saliva a una empresa reciben no solo sus resultados para un rasgo en particular, sino sus datos gen\u00e9ticos \u00aben bruto\u00bb, en otras palabras, toda la informaci\u00f3n que se obtiene al leer su genoma.<\/p>\n\n\n\n<p>Y en el futuro cualquier persona podr\u00eda subir por si misma esa informaci\u00f3n a plataformas en l\u00ednea que ofrezcan calcular puntuaciones de riesgo polig\u00e9nico.<\/p>\n\n\n\n<p>Para P\u00e9rez Alonso, \u00abel principal riesgo es que una persona sin el debido asesoramiento pueda creer que todo eso representa su vida y su futuro\u00bb.<\/p>\n\n\n\n<p>\u00abEsto no es una bola m\u00e1gica que nos dice qu\u00e9 va a ocurrir en los pr\u00f3ximos a\u00f1os, solamente nos da en el mejor de los casos ciertas tendencias. La contribuci\u00f3n de la gen\u00e9tica nunca es del cien por cien\u00bb.<\/p>\n\n\n\n<h2 class=\"wp-block-heading\" id=\"Ejemplo-3-la-amenaza-del-racismo\">Ejemplo 3: la amenaza del racismo<\/h2>\n\n\n\n<p>Uno de los mayores riesgos de la gen\u00f3mica, seg\u00fan expertos, es que&nbsp;<strong>estudios leg\u00edtimos sean malinterpretados o manipulados maliciosamente con fines racistas<\/strong>.<\/p>\n\n\n\n<p>\u00abUno de los ejemplos m\u00e1s terribles de c\u00f3mo la investigaci\u00f3n en gen\u00f3mica social y del comportamiento se est\u00e1 utilizando como arma es el caso del \u00abatacante de B\u00fafalo\u00bb, se\u00f1al\u00f3 a BBC Mundo Daphne Martschenko.<\/p>\n\n\n\n<p>El tiroteo de B\u00fafalo fue una masacre ocurrida el 14 de mayo de 2022, cuando un individuo blanco asesin\u00f3 por motivos racistas a 10 personas afroestadounidenses en un supermercado en la ciudad de B\u00fafalo, en el estado de Nueva York.<\/p>\n\n\n\n<figure class=\"wp-block-image is-style-default\"><img decoding=\"async\" src=\"https:\/\/ichef.bbci.co.uk\/news\/640\/cpsprodpb\/15FF7\/production\/_128830109_genoma18b.jpg\" alt=\"Fotos de las v\u00edctimas y tributos florales frente al supermercado que fue escenario del tiroteo de B\u00fafalo\"\/><figcaption>El \u00abatacante de B\u00fafalo\u00bb asesin\u00f3 a 10 personas e hiri\u00f3 a otras tres.<\/figcaption><\/figure>\n\n\n\n<p>El atacante transmiti\u00f3 en vivo el ataque y public\u00f3 en internet un manifiesto. En ese documento se describ\u00eda a s\u00ed mismo como un supremacista blanco y citaba como justificaci\u00f3n del ataque estudios gen\u00f3micos revisados por pares y publicados en prestigiosas revistas cient\u00edficas.<\/p>\n\n\n\n<p>Esos estudios se refieren, por ejemplo, a la influencia gen\u00e9tica en rasgos como la aptitud cognitiva.&nbsp;<strong>No hablan de diferencias raciales, pero fueron malinterpretados y distorsionados en foros racistas<\/strong>.<\/p>\n\n\n\n<p>\u00abEl investigador Jedidiah Carlson y sus colegas han realizado un trabajo excelente en demostrar c\u00f3mo la derecha alternativa (movimiento nacionalista blanco de extrema derecha) est\u00e1 invocando materiales extra\u00eddos de la investigaci\u00f3n cient\u00edfica convencional\u00bb, se\u00f1al\u00f3 Martchenko.<\/p>\n\n\n\n<h2 class=\"wp-block-heading\" id=\"Las-promesas-de-la-gen\u00f3mica-social\">Las promesas de la gen\u00f3mica social<\/h2>\n\n\n\n<p>A pesar de los potenciales riesgos, los investigadores consultados por BBC Mundo coinciden en que la gen\u00f3mica social puede aportar importantes beneficios.<\/p>\n\n\n\n<p>\u00abLo que m\u00e1s me entusiasma es que la gen\u00f3mica social y del comportamiento&nbsp;<strong>promete mejorar la forma en que podemos hacer ciencias sociales<\/strong>\u00ab, se\u00f1al\u00f3 Benjamin.<\/p>\n\n\n\n<p>Diferenciar la influencia gen\u00e9tica en el caso de a\u00f1os completados de educaci\u00f3n formal, por ejemplo, puede ayudar a identificar en qu\u00e9 otros factores deben centrarse las pol\u00edticas sociales para tener mayor impacto,como la asistencia al preescolar o los desayunos gratis en las escuelas.<\/p>\n\n\n\n<p>La gen\u00f3mica tambi\u00e9n podr\u00eda ayudar a estudiar problemas como el aislamiento social, seg\u00fan P\u00e9rez Alonso.<\/p>\n\n\n\n<figure class=\"wp-block-image is-style-default\"><img decoding=\"async\" src=\"https:\/\/ichef.bbci.co.uk\/news\/640\/cpsprodpb\/526F\/production\/_128830112_genoma12b.jpg\" alt=\"Maestra en un sal\u00f3n de clase interactuando con sus alumnos\"\/><figcaption>La gen\u00f3mica social podr\u00eda ayudar a dise\u00f1ar pol\u00edticas sociales m\u00e1s efectivas en educaci\u00f3n, de acuerdo a investigadores.<\/figcaption><\/figure>\n\n\n\n<p>Para el genetista espa\u00f1ol la gen\u00f3mica social y del comportamiento \u00ababre el camino\u00bb.<\/p>\n\n\n\n<p><strong>\u00abN<\/strong><strong>adie sabe hasta d\u00f3nde se va a poder llegar porque es algo realmente muy nuevo<\/strong>, pero lo que empieza a verse es que puede ayudar a encontrar respuestas a algunas preguntas\u00bb.<\/p>\n\n\n\n<h2 class=\"wp-block-heading\" id=\"Un-desaf\u00edo-para-todos\">Un desaf\u00edo para todos<\/h2>\n\n\n\n<p>Con el avance de la gen\u00e9tica habr\u00e1 cada vez m\u00e1s informaci\u00f3n sobre los v\u00ednculos entre el genoma y los rasgos psicol\u00f3gicos o del comportamiento, se\u00f1ala P\u00e9rez Alonso.<\/p>\n\n\n\n<p>\u00abPero ante esta revoluci\u00f3n y esta avalancha de informaci\u00f3n y de avances creo que&nbsp;<strong>lo importante es que los ciudadanos tengan m\u00e1s formaci\u00f3n en gen\u00e9tica<\/strong>\u00ab.<\/p>\n\n\n\n<p>Martchenko se\u00f1al\u00f3 que es \u00abinmensamente importante comunicar al p\u00fablico las limitaciones de las puntuaciones de riesgo polig\u00e9nico\u00bb.<\/p>\n\n\n\n<p>\u00abUn ejemplo del trabajo que se est\u00e1 realizando para explicar las limitaciones de los estudios en gen\u00f3mica social y del comportamiento es la publicaci\u00f3n por parte de investigadores de &#8216;Preguntas frecuentes&#8217; sobre el alcance de sus estudios\u00bb, agreg\u00f3 la investigadora de la Universidad de Stanford.<\/p>\n\n\n\n<p>Junto a otros colegas, Martchenko recopil\u00f3 en un repositorio p\u00fablico esos documentos en los que&nbsp;<strong>los propios cient\u00edficos explican en t\u00e9rminos m\u00e1s accesibles c\u00f3mo interpretar sus estudios<\/strong>.<\/p>\n\n\n\n<p>La investigadora se\u00f1al\u00f3 que tambi\u00e9n hay iniciativas en Estados Unidos para transformar la manera en la que se ense\u00f1a biolog\u00eda, de forma que esa ense\u00f1anza refleje los avances en gen\u00e9tica multifactorial.<\/p>\n\n\n\n<figure class=\"wp-block-image is-style-default\"><img decoding=\"async\" src=\"https:\/\/ichef.bbci.co.uk\/news\/640\/cpsprodpb\/24BB\/production\/_128830490_b8b1cc61-b4c3-4580-8e28-28877ff6a1c9.jpg\" alt=\"Ilustraci\u00f3n de la doble h\u00e9lice de la mol\u00e9cula de ADN\"\/><figcaption>Para algunos expertos, la ense\u00f1anza de gen\u00e9tica en secundaria y el las universidades debe cambiar para incluir la actual revoluci\u00f3n de la gen\u00e9tica compleja.<\/figcaption><\/figure>\n\n\n\n<p>Para P\u00e9rez Alonso es important\u00edsimo que los profesores en todos los niveles educativos reciban una actualizaci\u00f3n de lo que est\u00e1 pasando en gen\u00e9tica.<\/p>\n\n\n\n<p>\u00ab<strong>Un pa\u00eds no puede vivir de espaldas a estos avances que son aut\u00e9nticas revoluciones<\/strong>\u00ab.<\/p>\n\n\n\n<p>\u00abHablo incluso de las universidades. No puede ser que un profesor que a lo mejor actualiz\u00f3 sus conocimientos en gen\u00e9tica hace diez a\u00f1os siga hablando solo de la gen\u00e9tica como rasgos que vienen dictados por un \u00fanico gen. Eso tristemente sigue ocurriendo en universidades de Europa\u00bb, se\u00f1al\u00f3 a BBC Mundo.<\/p>\n\n\n\n<p>\u00abS\u00ed hay enfermedades que est\u00e1n dictadas por un \u00fanico gen, como la fibrosis qu\u00edstica. Pero en el caso de la psicolog\u00eda, todos los rasgos son polig\u00e9nicos\u00bb.<\/p>\n\n\n\n<p>\u00abAhora estamos ante una gen\u00e9tica mucho m\u00e1s compleja, en la uqe hay infinidad de rasgos que vienen dictados o influenciados por cientos de genes y en la que el riesgo polig\u00e9nico se va a tener que convertir para todos en un lenguaje com\u00fan y habitual\u00bb.<\/p>\n\n\n\n<p>Fuente: <a href=\"https:\/\/www.bbc.com\/mundo\/noticias-64825862\">https:\/\/www.bbc.com\/mundo\/noticias-64825862<\/a><\/p>\n","protected":false},"excerpt":{"rendered":"<p>La gen\u00e9tica se est\u00e1 aplicando al campo de la psicolog\u00eda y la sociolog\u00eda \u00aby est\u00e1n saliendo cosas verdaderamente controvertidas\u00bb. ALEJANDRA [&hellip;]<\/p>\n","protected":false},"author":1,"featured_media":48598,"comment_status":"open","ping_status":"open","sticky":false,"template":"","format":"standard","meta":{"site-sidebar-layout":"default","site-content-layout":"","ast-site-content-layout":"default","site-content-style":"default","site-sidebar-style":"default","ast-global-header-display":"","ast-banner-title-visibility":"","ast-main-header-display":"","ast-hfb-above-header-display":"","ast-hfb-below-header-display":"","ast-hfb-mobile-header-display":"","site-post-title":"","ast-breadcrumbs-content":"","ast-featured-img":"","footer-sml-layout":"","theme-transparent-header-meta":"","adv-header-id-meta":"","stick-header-meta":"","header-above-stick-meta":"","header-main-stick-meta":"","header-below-stick-meta":"","astra-migrate-meta-layouts":"default","ast-page-background-enabled":"default","ast-page-background-meta":{"desktop":{"background-color":"var(--ast-global-color-4)","background-image":"","background-repeat":"repeat","background-position":"center center","background-size":"auto","background-attachment":"scroll","background-type":"","background-media":"","overlay-type":"","overlay-color":"","overlay-opacity":"","overlay-gradient":""},"tablet":{"background-color":"","background-image":"","background-repeat":"repeat","background-position":"center center","background-size":"auto","background-attachment":"scroll","background-type":"","background-media":"","overlay-type":"","overlay-color":"","overlay-opacity":"","overlay-gradient":""},"mobile":{"background-color":"","background-image":"","background-repeat":"repeat","background-position":"center center","background-size":"auto","background-attachment":"scroll","background-type":"","background-media":"","overlay-type":"","overlay-color":"","overlay-opacity":"","overlay-gradient":""}},"ast-content-background-meta":{"desktop":{"background-color":"var(--ast-global-color-5)","background-image":"","background-repeat":"repeat","background-position":"center center","background-size":"auto","background-attachment":"scroll","background-type":"","background-media":"","overlay-type":"","overlay-color":"","overlay-opacity":"","overlay-gradient":""},"tablet":{"background-color":"var(--ast-global-color-5)","background-image":"","background-repeat":"repeat","background-position":"center center","background-size":"auto","background-attachment":"scroll","background-type":"","background-media":"","overlay-type":"","overlay-color":"","overlay-opacity":"","overlay-gradient":""},"mobile":{"background-color":"var(--ast-global-color-5)","background-image":"","background-repeat":"repeat","background-position":"center center","background-size":"auto","background-attachment":"scroll","background-type":"","background-media":"","overlay-type":"","overlay-color":"","overlay-opacity":"","overlay-gradient":""}},"footnotes":""},"categories":[8],"tags":[10506,2409,15629],"class_list":["post-48597","post","type-post","status-publish","format-standard","has-post-thumbnail","hentry","category-noticias","tag-ansiedad","tag-estres","tag-genomica-social"],"_links":{"self":[{"href":"https:\/\/losperiodistas.com.mx\/portal\/wp-json\/wp\/v2\/posts\/48597","targetHints":{"allow":["GET"]}}],"collection":[{"href":"https:\/\/losperiodistas.com.mx\/portal\/wp-json\/wp\/v2\/posts"}],"about":[{"href":"https:\/\/losperiodistas.com.mx\/portal\/wp-json\/wp\/v2\/types\/post"}],"author":[{"embeddable":true,"href":"https:\/\/losperiodistas.com.mx\/portal\/wp-json\/wp\/v2\/users\/1"}],"replies":[{"embeddable":true,"href":"https:\/\/losperiodistas.com.mx\/portal\/wp-json\/wp\/v2\/comments?post=48597"}],"version-history":[{"count":1,"href":"https:\/\/losperiodistas.com.mx\/portal\/wp-json\/wp\/v2\/posts\/48597\/revisions"}],"predecessor-version":[{"id":48601,"href":"https:\/\/losperiodistas.com.mx\/portal\/wp-json\/wp\/v2\/posts\/48597\/revisions\/48601"}],"wp:featuredmedia":[{"embeddable":true,"href":"https:\/\/losperiodistas.com.mx\/portal\/wp-json\/wp\/v2\/media\/48598"}],"wp:attachment":[{"href":"https:\/\/losperiodistas.com.mx\/portal\/wp-json\/wp\/v2\/media?parent=48597"}],"wp:term":[{"taxonomy":"category","embeddable":true,"href":"https:\/\/losperiodistas.com.mx\/portal\/wp-json\/wp\/v2\/categories?post=48597"},{"taxonomy":"post_tag","embeddable":true,"href":"https:\/\/losperiodistas.com.mx\/portal\/wp-json\/wp\/v2\/tags?post=48597"}],"curies":[{"name":"wp","href":"https:\/\/api.w.org\/{rel}","templated":true}]}}