{"id":48594,"date":"2023-03-20T08:03:36","date_gmt":"2023-03-20T14:03:36","guid":{"rendered":"http:\/\/losperiodistas.com.mx\/portal\/?p=48594"},"modified":"2023-03-20T08:03:38","modified_gmt":"2023-03-20T14:03:38","slug":"monologos-de-menade-america-rosas-y-el-setep","status":"publish","type":"post","link":"https:\/\/losperiodistas.com.mx\/portal\/monologos-de-menade-america-rosas-y-el-setep\/","title":{"rendered":"Mon\u00f3logos de M\u00e9nade | Am\u00e9rica Rosas y el SETEP"},"content":{"rendered":"\n<figure class=\"wp-block-image size-large is-style-default\"><img fetchpriority=\"high\" decoding=\"async\" width=\"1024\" height=\"576\" src=\"https:\/\/losperiodistas.com.mx\/portal\/wp-content\/uploads\/2023\/03\/America-Rosas-y-el-SETEP-1024x576.jpg\" alt=\"\" class=\"wp-image-48595\" srcset=\"https:\/\/losperiodistas.com.mx\/portal\/wp-content\/uploads\/2023\/03\/America-Rosas-y-el-SETEP-1024x576.jpg 1024w, https:\/\/losperiodistas.com.mx\/portal\/wp-content\/uploads\/2023\/03\/America-Rosas-y-el-SETEP-300x169.jpg 300w, https:\/\/losperiodistas.com.mx\/portal\/wp-content\/uploads\/2023\/03\/America-Rosas-y-el-SETEP-768x432.jpg 768w, https:\/\/losperiodistas.com.mx\/portal\/wp-content\/uploads\/2023\/03\/America-Rosas-y-el-SETEP.jpg 1200w\" sizes=\"(max-width: 1024px) 100vw, 1024px\" \/><\/figure>\n\n\n\n<p><\/p>\n\n\n\n<p class=\"has-vivid-red-color has-text-color\" style=\"font-size:26px\"><strong><em>Por Itandehui Rodr\u00edguez<\/em><\/strong><\/p>\n\n\n\n<p>@Itandehui_RoMa<\/p>\n\n\n\n<p>Lo prometido es deuda, vamos a descubrir el misterio de las plazas Tipo C que \u201cotorgaron pero no otorgaron\u201d en los \u00faltimos a\u00f1os en la SEP. Para ello, debemos hablar del nexo entre Am\u00e9rica Rosas y el SETEP.<\/p>\n\n\n\n<p>Como bien recordar\u00e1n, Am\u00e9rica Rosas fue subsecretaria de Educaci\u00f3n Superior antes de ser enviada a la Secretar\u00eda de Igualdad Sustantiva como titular.<\/p>\n\n\n\n<p>Ya en una columna anterior hab\u00edamos hablado de&nbsp;<a href=\"https:\/\/www.apartadomex.com\/opinion\/monologos-de-menade\/america-rosas-y-su-familia-de-investigadores\/5662\/\" target=\"_blank\" rel=\"noreferrer noopener\">las plazas Tipo C que tienen los hermanos de la ex funcionaria<\/a>, en aquella ocasi\u00f3n, les dije que no eran los \u00fanicos de la familia que fueron beneficiados por el paso de Am\u00e9rica por la SEP.<\/p>\n\n\n\n<p>Durante ese tiempo trab\u00f3 una buena relaci\u00f3n con Gonzalo Guti\u00e9rrez G\u00f3mez y comenzaron a hacerse favores uno a otro.<\/p>\n\n\n\n<p>Por ejemplo, el caso de Elvira Tapia L\u00f3pez.<\/p>\n\n\n\n<p>\u00bfQui\u00e9n es esta persona?<\/p>\n\n\n\n<p>Pues Elvira, es sobrina de Am\u00e9rica Rosas.<\/p>\n\n\n\n<p>Elvira pertenece al SETEP.<\/p>\n\n\n\n<p>La sobrina de Am\u00e9rica Rosas lleg\u00f3 como analista a un Bachillerato de Chiautla de Tapia en 2020.<\/p>\n\n\n\n<figure class=\"wp-block-image is-style-default\"><img decoding=\"async\" src=\"https:\/\/www.apartadomex.com\/wp-content\/uploads\/2023\/03\/Elvira-Tapia-es-administrativa-en-un-bachillerato-1024x576.webp\" alt=\"\" class=\"wp-image-6396\"\/><figcaption>Elvira Tapia es administrativa en un bachillerato en Chiautla de Tapia<\/figcaption><\/figure>\n\n\n\n<p>Te recomendamos:<a href=\"https:\/\/www.apartadomex.com\/opinion\/monologos-de-menade\/la-lluvia-de-gonzalo-gutierrez-gomez\/6047\/\" target=\"_blank\" rel=\"noreferrer noopener\">&nbsp;La lluvia de Gonzalo Guti\u00e9rrez G\u00f3mez<\/a><\/p>\n\n\n\n<h2 class=\"wp-block-heading\">Elvira no fue la \u00fanica beneficiada<\/h2>\n\n\n\n<p>Ah\u00ed no paran las gestiones y beneficios que recibieron los allegados de la ex subsecretaria. Porque Omar Momox, su particular, tambi\u00e9n sali\u00f3 ganando. Su historia laboral pas\u00f3 de secretario Particular a maestro de tiempo completo. Solo que \u00e9l est\u00e1 adscrito a la Escuela Superior de Ciencias y Humanidades de Momoxpan en San Pedro Cholula, a partir del 16 de octubre de 2020.<\/p>\n\n\n\n<p>\u00c9l tambi\u00e9n vive horas de Plut\u00f3n en el planeta Tierra, porque logr\u00f3 con la impresi\u00f3n de un papel, pasar por todos los escalafones que debe pasar un docente para alcanzar la plaza que ahora tiene. Su caso es id\u00e9ntico al de Lluvia, la particular del dirigente del SETEP.<\/p>\n\n\n\n<p>\u201cSi bien la Ley no estipula con exactitud cu\u00e1ntos son los escalafones que hay que completar para poder llegar a una plaza como la de Lluvia, lo cierto es que en la pr\u00e1ctica requiere empezar, primero, por una clave de 20 HRS y pasar las 3 categor\u00edas que hay, \u201cA\u201d, \u201cB\u201d y \u201cC\u201d.<\/p>\n\n\n\n<p>Despu\u00e9s incrementar 10 horas para tener 30 y de ah\u00ed pasar las tres categor\u00edas \u201cA\u201d, \u201cB\u201d y \u201cC\u201d. &nbsp;Luego, se debe incrementar 10 horas m\u00e1s, para tener las 40 HRS y poder tener la categor\u00eda A, con el sueldo que la profesora tiene hoy\u201d.<\/p>\n\n\n\n<figure class=\"wp-block-image is-style-default\"><img decoding=\"async\" src=\"https:\/\/www.apartadomex.com\/wp-content\/uploads\/2023\/03\/Movimiento-de-la-sobrina-de-America-Rosas-1024x576.jpg\" alt=\"\" class=\"wp-image-6395\"\/><figcaption>Omar Momox, particular de Am\u00e9rica Rosas tiene una plaza de tiempo completo<\/figcaption><\/figure>\n\n\n\n<p>As\u00ed fue como Omar Momox, de la nada, se convirti\u00f3 en profesor con una plaza de tiempo completo, categor\u00eda A y ganando mensualmente $22,674.24.<\/p>\n\n\n\n<p>Tomen nota maestras, maestros, si quieren tener una plaza categor\u00eda A, no tienen que hacer horas y horas y horas de servicio, tienen ser secretarias o secretarios particulares de Gonzalo o Am\u00e9rica. No cabe duda \u201ccaminante, no hay camino, se hace camino al andar\u201d.<\/p>\n\n\n\n<p>El camino de Lluvia fue el mismo que el de Omar, la ruta fue trazada por Am\u00e9rica y Gonzalo.<\/p>\n\n\n\n<p>Esta misma semana comenzaremos a hablar de las plazas Tipo C, solo hab\u00eda que establecer el contexto.<\/p>\n\n\n\n<h2 class=\"wp-block-heading\">El SETEP y el SNTE 51<\/h2>\n\n\n\n<p>Por cierto, \u00bfsaben qu\u00e9 tienen que ver el SETEP y el SNTE 51?<\/p>\n\n\n\n<p>Todo y nada. Aunque se trata de sindicatos separados, aunque en teor\u00eda deber\u00edan tener vidas independientes, las elecciones los unen.<\/p>\n\n\n\n<p>Y es que Gonzalo ya negoci\u00f3 con uno de los candidatos a la dirigencia del SNTE 51. Ya que la elecci\u00f3n del Sindicato Nacional de Trabajadores, secci\u00f3n 51, ser\u00e1 abierta, el SETEP enviar\u00e1 a gente para votar por Felipe Neri Mor\u00e1n. En reciprocidad, Felipe Neri Mor\u00e1n \u00c1lvarez, apoyar\u00e1 a Antonio Carrera en la elecci\u00f3n de ese sindicato.<\/p>\n\n\n\n<p>Porque\u2026 \u00bfpor qu\u00e9 controlar un sindicato, cuando puedes controlar dos? \u00a1\u2019Eles telible\u2019, Gonzalo!<\/p>\n\n\n\n<p>Lo que hay que aclarar es que Felipe Neri Mor\u00e1n, esta jugando doble y es que, desde la Secci\u00f3n 51 del SNTE ha protegido a Neftal\u00ed de los Santos Alonso, otro de los candidatos a la dirigencia del SETEP.<\/p>\n\n\n\n<p>Neftal\u00ed de los Santos cuenta con dos plazas, una que corresponde a maestro de grupo de primaria for\u00e1neo con un sueldo mensual de $9,432.00 mensuales sin percepciones. La fecha de ingreso de esa clave es 01\/10\/2014. La segunda plaza corresponde a Director de primaria For\u00e1neo con un sueldo mensual de $12,409.92. Su fecha de ingreso es la 01\/01\/2014.<\/p>\n\n\n\n<p>Que tenga dos plazas no es problema, porque finalmente las recibi\u00f3 antes de la Reforma Educativa de Pe\u00f1a Nieto en 2019. El problema es que este profesor, no devenga ninguna de las dos plazas, porque cuenta con la protecci\u00f3n de Felipe Neri desde el SNTE. \u00a1Qu\u00e9 enredos! \u00bfNo?<\/p>\n\n\n\n<p>Y, recuerden la moraleja de hoy, amigas y amigos, los aviadores aterrizan en pistas sindicales\u2026<\/p>\n","protected":false},"excerpt":{"rendered":"<p>Por Itandehui Rodr\u00edguez @Itandehui_RoMa Lo prometido es deuda, vamos a descubrir el misterio de las plazas Tipo C que \u201cotorgaron [&hellip;]<\/p>\n","protected":false},"author":1,"featured_media":48595,"comment_status":"open","ping_status":"open","sticky":false,"template":"","format":"standard","meta":{"site-sidebar-layout":"default","site-content-layout":"","ast-site-content-layout":"default","site-content-style":"default","site-sidebar-style":"default","ast-global-header-display":"","ast-banner-title-visibility":"","ast-main-header-display":"","ast-hfb-above-header-display":"","ast-hfb-below-header-display":"","ast-hfb-mobile-header-display":"","site-post-title":"","ast-breadcrumbs-content":"","ast-featured-img":"","footer-sml-layout":"","theme-transparent-header-meta":"","adv-header-id-meta":"","stick-header-meta":"","header-above-stick-meta":"","header-main-stick-meta":"","header-below-stick-meta":"","astra-migrate-meta-layouts":"default","ast-page-background-enabled":"default","ast-page-background-meta":{"desktop":{"background-color":"var(--ast-global-color-4)","background-image":"","background-repeat":"repeat","background-position":"center center","background-size":"auto","background-attachment":"scroll","background-type":"","background-media":"","overlay-type":"","overlay-color":"","overlay-opacity":"","overlay-gradient":""},"tablet":{"background-color":"","background-image":"","background-repeat":"repeat","background-position":"center center","background-size":"auto","background-attachment":"scroll","background-type":"","background-media":"","overlay-type":"","overlay-color":"","overlay-opacity":"","overlay-gradient":""},"mobile":{"background-color":"","background-image":"","background-repeat":"repeat","background-position":"center center","background-size":"auto","background-attachment":"scroll","background-type":"","background-media":"","overlay-type":"","overlay-color":"","overlay-opacity":"","overlay-gradient":""}},"ast-content-background-meta":{"desktop":{"background-color":"var(--ast-global-color-5)","background-image":"","background-repeat":"repeat","background-position":"center center","background-size":"auto","background-attachment":"scroll","background-type":"","background-media":"","overlay-type":"","overlay-color":"","overlay-opacity":"","overlay-gradient":""},"tablet":{"background-color":"var(--ast-global-color-5)","background-image":"","background-repeat":"repeat","background-position":"center center","background-size":"auto","background-attachment":"scroll","background-type":"","background-media":"","overlay-type":"","overlay-color":"","overlay-opacity":"","overlay-gradient":""},"mobile":{"background-color":"var(--ast-global-color-5)","background-image":"","background-repeat":"repeat","background-position":"center center","background-size":"auto","background-attachment":"scroll","background-type":"","background-media":"","overlay-type":"","overlay-color":"","overlay-opacity":"","overlay-gradient":""}},"footnotes":""},"categories":[8,22],"tags":[15360,15628,13402],"class_list":["post-48594","post","type-post","status-publish","format-standard","has-post-thumbnail","hentry","category-noticias","category-opinion-invitada","tag-america-rosas","tag-aviadores-magisteriales","tag-sep-puebla"],"_links":{"self":[{"href":"https:\/\/losperiodistas.com.mx\/portal\/wp-json\/wp\/v2\/posts\/48594","targetHints":{"allow":["GET"]}}],"collection":[{"href":"https:\/\/losperiodistas.com.mx\/portal\/wp-json\/wp\/v2\/posts"}],"about":[{"href":"https:\/\/losperiodistas.com.mx\/portal\/wp-json\/wp\/v2\/types\/post"}],"author":[{"embeddable":true,"href":"https:\/\/losperiodistas.com.mx\/portal\/wp-json\/wp\/v2\/users\/1"}],"replies":[{"embeddable":true,"href":"https:\/\/losperiodistas.com.mx\/portal\/wp-json\/wp\/v2\/comments?post=48594"}],"version-history":[{"count":1,"href":"https:\/\/losperiodistas.com.mx\/portal\/wp-json\/wp\/v2\/posts\/48594\/revisions"}],"predecessor-version":[{"id":48596,"href":"https:\/\/losperiodistas.com.mx\/portal\/wp-json\/wp\/v2\/posts\/48594\/revisions\/48596"}],"wp:featuredmedia":[{"embeddable":true,"href":"https:\/\/losperiodistas.com.mx\/portal\/wp-json\/wp\/v2\/media\/48595"}],"wp:attachment":[{"href":"https:\/\/losperiodistas.com.mx\/portal\/wp-json\/wp\/v2\/media?parent=48594"}],"wp:term":[{"taxonomy":"category","embeddable":true,"href":"https:\/\/losperiodistas.com.mx\/portal\/wp-json\/wp\/v2\/categories?post=48594"},{"taxonomy":"post_tag","embeddable":true,"href":"https:\/\/losperiodistas.com.mx\/portal\/wp-json\/wp\/v2\/tags?post=48594"}],"curies":[{"name":"wp","href":"https:\/\/api.w.org\/{rel}","templated":true}]}}