{"id":48587,"date":"2023-03-20T07:49:07","date_gmt":"2023-03-20T13:49:07","guid":{"rendered":"http:\/\/losperiodistas.com.mx\/portal\/?p=48587"},"modified":"2023-03-20T07:49:09","modified_gmt":"2023-03-20T13:49:09","slug":"ipcc-el-mundo-necesita-recortar-sus-emisiones-a-la-mitad-antes-de-2030-euronews","status":"publish","type":"post","link":"https:\/\/losperiodistas.com.mx\/portal\/ipcc-el-mundo-necesita-recortar-sus-emisiones-a-la-mitad-antes-de-2030-euronews\/","title":{"rendered":"IPCC: el mundo necesita recortar sus emisiones a la mitad antes de 2030 |\u00a0Euronews\u00a0"},"content":{"rendered":"\n<figure class=\"wp-block-image size-full is-style-default\"><img fetchpriority=\"high\" decoding=\"async\" width=\"773\" height=\"435\" src=\"https:\/\/losperiodistas.com.mx\/portal\/wp-content\/uploads\/2023\/03\/773x435_cmsv2_9f9d1a36-84c3-50d0-a5c3-ca3e1037c6ed-7473836.jpg\" alt=\"\" class=\"wp-image-48588\" srcset=\"https:\/\/losperiodistas.com.mx\/portal\/wp-content\/uploads\/2023\/03\/773x435_cmsv2_9f9d1a36-84c3-50d0-a5c3-ca3e1037c6ed-7473836.jpg 773w, https:\/\/losperiodistas.com.mx\/portal\/wp-content\/uploads\/2023\/03\/773x435_cmsv2_9f9d1a36-84c3-50d0-a5c3-ca3e1037c6ed-7473836-300x169.jpg 300w, https:\/\/losperiodistas.com.mx\/portal\/wp-content\/uploads\/2023\/03\/773x435_cmsv2_9f9d1a36-84c3-50d0-a5c3-ca3e1037c6ed-7473836-768x432.jpg 768w\" sizes=\"(max-width: 773px) 100vw, 773px\" \/><\/figure>\n\n\n\n<p><\/p>\n\n\n\n<p class=\"has-vivid-red-color has-text-color has-medium-font-size\"><strong>EFE \/ EURONEWS<\/strong><\/p>\n\n\n\n<p>Es \u00abprobable\u00bb que se alcance en este siglo un calentamiento de 1,5 grados<\/p>\n\n\n\n<p>El mundo necesita recortar a la mitad sus emisiones de gases de efecto invernadero antes de 2030 para limitar el calentamiento global a 1,5 grados este siglo, advierte hoy un nuevo informe del Grupo Intergubernamental de Expertos sobre el Cambio Clim\u00e1tico (IPCC).<\/p>\n\n\n\n<p>El informe, elaborado tras una semana de reuniones en la localidad alpina de Interlaken (Suiza) y que sintetiza todos los elaborados por los expertos de IPCC desde 2015, recuerda que en la d\u00e9cada 2011-2020 el planeta ya se ha calentado 1,1 grados con respecto a los niveles preindustriales (1850-1900).<\/p>\n\n\n\n<p>\u00abLa temperatura global de la superficie se ha calentado desde 1970 a mayor velocidad que en cualquier otro periodo de 50 a\u00f1os de los \u00faltimos dos milenios\u00bb, advierte el informe de s\u00edntesis, sexto que elabora el IPCC desde su creaci\u00f3n en 1988 y que cierra un ciclo de estudios de ocho a\u00f1os, en el que se firm\u00f3 el Acuerdo de Par\u00eds.<\/p>\n\n\n\n<p>Las concentraciones en la atm\u00f3sfera de di\u00f3xido de carbono (el principal gas de efecto invernadero) eran en 2019 las m\u00e1s altas de los \u00faltimos dos millones de a\u00f1os (410 partes por mill\u00f3n), recuerda el informe, indicando que un 79 % de las emisiones provienen de la industria, los transportes, el consumo de energ\u00eda y la construcci\u00f3n.<\/p>\n\n\n\n<p>Al actual ritmo de reducci\u00f3n de emisiones, los cient\u00edficos de IPCC advierten que es \u00abprobable\u00bb que se alcance en este siglo un calentamiento de 1,5 grados, el l\u00edmite por encima del cual los expertos consideran que las consecuencias en forma de fen\u00f3menos meteorol\u00f3gicos extremos ser\u00edan especialmente catastr\u00f3ficas.<\/p>\n\n\n\n<p>IPCC calcula que si se mantienen las actuales emisiones el calentamiento global este siglo ser\u00eda de 3,2 grados, un aumento insostenible, e incluso con los actuales compromisos de reducci\u00f3n de emisiones, que los expertos piden aumentar, la subida media de las temperaturas ser\u00eda de 2,8 grados.<\/p>\n\n\n\n<p>Los expertos se\u00f1alan que en el caso de que hubiera una enorme explosi\u00f3n volc\u00e1nica global (como la del volc\u00e1n indonesio Tambora de 1815, que caus\u00f3 el llamado \u00aba\u00f1o sin verano\u00bb de 1816) \u00e9sta \u00abenmascarar\u00eda parcialmente el cambio clim\u00e1tico\u00bb al reducir las temperaturas, pero s\u00f3lo \u00abentre uno y tres a\u00f1os\u00bb.<\/p>\n\n\n\n<p>IPCC: la subida del nivel del mar durante milenios es ya inevitable<\/p>\n\n\n\n<p>La subida del nivel del mar, uno de los efectos del calentamiento global y posible fuente de desastres ecol\u00f3gicos y humanitarios, es \u00abinevitable para los pr\u00f3ximos siglos o milenios\u00bb, advierte hoy el nuevo informe del Grupo Intergubernamental de Expertos sobre el Cambio Clim\u00e1tico de la ONU (IPCC).<\/p>\n\n\n\n<p>\u00abEn los pr\u00f3ximos 2.000 a\u00f1os el nivel medio del mar aumentar\u00e1 entre 2 y 3 metros si el calentamiento global se limita a 1,5 grados, y alcanzar\u00e1 entre 2 y 6 metros si no supera los 2 grados\u00bb, indica el informe, que sintetiza los realizados por IPCC entre 2015 y 2023, el sexto ciclo de investigaciones del organismo desde 1988.<\/p>\n\n\n\n<p>En todo caso, una reducci\u00f3n \u00abprofunda, r\u00e1pida y sostenida\u00bb de las emisiones de di\u00f3xido de carbono y otros gases de efecto invernadero podr\u00eda desacelerar esta subida del nivel del mar, subraya el informe, elaborado por 93 autores y debatido la semana pasada en el encuentro del IPCC en Interlaken (Alpes suizos).<\/p>\n\n\n\n<p>Presidente IPCC: a\u00fan hay esperanza en la lucha contra el cambio clim\u00e1tico<\/p>\n\n\n\n<p>Pese a que los actuales compromisos de reducci\u00f3n de emisiones a\u00fan no bastan y todav\u00eda hay cierta falta de sentido de urgencia, el nuevo informe del Grupo Intergubernamental de Expertos sobre el Cambio Clim\u00e1tico (IPCC), publicado hoy, quiere ser esperanzador, asegura a EFE su presidente, Hoesung Lee.<\/p>\n\n\n\n<p>El economista especializado en cambio clim\u00e1tico, presidente del IPCC durante su sexto ciclo (2015-2023), analiza en una entrevista el que podr\u00eda ser el \u00faltimo documento bajo su presidencia, tras una semana de reuniones de expertos en la localidad alpina de Interlaken (centro de Suiza).<\/p>\n\n\n\n<p>PREGUNTA: \u00bfQu\u00e9 ideas presenta el informe en torno a la posibilidad de mantener el aumento de las temperaturas globales en 1,5 grados cent\u00edgrados este siglo?<\/p>\n\n\n\n<p>RESPUESTA: Contiene un mensaje de esperanza, que sintetiza los hallazgos de los seis informes anteriores sobre oc\u00e9anos, uso del suelo, adaptaci\u00f3n&#8230; Uno de los puntos clave que muestra es el de que podemos reducir sustantivamente el consumo de energ\u00eda pero a la vez seguir manteniendo los actuales est\u00e1ndares de vida. Hay una sustancial mejora tecnol\u00f3gica de las energ\u00edas con bajas emisiones de carbono, y tenemos los conocimientos y los recursos financieros necesarios para lograr los objetivos clim\u00e1ticos.<\/p>\n\n\n\n<p>P: \u00bfQu\u00e9 tienen que hacer los gobiernos para ir por el buen camino en la lucha contra el cambio clim\u00e1tico?<\/p>\n\n\n\n<p>R: Entiendo que hoy en d\u00eda los gobiernos tienen muchos otros problemas que resolver, pero los derivados del clima siguen estando all\u00ed, se ver\u00e1n exacerbados si continuamos las actuales pautas de consumo y producci\u00f3n, y cada subida de temperatura nos afectar\u00e1 cada vez con mayor gravedad. Hay m\u00faltiples cosas que los gobiernos pueden hacer, pero lo importante es que comprendan que la acci\u00f3n urgente es imperativa, as\u00ed que necesitamos un esfuerzo coordinado, internacional, para reducir las emisiones de gases de efecto invernadero lo antes posible.<\/p>\n\n\n\n<p>P: \u00bfQu\u00e9 cambios en el clima son ya irreversibles?<\/p>\n\n\n\n<p>R: Probablemente el l\u00edmite de los 1,5 grados se alcanzar\u00e1 a finales de este siglo, antes de que se logre bajar de nuevo (y ello si aumentan los compromisos de reducci\u00f3n de emisiones). Cambios irreversibles se registrar\u00e1n en ese proceso, como el aumento continuado del nivel del mar, o da\u00f1os inevitables para el ecosistema por los efectos del calor para muchas especies.<\/p>\n\n\n\n<p>P: El informe habla de inestabilidad alimentaria, un concepto muy presente desde que empez\u00f3 la guerra en Ucrania, \u00bfc\u00f3mo puede afectar el cambio clim\u00e1tico en este problema?<\/p>\n\n\n\n<p>R: Hay m\u00faltiples problemas conectados: la escasez de agua que puede traer el cambio clim\u00e1tico puede llevar a una reducci\u00f3n en la producci\u00f3n agr\u00edcola, pero tambi\u00e9n en la producci\u00f3n industrial, o a conflictos en asentamientos humanos. El informe advierte que a menos que los gobernantes del mundo act\u00faen habr\u00e1 turbulencias en los sectores agr\u00edcola y pesquero.<\/p>\n\n\n\n<p>P: \u00bfQu\u00e9 puede hacerse m\u00e1s all\u00e1 de los gobiernos para contribuir a la lucha contra el cambio clim\u00e1tico?<\/p>\n\n\n\n<p>R: El informe nos avisa de que si nuestras pautas de consumo contin\u00faan el mundo nunca podr\u00e1 estabilizar la subida de temperatura en torno a los 1,5 grados. Esa meta es la que todos debemos perseguir, y tambi\u00e9n debe guiar a muchos inversores, que deben poner el dinero en el lugar correcto para lograr los objetivos clim\u00e1ticos.<\/p>\n\n\n\n<p>P: Terminado el sexto ciclo de estudios del IPCC, \u00bfa que se dedicar\u00e1 este grupo de expertos en el s\u00e9ptimo que ahora empieza?<\/p>\n\n\n\n<p>R: Se dar\u00e1 especial atenci\u00f3n a la relaci\u00f3n entre ciudades y cambio clim\u00e1tico, produciendo un informe especial sobre ello. Lo importante es que el mensaje de esperanza del actual informe sirva de base para el pr\u00f3ximo ciclo, haciendo surgir nuevas ideas que ayuden a los pol\u00edticos a estar mejor informados y conseguir que las metas se puedan hacer realidad.<\/p>\n\n\n\n<p>P: \u00bfSeguir\u00e1 usted como presidente del IPCC?<\/p>\n\n\n\n<p>R: No entra dentro de mis planes, espero pasar a ser un hombre \u00ablibre\u00bb.&nbsp;<\/p>\n\n\n\n<p><strong>Entrevista realizada por\u00a0Antonio Broto (EFE)<\/strong><\/p>\n\n\n\n<p>Fuente: <a href=\"https:\/\/es.euronews.com\/green\/2023\/03\/20\/ipcc-el-mundo-necesita-recortar-sus-emisiones-a-la-mitad-antes-de-2030\">https:\/\/es.euronews.com\/green\/2023\/03\/20\/ipcc-el-mundo-necesita-recortar-sus-emisiones-a-la-mitad-antes-de-2030<\/a><\/p>\n","protected":false},"excerpt":{"rendered":"<p>EFE \/ EURONEWS Es \u00abprobable\u00bb que se alcance en este siglo un calentamiento de 1,5 grados El mundo necesita recortar [&hellip;]<\/p>\n","protected":false},"author":1,"featured_media":48588,"comment_status":"open","ping_status":"open","sticky":false,"template":"","format":"standard","meta":{"site-sidebar-layout":"default","site-content-layout":"","ast-site-content-layout":"default","site-content-style":"default","site-sidebar-style":"default","ast-global-header-display":"","ast-banner-title-visibility":"","ast-main-header-display":"","ast-hfb-above-header-display":"","ast-hfb-below-header-display":"","ast-hfb-mobile-header-display":"","site-post-title":"","ast-breadcrumbs-content":"","ast-featured-img":"","footer-sml-layout":"","theme-transparent-header-meta":"","adv-header-id-meta":"","stick-header-meta":"","header-above-stick-meta":"","header-main-stick-meta":"","header-below-stick-meta":"","astra-migrate-meta-layouts":"default","ast-page-background-enabled":"default","ast-page-background-meta":{"desktop":{"background-color":"var(--ast-global-color-4)","background-image":"","background-repeat":"repeat","background-position":"center center","background-size":"auto","background-attachment":"scroll","background-type":"","background-media":"","overlay-type":"","overlay-color":"","overlay-opacity":"","overlay-gradient":""},"tablet":{"background-color":"","background-image":"","background-repeat":"repeat","background-position":"center center","background-size":"auto","background-attachment":"scroll","background-type":"","background-media":"","overlay-type":"","overlay-color":"","overlay-opacity":"","overlay-gradient":""},"mobile":{"background-color":"","background-image":"","background-repeat":"repeat","background-position":"center center","background-size":"auto","background-attachment":"scroll","background-type":"","background-media":"","overlay-type":"","overlay-color":"","overlay-opacity":"","overlay-gradient":""}},"ast-content-background-meta":{"desktop":{"background-color":"var(--ast-global-color-5)","background-image":"","background-repeat":"repeat","background-position":"center center","background-size":"auto","background-attachment":"scroll","background-type":"","background-media":"","overlay-type":"","overlay-color":"","overlay-opacity":"","overlay-gradient":""},"tablet":{"background-color":"var(--ast-global-color-5)","background-image":"","background-repeat":"repeat","background-position":"center center","background-size":"auto","background-attachment":"scroll","background-type":"","background-media":"","overlay-type":"","overlay-color":"","overlay-opacity":"","overlay-gradient":""},"mobile":{"background-color":"var(--ast-global-color-5)","background-image":"","background-repeat":"repeat","background-position":"center center","background-size":"auto","background-attachment":"scroll","background-type":"","background-media":"","overlay-type":"","overlay-color":"","overlay-opacity":"","overlay-gradient":""}},"footnotes":""},"categories":[8],"tags":[176,15627,15626],"class_list":["post-48587","post","type-post","status-publish","format-standard","has-post-thumbnail","hentry","category-noticias","tag-cambio-climatico","tag-gases-efecto-invernadero","tag-ipcc"],"_links":{"self":[{"href":"https:\/\/losperiodistas.com.mx\/portal\/wp-json\/wp\/v2\/posts\/48587","targetHints":{"allow":["GET"]}}],"collection":[{"href":"https:\/\/losperiodistas.com.mx\/portal\/wp-json\/wp\/v2\/posts"}],"about":[{"href":"https:\/\/losperiodistas.com.mx\/portal\/wp-json\/wp\/v2\/types\/post"}],"author":[{"embeddable":true,"href":"https:\/\/losperiodistas.com.mx\/portal\/wp-json\/wp\/v2\/users\/1"}],"replies":[{"embeddable":true,"href":"https:\/\/losperiodistas.com.mx\/portal\/wp-json\/wp\/v2\/comments?post=48587"}],"version-history":[{"count":1,"href":"https:\/\/losperiodistas.com.mx\/portal\/wp-json\/wp\/v2\/posts\/48587\/revisions"}],"predecessor-version":[{"id":48589,"href":"https:\/\/losperiodistas.com.mx\/portal\/wp-json\/wp\/v2\/posts\/48587\/revisions\/48589"}],"wp:featuredmedia":[{"embeddable":true,"href":"https:\/\/losperiodistas.com.mx\/portal\/wp-json\/wp\/v2\/media\/48588"}],"wp:attachment":[{"href":"https:\/\/losperiodistas.com.mx\/portal\/wp-json\/wp\/v2\/media?parent=48587"}],"wp:term":[{"taxonomy":"category","embeddable":true,"href":"https:\/\/losperiodistas.com.mx\/portal\/wp-json\/wp\/v2\/categories?post=48587"},{"taxonomy":"post_tag","embeddable":true,"href":"https:\/\/losperiodistas.com.mx\/portal\/wp-json\/wp\/v2\/tags?post=48587"}],"curies":[{"name":"wp","href":"https:\/\/api.w.org\/{rel}","templated":true}]}}