{"id":48576,"date":"2023-03-20T07:27:00","date_gmt":"2023-03-20T13:27:00","guid":{"rendered":"http:\/\/losperiodistas.com.mx\/portal\/?p=48576"},"modified":"2023-03-20T07:27:02","modified_gmt":"2023-03-20T13:27:02","slug":"ignacio-mier-amenazan-desde-gobierno-de-puebla-a-alcaldes-para-pintar-bardas-e-consulta","status":"publish","type":"post","link":"https:\/\/losperiodistas.com.mx\/portal\/ignacio-mier-amenazan-desde-gobierno-de-puebla-a-alcaldes-para-pintar-bardas-e-consulta\/","title":{"rendered":"Ignacio Mier: amenazan desde gobierno de Puebla a alcaldes para pintar bardas\u00a0| E-Consulta"},"content":{"rendered":"\n<p class=\"has-light-green-cyan-background-color has-background has-medium-font-size\"><strong>A cambio, les ofrecen evitar observaciones negativas a sus cuentas p\u00fablicas<\/strong><\/p>\n\n\n\n<p><\/p>\n\n\n\n<figure class=\"wp-block-image size-full is-style-default\"><img fetchpriority=\"high\" decoding=\"async\" width=\"639\" height=\"426\" src=\"https:\/\/losperiodistas.com.mx\/portal\/wp-content\/uploads\/2023\/03\/ignacio_mier_amenazan_desde_gobierno_de_puebla_a_alcaldes_para_pintar_bardas.jpg\" alt=\"\" class=\"wp-image-48577\" srcset=\"https:\/\/losperiodistas.com.mx\/portal\/wp-content\/uploads\/2023\/03\/ignacio_mier_amenazan_desde_gobierno_de_puebla_a_alcaldes_para_pintar_bardas.jpg 639w, https:\/\/losperiodistas.com.mx\/portal\/wp-content\/uploads\/2023\/03\/ignacio_mier_amenazan_desde_gobierno_de_puebla_a_alcaldes_para_pintar_bardas-300x200.jpg 300w\" sizes=\"(max-width: 639px) 100vw, 639px\" \/><figcaption><em>Foto \/ Especial<\/em><\/figcaption><\/figure>\n\n\n\n<p class=\"has-vivid-red-color has-text-color has-medium-font-size\"><strong>ANAID PI\u00d1AS \/ E-CONSULTA<\/strong><\/p>\n\n\n\n<p>Para evitar observaciones negativas a sus cuentas p\u00fablicas, presidentes municipales de Puebla&nbsp;<a href=\"https:\/\/www.e-consulta.com\/nota\/2023-02-23\/gobierno\/gobierno-de-puebla-y-su-modus-operandi-para-cuadrar-observaciones-de-asf\" target=\"_blank\" rel=\"noreferrer noopener\">han aceptado pintar bardas<\/a>&nbsp;para promocionar a un funcionario estatal rumbo a las&nbsp;<strong>elecciones 2024<\/strong>, asegur\u00f3 el diputado federal Ignacio Mier Velazco.<\/p>\n\n\n\n<p>En rueda de prensa y sin decir nombres, inform\u00f3 que hay\u00a0<strong>alcaldes<\/strong>, presidentes auxiliares e<strong>\u00a0inspectores<\/strong>\u00a0que \u201cpidieron la gracia del anonimato\u201d y se han acercado a \u00e9l para denunciar esta situaci\u00f3n.<\/p>\n\n\n\n<figure class=\"wp-block-embed is-type-rich is-provider-twitter wp-block-embed-twitter\"><div class=\"wp-block-embed__wrapper\">\n<blockquote class=\"twitter-tweet\" data-width=\"500\" data-dnt=\"true\"><p lang=\"es\" dir=\"ltr\">Sin decir nombres, <a href=\"https:\/\/twitter.com\/NachoMierV?ref_src=twsrc%5Etfw\">@NachoMierV<\/a> se\u00f1al\u00f3 que para evitar observaciones a sus cuentas p\u00fablicas, hay alcaldes de <a href=\"https:\/\/twitter.com\/hashtag\/Puebla?src=hash&amp;ref_src=twsrc%5Etfw\">#Puebla<\/a> que han aceptado pintar bardas para promocionar a un funcionario estatal que busca alguna candidatura en 2024 <a href=\"https:\/\/t.co\/UjfJGaymYs\">pic.twitter.com\/UjfJGaymYs<\/a><\/p>&mdash; Peri\u00f3dico e-consulta (@e_consulta) <a href=\"https:\/\/twitter.com\/e_consulta\/status\/1637583568716308480?ref_src=twsrc%5Etfw\">March 19, 2023<\/a><\/blockquote><script async src=\"https:\/\/platform.twitter.com\/widgets.js\" charset=\"utf-8\"><\/script>\n<\/div><\/figure>\n\n\n\n<p>En Xicotepec de Ju\u00e1rez, Puebla, dijo que entre las&nbsp;<strong>amenazas&nbsp;<\/strong>que reciben se encuentra la&nbsp;<strong>revisi\u00f3n de sus cuentas p\u00fablicas<\/strong>, a pesar de que esa actividad s\u00f3lo compete a la Auditor\u00eda Superior del Estado (<strong>ASE<\/strong>); as\u00ed como la limitaci\u00f3n de recursos durante su gesti\u00f3n.<\/p>\n\n\n\n<p class=\"has-cyan-bluish-gray-background-color has-background\"><strong>Las noticias al momento:&nbsp;<\/strong><a href=\"https:\/\/t.me\/e_consultanoticias\" target=\"_blank\" rel=\"noreferrer noopener\">suscr\u00edbete al canal de Telegram de e-consulta<\/a><\/p>\n\n\n\n<blockquote class=\"wp-block-quote is-layout-flow wp-block-quote-is-layout-flow\"><p>\u201cEscuch\u00e9 amenazas que sufrieron presidentes auxiliares, inspectores, que me lo dijeron alarmados porque pensaron que esa \u00e9poca en Puebla ya se hab\u00eda terminado en el caso de Tlachichuca y tambi\u00e9n lo escuch\u00e9 en Ciudad Serd\u00e1n\u201d, detall\u00f3 el morenista.<\/p><\/blockquote>\n\n\n\n<p>Coment\u00f3 que los denunciantes temen que esta situaci\u00f3n se agrave, por lo que prefirieron acatar estas&nbsp;<strong>pr\u00e1cticas patrimonialistas, casi caciquiles<\/strong>&nbsp;para evitar conflictos a largo plazo.<small>Nota relacionada:<\/small><\/p>\n\n\n\n<h5 class=\"wp-block-heading\">Elecciones 2024: Ignacio Mier pone nerviosos al PAN y PRI<\/h5>\n\n\n\n<figure class=\"wp-block-image is-style-default\"><img decoding=\"async\" src=\"https:\/\/www.e-consulta.com\/_next\/image?url=https%3A%2F%2Ffotos.e-consulta.com%2Felecciones-2024-ignacio-mier-pone-nerviosos-al-pan-y-pri.jpg&amp;w=3840&amp;q=75\" alt=\"Elecciones 2024: Ignacio Mier pone nerviosos al PAN y PRI\"\/><\/figure>\n\n\n\n<p class=\"has-cyan-bluish-gray-background-color has-background\"><strong>Te recomendamos<\/strong>:&nbsp;<a href=\"https:\/\/www.e-consulta.com\/nota\/2023-03-17\/gobierno\/alcanza-los-8-mil-800-mdp-faltante-de-solventar-en-ayuntamiento-de-puebla\">Alcanza los 8 mil 800 mdp faltante de solventar en ayuntamiento de Puebla<\/a><\/p>\n\n\n\n<p>Mier Velazco llam\u00f3 a todos los&nbsp;<strong>aspirantes a la gubernatura por Morena<\/strong>&nbsp;a participar en este proceso democr\u00e1tico apeg\u00e1ndose a la ley, y les recomend\u00f3 publicitar su imagen a trav\u00e9s de sus equipos ciudadanos y no a trav\u00e9s de la presi\u00f3n a autoridades municipales.<\/p>\n\n\n\n<p>Recalc\u00f3 que la persona a la que promueven a trav\u00e9s de la pinta de bardas es un funcionario estatal y brome\u00f3 sobre tal desconocimiento con su equipo de trabajo. \u201cHe visto muchas bardas de \u00e9l, pero&nbsp;<a href=\"https:\/\/www.e-consulta.com\/nota\/2023-03-19\/politica\/ignacio-mier-descarta-separarse-de-su-cargo-para-competir-en-2024\" target=\"_blank\" rel=\"noreferrer noopener\">no recuerdo su nombre<\/a>\u201d, le respondi\u00f3&nbsp;<strong>Fernando Manzanilla Prieto<\/strong>.<\/p>\n\n\n\n<p>Ignacio Mier mencion\u00f3 que el proceso electoral a\u00fan no ha iniciado: \u201candan muy acelerados, no por mucho madrugar amanece m\u00e1s temprano. Tienen frente a ustedes a quien encabezar\u00e1 la\u00a0<strong>Cuarta Transformaci\u00f3n en Puebla<\/strong>\u201d.<\/p>\n\n\n\n<p>Fuente: <a href=\"https:\/\/www.e-consulta.com\/nota\/2023-03-19\/politica\/ignacio-mier-amenazan-desde-gobierno-de-puebla-alcaldes-para-pintar-bardas\">https:\/\/www.e-consulta.com\/nota\/2023-03-19\/politica\/ignacio-mier-amenazan-desde-gobierno-de-puebla-alcaldes-para-pintar-bardas<\/a><\/p>\n","protected":false},"excerpt":{"rendered":"<p>A cambio, les ofrecen evitar observaciones negativas a sus cuentas p\u00fablicas ANAID PI\u00d1AS \/ E-CONSULTA Para evitar observaciones negativas a [&hellip;]<\/p>\n","protected":false},"author":1,"featured_media":48577,"comment_status":"open","ping_status":"open","sticky":false,"template":"","format":"standard","meta":{"site-sidebar-layout":"default","site-content-layout":"","ast-site-content-layout":"default","site-content-style":"default","site-sidebar-style":"default","ast-global-header-display":"","ast-banner-title-visibility":"","ast-main-header-display":"","ast-hfb-above-header-display":"","ast-hfb-below-header-display":"","ast-hfb-mobile-header-display":"","site-post-title":"","ast-breadcrumbs-content":"","ast-featured-img":"","footer-sml-layout":"","theme-transparent-header-meta":"","adv-header-id-meta":"","stick-header-meta":"","header-above-stick-meta":"","header-main-stick-meta":"","header-below-stick-meta":"","astra-migrate-meta-layouts":"default","ast-page-background-enabled":"default","ast-page-background-meta":{"desktop":{"background-color":"var(--ast-global-color-4)","background-image":"","background-repeat":"repeat","background-position":"center center","background-size":"auto","background-attachment":"scroll","background-type":"","background-media":"","overlay-type":"","overlay-color":"","overlay-opacity":"","overlay-gradient":""},"tablet":{"background-color":"","background-image":"","background-repeat":"repeat","background-position":"center center","background-size":"auto","background-attachment":"scroll","background-type":"","background-media":"","overlay-type":"","overlay-color":"","overlay-opacity":"","overlay-gradient":""},"mobile":{"background-color":"","background-image":"","background-repeat":"repeat","background-position":"center center","background-size":"auto","background-attachment":"scroll","background-type":"","background-media":"","overlay-type":"","overlay-color":"","overlay-opacity":"","overlay-gradient":""}},"ast-content-background-meta":{"desktop":{"background-color":"var(--ast-global-color-5)","background-image":"","background-repeat":"repeat","background-position":"center center","background-size":"auto","background-attachment":"scroll","background-type":"","background-media":"","overlay-type":"","overlay-color":"","overlay-opacity":"","overlay-gradient":""},"tablet":{"background-color":"var(--ast-global-color-5)","background-image":"","background-repeat":"repeat","background-position":"center center","background-size":"auto","background-attachment":"scroll","background-type":"","background-media":"","overlay-type":"","overlay-color":"","overlay-opacity":"","overlay-gradient":""},"mobile":{"background-color":"var(--ast-global-color-5)","background-image":"","background-repeat":"repeat","background-position":"center center","background-size":"auto","background-attachment":"scroll","background-type":"","background-media":"","overlay-type":"","overlay-color":"","overlay-opacity":"","overlay-gradient":""}},"footnotes":""},"categories":[8],"tags":[15119,3976],"class_list":["post-48576","post","type-post","status-publish","format-standard","has-post-thumbnail","hentry","category-noticias","tag-nachomierv","tag-ignacio-mier-velazco"],"_links":{"self":[{"href":"https:\/\/losperiodistas.com.mx\/portal\/wp-json\/wp\/v2\/posts\/48576","targetHints":{"allow":["GET"]}}],"collection":[{"href":"https:\/\/losperiodistas.com.mx\/portal\/wp-json\/wp\/v2\/posts"}],"about":[{"href":"https:\/\/losperiodistas.com.mx\/portal\/wp-json\/wp\/v2\/types\/post"}],"author":[{"embeddable":true,"href":"https:\/\/losperiodistas.com.mx\/portal\/wp-json\/wp\/v2\/users\/1"}],"replies":[{"embeddable":true,"href":"https:\/\/losperiodistas.com.mx\/portal\/wp-json\/wp\/v2\/comments?post=48576"}],"version-history":[{"count":1,"href":"https:\/\/losperiodistas.com.mx\/portal\/wp-json\/wp\/v2\/posts\/48576\/revisions"}],"predecessor-version":[{"id":48578,"href":"https:\/\/losperiodistas.com.mx\/portal\/wp-json\/wp\/v2\/posts\/48576\/revisions\/48578"}],"wp:featuredmedia":[{"embeddable":true,"href":"https:\/\/losperiodistas.com.mx\/portal\/wp-json\/wp\/v2\/media\/48577"}],"wp:attachment":[{"href":"https:\/\/losperiodistas.com.mx\/portal\/wp-json\/wp\/v2\/media?parent=48576"}],"wp:term":[{"taxonomy":"category","embeddable":true,"href":"https:\/\/losperiodistas.com.mx\/portal\/wp-json\/wp\/v2\/categories?post=48576"},{"taxonomy":"post_tag","embeddable":true,"href":"https:\/\/losperiodistas.com.mx\/portal\/wp-json\/wp\/v2\/tags?post=48576"}],"curies":[{"name":"wp","href":"https:\/\/api.w.org\/{rel}","templated":true}]}}