{"id":48573,"date":"2023-03-20T06:57:43","date_gmt":"2023-03-20T12:57:43","guid":{"rendered":"http:\/\/losperiodistas.com.mx\/portal\/?p=48573"},"modified":"2023-03-20T06:57:45","modified_gmt":"2023-03-20T12:57:45","slug":"beatriz-gutierrez-expresa-apoyo-a-las-mujeres-tras-quema-de-imagen-de-ministra-la-jornada","status":"publish","type":"post","link":"https:\/\/losperiodistas.com.mx\/portal\/beatriz-gutierrez-expresa-apoyo-a-las-mujeres-tras-quema-de-imagen-de-ministra-la-jornada\/","title":{"rendered":"Beatriz Guti\u00e9rrez expresa apoyo a las mujeres tras quema de imagen de ministra | La Jornada"},"content":{"rendered":"\n<figure class=\"wp-block-image size-full is-style-default\"><img fetchpriority=\"high\" decoding=\"async\" width=\"1024\" height=\"712\" src=\"https:\/\/losperiodistas.com.mx\/portal\/wp-content\/uploads\/2023\/03\/image_large-2-1.jpeg\" alt=\"\" class=\"wp-image-48574\" srcset=\"https:\/\/losperiodistas.com.mx\/portal\/wp-content\/uploads\/2023\/03\/image_large-2-1.jpeg 1024w, https:\/\/losperiodistas.com.mx\/portal\/wp-content\/uploads\/2023\/03\/image_large-2-1-300x209.jpeg 300w, https:\/\/losperiodistas.com.mx\/portal\/wp-content\/uploads\/2023\/03\/image_large-2-1-768x534.jpeg 768w\" sizes=\"(max-width: 1024px) 100vw, 1024px\" \/><figcaption>Beatriz Guti\u00e9rrez M\u00fcller en imagen de archivo.\u00a0Foto\u00a0<strong>Cuartoscuro<\/strong><\/figcaption><\/figure>\n\n\n\n<p class=\"has-vivid-red-color has-text-color has-medium-font-size\"><strong>REDACCI\u00d3N LA JORNADA<\/strong><\/p>\n\n\n\n<p><em>Ciudad de M\u00e9xico.<\/em>\u00a0En medio de las reacciones de legisladoras que reprobaron que un grupo de manifestantes quemaran una figura representativa de la ministra Norma Pi\u00f1a, presidenta de la Suprema Corte de Justicia de la Nacional (SCJN), durante el acto realizado en el Z\u00f3calo para conmemorar la expropiaci\u00f3n petrolera, Beatriz Guti\u00e9rrez, esposa del presidente Andr\u00e9s Manuel L\u00f3pez Obrador, expres\u00f3 su apoyo a todas las mujeres.<\/p>\n\n\n\n<p>Sin hacer menci\u00f3n directa a la ministra, llam\u00f3 a no caer en la violencia.<\/p>\n\n\n\n<p>\u201cNo convertir la libertad en libertinaje es clave para vivir y convivir en un pa\u00eds plural y democr\u00e1tico como el nuestro. Mi apoyo a todas las mujeres de la pol\u00edtica (o circunstancialmente cerca de esta) ante la vejaci\u00f3n a sus personas o imagen, o la de sus hijos. Lo he padecido tanto, \u00bfc\u00f3mo no solidarizarme? Subamos el nivel. No violencia. M\u00e1s amor urgentemente\u201d, se\u00f1al\u00f3 en redes sociales.<\/p>\n\n\n\n<figure class=\"wp-block-embed is-type-rich is-provider-twitter wp-block-embed-twitter\"><div class=\"wp-block-embed__wrapper\">\n<blockquote class=\"twitter-tweet\" data-width=\"500\" data-dnt=\"true\"><p lang=\"es\" dir=\"ltr\">No convertir la libertad en libertinaje es clave para vivir y convivir en un pa\u00eds plural y democr\u00e1tico como el nuestro. Mi apoyo a todas las mujeres de la pol\u00edtica (o circunstancialmente cerca de esta) ante la vejaci\u00f3n a sus personas o imagen, o la de sus hijos. Lo he padecido\u2026<\/p>&mdash; Beatriz Guti\u00e9rrez M\u00fcller (@BeatrizGMuller) <a href=\"https:\/\/twitter.com\/BeatrizGMuller\/status\/1637557634655191040?ref_src=twsrc%5Etfw\">March 19, 2023<\/a><\/blockquote><script async src=\"https:\/\/platform.twitter.com\/widgets.js\" charset=\"utf-8\"><\/script>\n<\/div><\/figure>\n\n\n\n<p>Fue al final de la concentraci\u00f3n del s\u00e1bado cuando algunos de los asistentes prendieron fuego a una figura que hac\u00eda referencia a la ministra.<\/p>\n\n\n\n<p>Fuente: <a href=\"https:\/\/www.jornada.com.mx\/notas\/2023\/03\/19\/politica\/beatriz-gutierrez-expresa-apoyo-a-las-mujeres-tras-quema-de-imagen-de-ministra\/?from=homeonline&amp;block=politica&amp;opt=articlelink\">https:\/\/www.jornada.com.mx\/notas\/2023\/03\/19\/politica\/beatriz-gutierrez-expresa-apoyo-a-las-mujeres-tras-quema-de-imagen-de-ministra\/?from=homeonline&amp;block=politica&amp;opt=articlelink<\/a><\/p>\n","protected":false},"excerpt":{"rendered":"<p>REDACCI\u00d3N LA JORNADA Ciudad de M\u00e9xico.\u00a0En medio de las reacciones de legisladoras que reprobaron que un grupo de manifestantes quemaran [&hellip;]<\/p>\n","protected":false},"author":1,"featured_media":48574,"comment_status":"open","ping_status":"open","sticky":false,"template":"","format":"standard","meta":{"site-sidebar-layout":"default","site-content-layout":"","ast-site-content-layout":"default","site-content-style":"default","site-sidebar-style":"default","ast-global-header-display":"","ast-banner-title-visibility":"","ast-main-header-display":"","ast-hfb-above-header-display":"","ast-hfb-below-header-display":"","ast-hfb-mobile-header-display":"","site-post-title":"","ast-breadcrumbs-content":"","ast-featured-img":"","footer-sml-layout":"","theme-transparent-header-meta":"","adv-header-id-meta":"","stick-header-meta":"","header-above-stick-meta":"","header-main-stick-meta":"","header-below-stick-meta":"","astra-migrate-meta-layouts":"default","ast-page-background-enabled":"default","ast-page-background-meta":{"desktop":{"background-color":"var(--ast-global-color-4)","background-image":"","background-repeat":"repeat","background-position":"center center","background-size":"auto","background-attachment":"scroll","background-type":"","background-media":"","overlay-type":"","overlay-color":"","overlay-opacity":"","overlay-gradient":""},"tablet":{"background-color":"","background-image":"","background-repeat":"repeat","background-position":"center center","background-size":"auto","background-attachment":"scroll","background-type":"","background-media":"","overlay-type":"","overlay-color":"","overlay-opacity":"","overlay-gradient":""},"mobile":{"background-color":"","background-image":"","background-repeat":"repeat","background-position":"center center","background-size":"auto","background-attachment":"scroll","background-type":"","background-media":"","overlay-type":"","overlay-color":"","overlay-opacity":"","overlay-gradient":""}},"ast-content-background-meta":{"desktop":{"background-color":"var(--ast-global-color-5)","background-image":"","background-repeat":"repeat","background-position":"center center","background-size":"auto","background-attachment":"scroll","background-type":"","background-media":"","overlay-type":"","overlay-color":"","overlay-opacity":"","overlay-gradient":""},"tablet":{"background-color":"var(--ast-global-color-5)","background-image":"","background-repeat":"repeat","background-position":"center center","background-size":"auto","background-attachment":"scroll","background-type":"","background-media":"","overlay-type":"","overlay-color":"","overlay-opacity":"","overlay-gradient":""},"mobile":{"background-color":"var(--ast-global-color-5)","background-image":"","background-repeat":"repeat","background-position":"center center","background-size":"auto","background-attachment":"scroll","background-type":"","background-media":"","overlay-type":"","overlay-color":"","overlay-opacity":"","overlay-gradient":""}},"footnotes":""},"categories":[8],"tags":[15047,1136],"class_list":["post-48573","post","type-post","status-publish","format-standard","has-post-thumbnail","hentry","category-noticias","tag-ministra-norma-pina","tag-scjn"],"_links":{"self":[{"href":"https:\/\/losperiodistas.com.mx\/portal\/wp-json\/wp\/v2\/posts\/48573","targetHints":{"allow":["GET"]}}],"collection":[{"href":"https:\/\/losperiodistas.com.mx\/portal\/wp-json\/wp\/v2\/posts"}],"about":[{"href":"https:\/\/losperiodistas.com.mx\/portal\/wp-json\/wp\/v2\/types\/post"}],"author":[{"embeddable":true,"href":"https:\/\/losperiodistas.com.mx\/portal\/wp-json\/wp\/v2\/users\/1"}],"replies":[{"embeddable":true,"href":"https:\/\/losperiodistas.com.mx\/portal\/wp-json\/wp\/v2\/comments?post=48573"}],"version-history":[{"count":1,"href":"https:\/\/losperiodistas.com.mx\/portal\/wp-json\/wp\/v2\/posts\/48573\/revisions"}],"predecessor-version":[{"id":48575,"href":"https:\/\/losperiodistas.com.mx\/portal\/wp-json\/wp\/v2\/posts\/48573\/revisions\/48575"}],"wp:featuredmedia":[{"embeddable":true,"href":"https:\/\/losperiodistas.com.mx\/portal\/wp-json\/wp\/v2\/media\/48574"}],"wp:attachment":[{"href":"https:\/\/losperiodistas.com.mx\/portal\/wp-json\/wp\/v2\/media?parent=48573"}],"wp:term":[{"taxonomy":"category","embeddable":true,"href":"https:\/\/losperiodistas.com.mx\/portal\/wp-json\/wp\/v2\/categories?post=48573"},{"taxonomy":"post_tag","embeddable":true,"href":"https:\/\/losperiodistas.com.mx\/portal\/wp-json\/wp\/v2\/tags?post=48573"}],"curies":[{"name":"wp","href":"https:\/\/api.w.org\/{rel}","templated":true}]}}