{"id":48570,"date":"2023-03-20T06:34:21","date_gmt":"2023-03-20T12:34:21","guid":{"rendered":"http:\/\/losperiodistas.com.mx\/portal\/?p=48570"},"modified":"2023-03-20T06:34:23","modified_gmt":"2023-03-20T12:34:23","slug":"amlo-se-reune-con-congresistas-de-eu-abordan-trafico-de-fentanilo-el-financiero","status":"publish","type":"post","link":"https:\/\/losperiodistas.com.mx\/portal\/amlo-se-reune-con-congresistas-de-eu-abordan-trafico-de-fentanilo-el-financiero\/","title":{"rendered":"AMLO se re\u00fane con congresistas de EU; abordan tr\u00e1fico de fentanilo | El Financiero"},"content":{"rendered":"\n<h2 class=\"has-pale-cyan-blue-background-color has-background has-medium-font-size wp-block-heading\">Rosa Icela Rodr\u00edguez, secretaria de la SSC, inform\u00f3 que hasta el 6 de marzo el gobierno de AMLO ha decomisado 6 mil 115 kilogramos de fentanilo; equivalentes a 3 mil millones de dosis letales.<\/h2>\n\n\n\n<figure class=\"wp-block-image size-large is-style-default\"><img fetchpriority=\"high\" decoding=\"async\" width=\"1024\" height=\"602\" src=\"https:\/\/losperiodistas.com.mx\/portal\/wp-content\/uploads\/2023\/03\/Captura-de-Pantalla-2023-03-20-a-las-6.29.25-1024x602.jpg\" alt=\"\" class=\"wp-image-48571\" srcset=\"https:\/\/losperiodistas.com.mx\/portal\/wp-content\/uploads\/2023\/03\/Captura-de-Pantalla-2023-03-20-a-las-6.29.25-1024x602.jpg 1024w, https:\/\/losperiodistas.com.mx\/portal\/wp-content\/uploads\/2023\/03\/Captura-de-Pantalla-2023-03-20-a-las-6.29.25-300x176.jpg 300w, https:\/\/losperiodistas.com.mx\/portal\/wp-content\/uploads\/2023\/03\/Captura-de-Pantalla-2023-03-20-a-las-6.29.25-768x451.jpg 768w, https:\/\/losperiodistas.com.mx\/portal\/wp-content\/uploads\/2023\/03\/Captura-de-Pantalla-2023-03-20-a-las-6.29.25-1536x903.jpg 1536w, https:\/\/losperiodistas.com.mx\/portal\/wp-content\/uploads\/2023\/03\/Captura-de-Pantalla-2023-03-20-a-las-6.29.25.jpg 1838w\" sizes=\"(max-width: 1024px) 100vw, 1024px\" \/><figcaption>AMLO se reuni\u00f3, este domingo 19 de marzo, con 12 legisladores de EU. (Twitter @lopezobrador_)<\/figcaption><\/figure>\n\n\n\n<p class=\"has-vivid-red-color has-text-color has-medium-font-size\"><strong>REDACCI\u00d3N EL FINANCIERO<\/strong><\/p>\n\n\n\n<p>El presidente&nbsp;<strong>Andr\u00e9s Manuel L\u00f3pez Obrador<\/strong>&nbsp;se reuni\u00f3, este domingo, con una delegaci\u00f3n bipartidista de<strong>&nbsp;legisladores y representantes estadounidenses&nbsp;<\/strong>liderada por el senador republicano por Texas, John Cornyn, para tratar temas como el tr\u00e1fico de armas, migraci\u00f3n y&nbsp;<a href=\"https:\/\/www.elfinanciero.com.mx\/salud\/2023\/03\/16\/uso-de-fentanilo-como-se-trata-una-adiccion-a-esta-droga\/\" target=\"_blank\" rel=\"noreferrer noopener\">fentanilo.<\/a><\/p>\n\n\n\n<p>L\u00f3pez Obrador reconoci\u00f3 el\u00a0<strong>trabajo<\/strong>\u00a0que el presidente\u00a0<a href=\"https:\/\/www.elfinanciero.com.mx\/opinion\/clemente-ruiz-duran1\/2023\/03\/15\/biden-multifacetico-y-contradictorio\/\" target=\"_blank\" rel=\"noreferrer noopener\">Joe Biden<\/a>\u00a0y el gobierno de Estados Unidos realizan en\u00a0<strong>materia de migraci\u00f3n<\/strong>; tras celebrar la decisi\u00f3n de otorgar permisos humanitarios a personas migrantes de Cuba, Hait\u00ed, Nicaragua y Venezuela, opciones que no exist\u00edan antes.<\/p>\n\n\n\n<p>El secretario de Relaciones Exteriores,&nbsp;<strong>Marcelo Ebrard<\/strong>&nbsp;Casaubon, destac\u00f3 que, contrario a la idea de que M\u00e9xico recibir\u00eda 30 mil personas diarias a trav\u00e9s del&nbsp;<a href=\"https:\/\/www.elfinanciero.com.mx\/nacional\/2023\/02\/09\/gobierno-de-biden-dejara-de-aplicar-el-titulo-42-en-mayo\/\" target=\"_blank\" rel=\"noreferrer noopener\">T\u00edtulo 42<\/a>, los retornos de personas venezolanas a nuestro pa\u00eds han disminuido hasta 99 por ciento.<\/p>\n\n\n\n<p>Agreg\u00f3 que a partir de enero, la\u00a0<strong>inmigraci\u00f3n irregular<\/strong>\u00a0total de nacionales de Cuba, Hait\u00ed, Nicaragua y Venezuela disminuy\u00f3 dr\u00e1sticamente: 92 por ciento del 5 de enero al 12 de marzo, pasando de 985 a 69 detenciones irregulares al d\u00eda.<\/p>\n\n\n\n<p class=\"has-cyan-bluish-gray-background-color has-background\"><a href=\"https:\/\/www.elfinanciero.com.mx\/mundo\/2023\/03\/18\/cuidado-con-el-fentanilo-eu-alerta-por-analgesico-con-dosis-mortales\/\"><\/a><a href=\"https:\/\/www.elfinanciero.com.mx\/mundo\/2023\/03\/18\/cuidado-con-el-fentanilo-eu-alerta-por-analgesico-con-dosis-mortales\/\">\u00a1Cuidado! EU emite alerta por medicamentos con altas dosis de fentanilo en M\u00e9xico<\/a><\/p>\n\n\n\n<hr class=\"wp-block-separator\"\/>\n\n\n\n<p>Con respecto a los esfuerzos que realiza el Gobierno mexicano<a href=\"https:\/\/www.elfinanciero.com.mx\/nacional\/2023\/03\/16\/fentanilo-ilegal-cuanto-cuesta-y-cuanto-dinero-gana-el-crimen-organizado-al-venderlo-2023\/\" target=\"_blank\" rel=\"noreferrer noopener\">&nbsp;en el combate al fentanilo,<\/a>&nbsp;la secretaria de Seguridad y Protecci\u00f3n Ciudadana, Rosa Icela Rodr\u00edguez Vel\u00e1zquez, inform\u00f3 que durante 2022, se incautaron dos mil 263 kg. Destac\u00f3 que durante la presente administraci\u00f3n y hasta el 6 de marzo de 2023 se han decomisado seis mil 115 kilogramos de fentanilo;&nbsp;<strong>equivalentes a tres mil millones de dosis letales.<\/strong><\/p>\n\n\n\n<p>El presidente L\u00f3pez Obrador indic\u00f3 que M\u00e9xico seguir\u00e1 trabajando de manera conjunta a partir del reconocimiento de la responsabilidad compartida y el&nbsp;<strong>respeto a la soberan\u00eda<\/strong>&nbsp;de cada pa\u00eds.<\/p>\n\n\n\n<p>Finalmente, el secretario de Marina, Jos\u00e9 Rafael Ojeda Dur\u00e1n, ofreci\u00f3 detalles de la estrategia para el fortalecimiento de aduanas y de la protecci\u00f3n mar\u00edtima y portuaria que se ejecuta en el pa\u00eds y explic\u00f3 las acciones y los planes de rehabilitaci\u00f3n e inversi\u00f3n de infraestructura en el Corredor Interoce\u00e1nico del Istmo de Tehuantepec (CIIT).<\/p>\n\n\n\n<h2 class=\"wp-block-heading\">\u00bfQu\u00e9 legisladores estadounidenses acudieron a la reuni\u00f3n?<\/h2>\n\n\n\n<p>La delegaci\u00f3n estadounidense estuvo conformada por el embajador en M\u00e9xico,\u00a0<a href=\"https:\/\/www.elfinanciero.com.mx\/tags\/ken-salazar\/\" target=\"_blank\" rel=\"noreferrer noopener\">Ken Salazar<\/a>, as\u00ed como los senadores dem\u00f3cratas: Chris Coons (Delaware), Chris Murphy (Connecticut); y Peter Welch (Vermont).<\/p>\n\n\n\n<p class=\"has-cyan-bluish-gray-background-color has-background\"><a href=\"https:\/\/www.elfinanciero.com.mx\/nacional\/2023\/03\/18\/marcha-de-amlo-del-18-de-marzo-sigue-aqui-el-minuto-a-minuto-en-vivo\/\"><\/a><a href=\"https:\/\/www.elfinanciero.com.mx\/nacional\/2023\/03\/18\/marcha-de-amlo-del-18-de-marzo-sigue-aqui-el-minuto-a-minuto-en-vivo\/\">\u2018En 2024 no vamos a comprar petrol\u00edferos al extranjero\u2019: AMLO en mitin por el 18 de marzo<\/a><\/p>\n\n\n\n<hr class=\"wp-block-separator\"\/>\n\n\n\n<p>Adem\u00e1s, los senadores republicanos Jerry Moran (Kansas), Mike Lee (Utah); Shelley Moore Capito (Virginia Occidental); y la senadora independiente por Arizona, Kyrsten Sinema.PUBLICIDAD<\/p>\n\n\n\n<p>Igualmente, los congresistas dem\u00f3cratas por Texas Henry Cu\u00e9llar, Vicente Gonz\u00e1lez y Ver\u00f3nica Escobar; as\u00ed como la congresista republicana por Florida, Mar\u00eda Elvira Salazar.<\/p>\n\n\n\n<p>Fuente: <a href=\"https:\/\/www.elfinanciero.com.mx\/nacional\/2023\/03\/19\/amlo-se-reune-con-congresistas-de-eu-abordan-trafico-de-fentanilo\/\">https:\/\/www.elfinanciero.com.mx\/nacional\/2023\/03\/19\/amlo-se-reune-con-congresistas-de-eu-abordan-trafico-de-fentanilo\/<\/a><\/p>\n","protected":false},"excerpt":{"rendered":"<p>Rosa Icela Rodr\u00edguez, secretaria de la SSC, inform\u00f3 que hasta el 6 de marzo el gobierno de AMLO ha decomisado [&hellip;]<\/p>\n","protected":false},"author":1,"featured_media":48571,"comment_status":"open","ping_status":"open","sticky":false,"template":"","format":"standard","meta":{"site-sidebar-layout":"default","site-content-layout":"","ast-site-content-layout":"default","site-content-style":"default","site-sidebar-style":"default","ast-global-header-display":"","ast-banner-title-visibility":"","ast-main-header-display":"","ast-hfb-above-header-display":"","ast-hfb-below-header-display":"","ast-hfb-mobile-header-display":"","site-post-title":"","ast-breadcrumbs-content":"","ast-featured-img":"","footer-sml-layout":"","theme-transparent-header-meta":"","adv-header-id-meta":"","stick-header-meta":"","header-above-stick-meta":"","header-main-stick-meta":"","header-below-stick-meta":"","astra-migrate-meta-layouts":"default","ast-page-background-enabled":"default","ast-page-background-meta":{"desktop":{"background-color":"var(--ast-global-color-4)","background-image":"","background-repeat":"repeat","background-position":"center center","background-size":"auto","background-attachment":"scroll","background-type":"","background-media":"","overlay-type":"","overlay-color":"","overlay-opacity":"","overlay-gradient":""},"tablet":{"background-color":"","background-image":"","background-repeat":"repeat","background-position":"center center","background-size":"auto","background-attachment":"scroll","background-type":"","background-media":"","overlay-type":"","overlay-color":"","overlay-opacity":"","overlay-gradient":""},"mobile":{"background-color":"","background-image":"","background-repeat":"repeat","background-position":"center center","background-size":"auto","background-attachment":"scroll","background-type":"","background-media":"","overlay-type":"","overlay-color":"","overlay-opacity":"","overlay-gradient":""}},"ast-content-background-meta":{"desktop":{"background-color":"var(--ast-global-color-5)","background-image":"","background-repeat":"repeat","background-position":"center center","background-size":"auto","background-attachment":"scroll","background-type":"","background-media":"","overlay-type":"","overlay-color":"","overlay-opacity":"","overlay-gradient":""},"tablet":{"background-color":"var(--ast-global-color-5)","background-image":"","background-repeat":"repeat","background-position":"center center","background-size":"auto","background-attachment":"scroll","background-type":"","background-media":"","overlay-type":"","overlay-color":"","overlay-opacity":"","overlay-gradient":""},"mobile":{"background-color":"var(--ast-global-color-5)","background-image":"","background-repeat":"repeat","background-position":"center center","background-size":"auto","background-attachment":"scroll","background-type":"","background-media":"","overlay-type":"","overlay-color":"","overlay-opacity":"","overlay-gradient":""}},"footnotes":""},"categories":[8],"tags":[199,15624,11389],"class_list":["post-48570","post","type-post","status-publish","format-standard","has-post-thumbnail","hentry","category-noticias","tag-amlo","tag-congresistas-eeuu","tag-fentanilo"],"_links":{"self":[{"href":"https:\/\/losperiodistas.com.mx\/portal\/wp-json\/wp\/v2\/posts\/48570","targetHints":{"allow":["GET"]}}],"collection":[{"href":"https:\/\/losperiodistas.com.mx\/portal\/wp-json\/wp\/v2\/posts"}],"about":[{"href":"https:\/\/losperiodistas.com.mx\/portal\/wp-json\/wp\/v2\/types\/post"}],"author":[{"embeddable":true,"href":"https:\/\/losperiodistas.com.mx\/portal\/wp-json\/wp\/v2\/users\/1"}],"replies":[{"embeddable":true,"href":"https:\/\/losperiodistas.com.mx\/portal\/wp-json\/wp\/v2\/comments?post=48570"}],"version-history":[{"count":1,"href":"https:\/\/losperiodistas.com.mx\/portal\/wp-json\/wp\/v2\/posts\/48570\/revisions"}],"predecessor-version":[{"id":48572,"href":"https:\/\/losperiodistas.com.mx\/portal\/wp-json\/wp\/v2\/posts\/48570\/revisions\/48572"}],"wp:featuredmedia":[{"embeddable":true,"href":"https:\/\/losperiodistas.com.mx\/portal\/wp-json\/wp\/v2\/media\/48571"}],"wp:attachment":[{"href":"https:\/\/losperiodistas.com.mx\/portal\/wp-json\/wp\/v2\/media?parent=48570"}],"wp:term":[{"taxonomy":"category","embeddable":true,"href":"https:\/\/losperiodistas.com.mx\/portal\/wp-json\/wp\/v2\/categories?post=48570"},{"taxonomy":"post_tag","embeddable":true,"href":"https:\/\/losperiodistas.com.mx\/portal\/wp-json\/wp\/v2\/tags?post=48570"}],"curies":[{"name":"wp","href":"https:\/\/api.w.org\/{rel}","templated":true}]}}