{"id":48566,"date":"2023-03-20T06:28:00","date_gmt":"2023-03-20T12:28:00","guid":{"rendered":"http:\/\/losperiodistas.com.mx\/portal\/?p=48566"},"modified":"2023-03-20T06:28:02","modified_gmt":"2023-03-20T12:28:02","slug":"claudia-rivera-acusa-a-la-ase-de-duplicar-observaciones-de-su-cuenta-publica-2021-oem","status":"publish","type":"post","link":"https:\/\/losperiodistas.com.mx\/portal\/claudia-rivera-acusa-a-la-ase-de-duplicar-observaciones-de-su-cuenta-publica-2021-oem\/","title":{"rendered":"Claudia Rivera acusa a la ASE de duplicar observaciones de su cuenta p\u00fablica 2021\u00a0| OEM"},"content":{"rendered":"\n<figure class=\"wp-block-image size-large is-style-default\"><img fetchpriority=\"high\" decoding=\"async\" width=\"1024\" height=\"725\" src=\"https:\/\/losperiodistas.com.mx\/portal\/wp-content\/uploads\/2023\/03\/Captura-de-Pantalla-2023-03-20-a-las-6.23.27-1024x725.jpg\" alt=\"\" class=\"wp-image-48567\" srcset=\"https:\/\/losperiodistas.com.mx\/portal\/wp-content\/uploads\/2023\/03\/Captura-de-Pantalla-2023-03-20-a-las-6.23.27-1024x725.jpg 1024w, https:\/\/losperiodistas.com.mx\/portal\/wp-content\/uploads\/2023\/03\/Captura-de-Pantalla-2023-03-20-a-las-6.23.27-300x212.jpg 300w, https:\/\/losperiodistas.com.mx\/portal\/wp-content\/uploads\/2023\/03\/Captura-de-Pantalla-2023-03-20-a-las-6.23.27-768x544.jpg 768w, https:\/\/losperiodistas.com.mx\/portal\/wp-content\/uploads\/2023\/03\/Captura-de-Pantalla-2023-03-20-a-las-6.23.27.jpg 1506w\" sizes=\"(max-width: 1024px) 100vw, 1024px\" \/><\/figure>\n\n\n\n<p><\/p>\n\n\n\n<p class=\"has-vivid-red-color has-text-color has-medium-font-size\"><strong>VICTORIA VENTURA \/ EL SOL DE PUEBLA<\/strong><\/p>\n\n\n\n<p>La exalcaldesa&nbsp;<strong><a href=\"https:\/\/www.elsoldepuebla.com.mx\/local\/claudia-rivera-quiere-ser-gobernadora-de-puebla-9761180.html\" target=\"_blank\" rel=\"noreferrer noopener\">Claudia Rivera Vivanco<\/a><\/strong>&nbsp;acus\u00f3 a la&nbsp;<strong>Auditor\u00eda Superior del Estado (ASE)&nbsp;<\/strong>de duplicar algunas<strong>&nbsp;observaciones de la cuenta p\u00fablica 2021<\/strong>, que provoc\u00f3 que la cifra sea superior a los 3 mil millones de pesos.<\/p>\n\n\n\n<p><strong><em>\u201cPor lo que est\u00e1 publicado en la p\u00e1gina oficial (de la ASE) es que est\u00e1n repetidas, eso hace que sean bastantes. Sin embargo, la ley es muy clara en que se tienen que integrar expedientes para iniciar un proceso\u201d<\/em><\/strong>, declar\u00f3 en entrevista con medios de comunicaci\u00f3n.<\/p>\n\n\n\n<p>Al ser cuestionada sobre la posibilidad de que las\u00a0<strong>observaciones\u00a0<\/strong>est\u00e9n duplicadas para<strong><em>\u00a0\u201chacer la cifra m\u00e1s escandalosa\u201d<\/em><\/strong>, la militante de\u00a0<strong>Morena\u00a0<\/strong>no descart\u00f3 la idea y agreg\u00f3 que no es una\u00a0<strong>sorpresa\u00a0<\/strong>las\u00a0<strong>observaciones\u00a0<\/strong>a su gobierno, al considerar que su gesti\u00f3n fue la m\u00e1s vigilada y auditado.<\/p>\n\n\n\n<p>La aspirante a la&nbsp;<strong>gubernatura de Puebla en 2024<\/strong>&nbsp;asumi\u00f3 que su responsabilidad es solventar las observaciones con la intenci\u00f3n de evidenciar las malas pr\u00e1cticas o<strong><em>&nbsp;\u201cel dolo que pueda tener alguna dependencia en funci\u00f3n a lo que marca la ley<\/em><\/strong>\u201d.<\/p>\n\n\n\n<p><strong><em>\u201cNo es una sorpresa, durante la administraci\u00f3n nos convertimos en el municipio y en el gobierno municipal m\u00e1s vigilado de toda la historia, el m\u00e1s auditado, afortunadamente el hecho de que haya yo aceptado todas las auditor\u00edas, que les haya dado contestaci\u00f3n oportuna tumba cualquier mala pr\u00e1ctica, intento u acoso que puedan estar realizando algunos personajes, no lo descarto\u201d<\/em><\/strong>, puntualiz\u00f3.<\/p>\n\n\n\n<p>Finalmente,<strong>\u00a0Rivera Vivanco<\/strong>\u00a0dijo que durante su gesti\u00f3n frente al\u00a0<strong>ayuntamiento de Puebla<\/strong>\u00a0fue la demarcaci\u00f3n territorial del pa\u00eds m\u00e1s transparente.<\/p>\n\n\n\n<p><strong><em>\u201cSigo pendiente, con mucha disposici\u00f3n para ofrecer informaci\u00f3n que as\u00ed convenga para fortalecer las resoluciones. Todo est\u00e1 bien requisitado y todo se entreg\u00f3 de esa manera\u201d<\/em><\/strong>, coment\u00f3.<\/p>\n\n\n\n<p>En d\u00edas recientes la&nbsp;<strong>ASE&nbsp;<\/strong>emiti\u00f3 el informe de la cuenta p\u00fablica 2021 del<strong>&nbsp;ayuntamiento de Puebla<\/strong>&nbsp;y realiz\u00f3 observaciones a algunas actividades que corresponden al \u00faltimo periodo de gobierno de&nbsp;<strong>Claudia Rivera&nbsp;<\/strong>y el inicio del panista&nbsp;<strong>Eduardo Rivera P\u00e9rez<\/strong>.<\/p>\n\n\n\n<p>En otro orden de ideas,<strong>&nbsp;Claudia Rivera&nbsp;<\/strong>declar\u00f3 que sigue pendiente el proceso por presuntamente ejercer&nbsp;<strong>violencia&nbsp;<\/strong>en contra una exfuncionaria del municipio poblano.<\/p>\n\n\n\n<p><\/p>\n\n\n\n<figure class=\"wp-block-image is-style-default\"><a href=\"https:\/\/www.elsoldepuebla.com.mx\/local\/claudia-rivera-le-responde-a-eduardo-river-claro-que-tengo-autoridad-moral-9611717.html\"><img decoding=\"async\" src=\"https:\/\/www.elsoldepuebla.com.mx\/local\/fwzdjm-claudia-rivera-le-responde-a-eduardo-river-claro-que-tengo-autoridad-moral\/alternates\/LANDSCAPE_200\/Claudia%20Rivera%20le%20responde%20a%20Eduardo%20River:%20%22Claro%20que%20tengo%20autoridad%20moral%22\" alt=\"\" title=\"Claudia Rivera le responde a Eduardo River: \"\/><\/a><\/figure>\n\n\n\n<h4 class=\"has-cyan-bluish-gray-background-color has-background wp-block-heading\"><a href=\"https:\/\/www.elsoldepuebla.com.mx\/local\/claudia-rivera-le-responde-a-eduardo-river-claro-que-tengo-autoridad-moral-9611717.html\">Claudia Rivera le responde a Eduardo Rivera: \u00abClaro que tengo autoridad moral\u00bb<\/a><\/h4>\n\n\n\n<p>Record\u00f3 que present\u00f3 una impugnaci\u00f3n ante la<strong>&nbsp;Sala Regional del Tribunal Electoral del Poder Judicial de la Federaci\u00f3n (TEPJF)&nbsp;<\/strong>para echar abajo la sentencia del&nbsp;<strong>Tribunal Electoral del Estado de Puebla (TEEP)<\/strong>&nbsp;que dict\u00f3 a\u00f1adirla al padr\u00f3n de&nbsp;<strong>violentadores&nbsp;<\/strong>del \u00f3rgano electoral nacional, entre otras peticiones.<\/p>\n\n\n\n<p>Agreg\u00f3 que dicho caso sigue sin ser resuelto, pero que en d\u00edas pasados tuvo una&nbsp;<strong>audiencia&nbsp;<\/strong>de pruebas y alegatos para darle continuidad.<\/p>\n\n\n\n<p>Finalmente, se dijo confiada a que esta&nbsp;<strong>impugnaci\u00f3n&nbsp;<\/strong>se resuelva lo m\u00e1s pronto posible y de manera favorable.<\/p>\n\n\n\n<p>Es importante mencionar que en febrero de este a\u00f1o el tribunal local analiz\u00f3 el expediente<strong>&nbsp;TEEP-AE -114\/2021&nbsp;<\/strong>y determin\u00f3 que la entonces presidenta municipal de&nbsp;<strong>Morena&nbsp;<\/strong>incurri\u00f3 en violencia contra&nbsp;<strong>Yazm\u00edn Flores<\/strong>.<\/p>\n\n\n\n<ul class=\"wp-block-list\"><li><strong>Leer m\u00e1s:&nbsp;<a href=\"https:\/\/www.elsoldepuebla.com.mx\/local\/olga-romero-le-dice-a-claudia-rivera-cada-quien-es-dueno-de-sus-actos-ante-sancion-9594944.html\">Olga Romero le dice a Claudia Rivera: &#8216;Cada quien es due\u00f1o de sus actos&#8217; ante sanci\u00f3n<\/a><\/strong><\/li><\/ul>\n\n\n\n<p>D\u00edas despu\u00e9s,<strong>\u00a0Rivera Vivanco\u00a0<\/strong>expres\u00f3 su\u00a0<strong>disculpa p\u00fablica<\/strong>, tal como lo pidi\u00f3 la autoridad electoral, mientras su\u00a0<strong>impugnaci\u00f3n\u00a0<\/strong>contin\u00faa en el\u00a0<strong>Tribunal Federal<\/strong>.<\/p>\n\n\n\n<p>Fuente: <a href=\"https:\/\/www.elsoldepuebla.com.mx\/local\/claudia-rivera-acusa-a-la-ase-de-duplicar-observaciones-de-su-cuenta-publica-2021-9788530.html\">https:\/\/www.elsoldepuebla.com.mx\/local\/claudia-rivera-acusa-a-la-ase-de-duplicar-observaciones-de-su-cuenta-publica-2021-9788530.html<\/a><\/p>\n","protected":false},"excerpt":{"rendered":"<p>VICTORIA VENTURA \/ EL SOL DE PUEBLA La exalcaldesa&nbsp;Claudia Rivera Vivanco&nbsp;acus\u00f3 a la&nbsp;Auditor\u00eda Superior del Estado (ASE)&nbsp;de duplicar algunas&nbsp;observaciones de [&hellip;]<\/p>\n","protected":false},"author":1,"featured_media":48568,"comment_status":"open","ping_status":"open","sticky":false,"template":"","format":"standard","meta":{"site-sidebar-layout":"default","site-content-layout":"","ast-site-content-layout":"default","site-content-style":"default","site-sidebar-style":"default","ast-global-header-display":"","ast-banner-title-visibility":"","ast-main-header-display":"","ast-hfb-above-header-display":"","ast-hfb-below-header-display":"","ast-hfb-mobile-header-display":"","site-post-title":"","ast-breadcrumbs-content":"","ast-featured-img":"","footer-sml-layout":"","theme-transparent-header-meta":"","adv-header-id-meta":"","stick-header-meta":"","header-above-stick-meta":"","header-main-stick-meta":"","header-below-stick-meta":"","astra-migrate-meta-layouts":"default","ast-page-background-enabled":"default","ast-page-background-meta":{"desktop":{"background-color":"var(--ast-global-color-4)","background-image":"","background-repeat":"repeat","background-position":"center center","background-size":"auto","background-attachment":"scroll","background-type":"","background-media":"","overlay-type":"","overlay-color":"","overlay-opacity":"","overlay-gradient":""},"tablet":{"background-color":"","background-image":"","background-repeat":"repeat","background-position":"center center","background-size":"auto","background-attachment":"scroll","background-type":"","background-media":"","overlay-type":"","overlay-color":"","overlay-opacity":"","overlay-gradient":""},"mobile":{"background-color":"","background-image":"","background-repeat":"repeat","background-position":"center center","background-size":"auto","background-attachment":"scroll","background-type":"","background-media":"","overlay-type":"","overlay-color":"","overlay-opacity":"","overlay-gradient":""}},"ast-content-background-meta":{"desktop":{"background-color":"var(--ast-global-color-5)","background-image":"","background-repeat":"repeat","background-position":"center center","background-size":"auto","background-attachment":"scroll","background-type":"","background-media":"","overlay-type":"","overlay-color":"","overlay-opacity":"","overlay-gradient":""},"tablet":{"background-color":"var(--ast-global-color-5)","background-image":"","background-repeat":"repeat","background-position":"center center","background-size":"auto","background-attachment":"scroll","background-type":"","background-media":"","overlay-type":"","overlay-color":"","overlay-opacity":"","overlay-gradient":""},"mobile":{"background-color":"var(--ast-global-color-5)","background-image":"","background-repeat":"repeat","background-position":"center center","background-size":"auto","background-attachment":"scroll","background-type":"","background-media":"","overlay-type":"","overlay-color":"","overlay-opacity":"","overlay-gradient":""}},"footnotes":""},"categories":[8],"tags":[84],"class_list":["post-48566","post","type-post","status-publish","format-standard","has-post-thumbnail","hentry","category-noticias","tag-claudia-rivera-vivanco"],"_links":{"self":[{"href":"https:\/\/losperiodistas.com.mx\/portal\/wp-json\/wp\/v2\/posts\/48566","targetHints":{"allow":["GET"]}}],"collection":[{"href":"https:\/\/losperiodistas.com.mx\/portal\/wp-json\/wp\/v2\/posts"}],"about":[{"href":"https:\/\/losperiodistas.com.mx\/portal\/wp-json\/wp\/v2\/types\/post"}],"author":[{"embeddable":true,"href":"https:\/\/losperiodistas.com.mx\/portal\/wp-json\/wp\/v2\/users\/1"}],"replies":[{"embeddable":true,"href":"https:\/\/losperiodistas.com.mx\/portal\/wp-json\/wp\/v2\/comments?post=48566"}],"version-history":[{"count":1,"href":"https:\/\/losperiodistas.com.mx\/portal\/wp-json\/wp\/v2\/posts\/48566\/revisions"}],"predecessor-version":[{"id":48569,"href":"https:\/\/losperiodistas.com.mx\/portal\/wp-json\/wp\/v2\/posts\/48566\/revisions\/48569"}],"wp:featuredmedia":[{"embeddable":true,"href":"https:\/\/losperiodistas.com.mx\/portal\/wp-json\/wp\/v2\/media\/48568"}],"wp:attachment":[{"href":"https:\/\/losperiodistas.com.mx\/portal\/wp-json\/wp\/v2\/media?parent=48566"}],"wp:term":[{"taxonomy":"category","embeddable":true,"href":"https:\/\/losperiodistas.com.mx\/portal\/wp-json\/wp\/v2\/categories?post=48566"},{"taxonomy":"post_tag","embeddable":true,"href":"https:\/\/losperiodistas.com.mx\/portal\/wp-json\/wp\/v2\/tags?post=48566"}],"curies":[{"name":"wp","href":"https:\/\/api.w.org\/{rel}","templated":true}]}}