{"id":48563,"date":"2023-03-20T06:19:24","date_gmt":"2023-03-20T12:19:24","guid":{"rendered":"http:\/\/losperiodistas.com.mx\/portal\/?p=48563"},"modified":"2023-03-20T06:19:26","modified_gmt":"2023-03-20T12:19:26","slug":"cdh-presenta-recurso-contra-parquimetros-en-ch-de-puebla-incluye-aranas-angulo-7","status":"publish","type":"post","link":"https:\/\/losperiodistas.com.mx\/portal\/cdh-presenta-recurso-contra-parquimetros-en-ch-de-puebla-incluye-aranas-angulo-7\/","title":{"rendered":"CDH presenta recurso contra parqu\u00edmetros en CH de Puebla; incluye \u201cara\u00f1as\u201d\u00a0 \u00a0|\u00a0\u00c1ngulo 7"},"content":{"rendered":"\n<figure class=\"wp-block-image size-full is-style-default\"><img fetchpriority=\"high\" decoding=\"async\" width=\"620\" height=\"330\" src=\"https:\/\/losperiodistas.com.mx\/portal\/wp-content\/uploads\/2023\/03\/parquimetros_puebla_2023_cambios.jpeg\" alt=\"\" class=\"wp-image-48564\" srcset=\"https:\/\/losperiodistas.com.mx\/portal\/wp-content\/uploads\/2023\/03\/parquimetros_puebla_2023_cambios.jpeg 620w, https:\/\/losperiodistas.com.mx\/portal\/wp-content\/uploads\/2023\/03\/parquimetros_puebla_2023_cambios-300x160.jpeg 300w\" sizes=\"(max-width: 620px) 100vw, 620px\" \/><figcaption>Especial<\/figcaption><\/figure>\n\n\n\n<p class=\"has-vivid-red-color has-text-color has-medium-font-size\"><strong>EDGAR GUZM\u00c1N URIBE \/ \u00c1NGULO 7<\/strong><\/p>\n\n\n\n<p>La&nbsp;<strong>CDH<\/strong>&nbsp;promovi\u00f3 una&nbsp;<strong>acci\u00f3n de inconstitucionalidad en la SCJN<\/strong>&nbsp;contra los&nbsp;<strong>parqu\u00edmetros en Puebla<\/strong>, ya que en la Ley de Ingresos 2023&nbsp;<strong>no establece c\u00f3mo es el modo de cobro<\/strong>, ni la aplicaci\u00f3n de las reglas de operaci\u00f3n, lo que genera limitantes a los usuarios.<\/p>\n\n\n\n<p>En entrevista, el presidente de la Comisi\u00f3n de Derechos Humanos (<strong>CDH<\/strong>),&nbsp;<strong>Jos\u00e9 F\u00e9lix Cerezo V\u00e9lez,<\/strong>&nbsp;coment\u00f3 que el recurso lo present\u00f3 antes de que se cumplieran los 30 d\u00edas que permite la norma, previo a la publicaci\u00f3n de la Ley de Ingresos en el&nbsp;<strong>Peri\u00f3dico Oficial del Estado<\/strong>&nbsp;(POE), mismo que ya fue aceptado por la Suprema Corte de Justicia de la Naci\u00f3n (SCJN).<\/p>\n\n\n\n<p>El ombudsman coment\u00f3 que qued\u00f3 registrada con el expediente 22\/2023&nbsp;<strong>fue para impugnar el art\u00edculo 57 Fracci\u00f3n XI, de la ley en menci\u00f3n del gobierno municipal de la capital,<\/strong>&nbsp;mismo que est\u00e1 relacionado con el cobro por la ocupaci\u00f3n de espacios para estacionamiento de veh\u00edculos en la v\u00eda p\u00fablica.<\/p>\n\n\n\n<p>Explic\u00f3 que si presentaron la<strong>\u00a0acci\u00f3n de inconstitucionalidad<\/strong>\u00a0es porque en el documento no se establece con exactitud c\u00f3mo se tiene que cobrar,\u00a0<strong>ni c\u00f3mo se van aplicar las multas<\/strong>, ni las reglas de operaci\u00f3n del programa, as\u00ed como la colocaci\u00f3n de las \u201cara\u00f1as inmovilizadoras\u201d a autos sin placas, que no est\u00e1n contempladas en la ley, pero s\u00ed como parte del programa.<\/p>\n\n\n\n<p>\u201cEn la ley no dice c\u00f3mo se va a cobrar,\u00a0<strong>ni c\u00f3mo se van a ejecutar las reglas de operaci\u00f3n, eso lo hace el Cabildo, a trav\u00e9s de una regla<\/strong>, y en los hechos son los que cobran o quitan la placa y los que no te dejan estar m\u00e1s de 5 horas y eso es lo que estamos buscando, ese planteamiento, que se pronuncie sobre ello\u201d, expres\u00f3.<\/p>\n\n\n\n<figure class=\"wp-block-embed is-type-rich is-provider-twitter wp-block-embed-twitter\"><div class=\"wp-block-embed__wrapper\">\n<blockquote class=\"twitter-tweet\" data-width=\"500\" data-dnt=\"true\"><p lang=\"es\" dir=\"ltr\"><a href=\"https:\/\/twitter.com\/hashtag\/%C3%81ngulo7Informa?src=hash&amp;ref_src=twsrc%5Etfw\">#\u00c1ngulo7Informa<\/a> ll La <a href=\"https:\/\/twitter.com\/CDHPuebla?ref_src=twsrc%5Etfw\">@CDHPuebla<\/a> promovi\u00f3 una acci\u00f3n de inconstitucionalidad ante la <a href=\"https:\/\/twitter.com\/SCJN?ref_src=twsrc%5Etfw\">@SCJN<\/a> contra el programa de parqu\u00edmetro en el Centro Hist\u00f3rico de Puebla debido a que no est\u00e1 establecido c\u00f3mo se debe cobrar ni c\u00f3mo se van ejecutar las reglas de operaci\u00f3n.<br><br>V\u00eda <a href=\"https:\/\/twitter.com\/Edd_Eddiiy?ref_src=twsrc%5Etfw\">@Edd_Eddiiy<\/a> <a href=\"https:\/\/t.co\/sImyfpDtic\">pic.twitter.com\/sImyfpDtic<\/a><\/p>&mdash; \u00c1ngulo7 Noticias (@angulosiete) <a href=\"https:\/\/twitter.com\/angulosiete\/status\/1637612658152312832?ref_src=twsrc%5Etfw\">March 20, 2023<\/a><\/blockquote><script async src=\"https:\/\/platform.twitter.com\/widgets.js\" charset=\"utf-8\"><\/script>\n<\/div><\/figure>\n\n\n\n<p>El titular del organismo aut\u00f3nomo humanos dijo que lo que buscan<strong>&nbsp;es ver si la ley es inconstitucional, pues incluso consider\u00f3 que es \u201cviolatorio\u201d<\/strong>&nbsp;que el ayuntamiento de Puebla obligue&nbsp;<strong>a los usuarios a mover su veh\u00edculo cada cinco horas<\/strong>, que es el tiempo que est\u00e1 permitido, pues esto es una limitante para los usuarios del programa.<\/p>\n\n\n\n<p>\u201cLo estamos impugnando, me parece ilegal o inconstitucional que te pongan una marca en tu casa y te cobren por poner tu coche,&nbsp;<strong>que est\u00e9s 5 horas y te lo tengas que llevar otra parte<\/strong>&nbsp;porque ya se acab\u00f3 el tiempo, son estas limitantes que nos parece violatorio y que incluso en otros estados se ha dado algo similar\u201d, asent\u00f3.<\/p>\n\n\n\n<p>Es de mencionar el 3 de junio del a\u00f1o cuando comenzaron a operar los parqu\u00edmetros en la capital poblana y se mantuvo en 20 pesos por cuatro horas,<strong>&nbsp;pero para este 2022 se ampl\u00edo a 5 horas, siendo la \u00faltima gratis,<\/strong>&nbsp;mientras que en enero inici\u00f3 la aplicaci\u00f3n de las ara\u00f1as inmovilizadores.<\/p>\n\n\n\n<h2 class=\"wp-block-heading\">Congreso debe legislar sobre aborto en Puebla<\/h2>\n\n\n\n<p><\/p>\n\n\n\n<p>En otro tema, Cerezo V\u00e9lez consider\u00f3 que si la ya SCJN&nbsp;<strong>se pronunci\u00f3 sobre que es inconstitucional criminalizar a las mujeres<\/strong>&nbsp;que deciden sobre su cuerpo, es decir&nbsp;<strong>abortar<\/strong>, el Congreso local tendr\u00eda que legislar para despenalizar est\u00e1 pr\u00e1ctica en el estado, \u00faes no se necesita que est\u00e9n de acuerdo los 41 diputados.<\/p>\n\n\n\n<p>Asever\u00f3 que para la CDH dicha sentencia d<strong>el m\u00e1ximo tribunal de justicia del pa\u00eds es clara<\/strong>&nbsp;e, incluso, record\u00f3 que el exgobernador fallecido, Miguel Barbosa Huerta, en su momento que con la resoluci\u00f3n que dieron los ministros los diputados ya podr\u00edan avanzar en el tema.<\/p>\n\n\n\n<p>\u201cSi la Corte ya dijo que es violatorio de derechos humanos penalizarlo; como dec\u00eda el gobernador, ah\u00ed est\u00e1 la llave para que lo liberen y ya m\u00e1xime que varios estados tambi\u00e9n lo han hecho.&nbsp;<strong>Yo soy emp\u00e1tico a que las mujeres tienen su auto determinaci\u00f3n<\/strong>&nbsp;y obviamente hay personas que piensan que no es adecuado. Este organismo tiene que ser neutral\u201d, dijo.<\/p>\n\n\n\n<p>En otro orden de ideas, el presidente de la\u00a0<strong>CDH coment\u00f3 que har\u00e1n un diagn\u00f3stico para determinar el grado de cumplimiento<\/strong>\u00a0que tienen las acciones de la Alerta de Violencia de G\u00e9nero contra las Mujeres (AVGM) en Puebla, as\u00ed como determinar que le falta y que no se hizo, el cual esperan tenerlo listo en un mes.<\/p>\n\n\n\n<p>Fuente: <a href=\"https:\/\/www.angulo7.com.mx\/2023\/03\/19\/cdh-presenta-recurso-contra-parquimetros-en-ch-de-puebla\/\">https:\/\/www.angulo7.com.mx\/2023\/03\/19\/cdh-presenta-recurso-contra-parquimetros-en-ch-de-puebla\/<\/a><\/p>\n","protected":false},"excerpt":{"rendered":"<p>EDGAR GUZM\u00c1N URIBE \/ \u00c1NGULO 7 La&nbsp;CDH&nbsp;promovi\u00f3 una&nbsp;acci\u00f3n de inconstitucionalidad en la SCJN&nbsp;contra los&nbsp;parqu\u00edmetros en Puebla, ya que en la [&hellip;]<\/p>\n","protected":false},"author":1,"featured_media":48564,"comment_status":"open","ping_status":"open","sticky":false,"template":"","format":"standard","meta":{"site-sidebar-layout":"default","site-content-layout":"","ast-site-content-layout":"default","site-content-style":"default","site-sidebar-style":"default","ast-global-header-display":"","ast-banner-title-visibility":"","ast-main-header-display":"","ast-hfb-above-header-display":"","ast-hfb-below-header-display":"","ast-hfb-mobile-header-display":"","site-post-title":"","ast-breadcrumbs-content":"","ast-featured-img":"","footer-sml-layout":"","theme-transparent-header-meta":"","adv-header-id-meta":"","stick-header-meta":"","header-above-stick-meta":"","header-main-stick-meta":"","header-below-stick-meta":"","astra-migrate-meta-layouts":"default","ast-page-background-enabled":"default","ast-page-background-meta":{"desktop":{"background-color":"var(--ast-global-color-4)","background-image":"","background-repeat":"repeat","background-position":"center center","background-size":"auto","background-attachment":"scroll","background-type":"","background-media":"","overlay-type":"","overlay-color":"","overlay-opacity":"","overlay-gradient":""},"tablet":{"background-color":"","background-image":"","background-repeat":"repeat","background-position":"center center","background-size":"auto","background-attachment":"scroll","background-type":"","background-media":"","overlay-type":"","overlay-color":"","overlay-opacity":"","overlay-gradient":""},"mobile":{"background-color":"","background-image":"","background-repeat":"repeat","background-position":"center center","background-size":"auto","background-attachment":"scroll","background-type":"","background-media":"","overlay-type":"","overlay-color":"","overlay-opacity":"","overlay-gradient":""}},"ast-content-background-meta":{"desktop":{"background-color":"var(--ast-global-color-5)","background-image":"","background-repeat":"repeat","background-position":"center center","background-size":"auto","background-attachment":"scroll","background-type":"","background-media":"","overlay-type":"","overlay-color":"","overlay-opacity":"","overlay-gradient":""},"tablet":{"background-color":"var(--ast-global-color-5)","background-image":"","background-repeat":"repeat","background-position":"center center","background-size":"auto","background-attachment":"scroll","background-type":"","background-media":"","overlay-type":"","overlay-color":"","overlay-opacity":"","overlay-gradient":""},"mobile":{"background-color":"var(--ast-global-color-5)","background-image":"","background-repeat":"repeat","background-position":"center center","background-size":"auto","background-attachment":"scroll","background-type":"","background-media":"","overlay-type":"","overlay-color":"","overlay-opacity":"","overlay-gradient":""}},"footnotes":""},"categories":[8],"tags":[15623,15622,7583],"class_list":["post-48563","post","type-post","status-publish","format-standard","has-post-thumbnail","hentry","category-noticias","tag-accion-de-inconstitucionalidad","tag-cdh","tag-parquimetros-puebla"],"_links":{"self":[{"href":"https:\/\/losperiodistas.com.mx\/portal\/wp-json\/wp\/v2\/posts\/48563","targetHints":{"allow":["GET"]}}],"collection":[{"href":"https:\/\/losperiodistas.com.mx\/portal\/wp-json\/wp\/v2\/posts"}],"about":[{"href":"https:\/\/losperiodistas.com.mx\/portal\/wp-json\/wp\/v2\/types\/post"}],"author":[{"embeddable":true,"href":"https:\/\/losperiodistas.com.mx\/portal\/wp-json\/wp\/v2\/users\/1"}],"replies":[{"embeddable":true,"href":"https:\/\/losperiodistas.com.mx\/portal\/wp-json\/wp\/v2\/comments?post=48563"}],"version-history":[{"count":1,"href":"https:\/\/losperiodistas.com.mx\/portal\/wp-json\/wp\/v2\/posts\/48563\/revisions"}],"predecessor-version":[{"id":48565,"href":"https:\/\/losperiodistas.com.mx\/portal\/wp-json\/wp\/v2\/posts\/48563\/revisions\/48565"}],"wp:featuredmedia":[{"embeddable":true,"href":"https:\/\/losperiodistas.com.mx\/portal\/wp-json\/wp\/v2\/media\/48564"}],"wp:attachment":[{"href":"https:\/\/losperiodistas.com.mx\/portal\/wp-json\/wp\/v2\/media?parent=48563"}],"wp:term":[{"taxonomy":"category","embeddable":true,"href":"https:\/\/losperiodistas.com.mx\/portal\/wp-json\/wp\/v2\/categories?post=48563"},{"taxonomy":"post_tag","embeddable":true,"href":"https:\/\/losperiodistas.com.mx\/portal\/wp-json\/wp\/v2\/tags?post=48563"}],"curies":[{"name":"wp","href":"https:\/\/api.w.org\/{rel}","templated":true}]}}