{"id":48560,"date":"2023-03-20T06:12:27","date_gmt":"2023-03-20T12:12:27","guid":{"rendered":"http:\/\/losperiodistas.com.mx\/portal\/?p=48560"},"modified":"2023-03-20T06:12:29","modified_gmt":"2023-03-20T12:12:29","slug":"simbolismos","status":"publish","type":"post","link":"https:\/\/losperiodistas.com.mx\/portal\/simbolismos\/","title":{"rendered":"Simbolismos"},"content":{"rendered":"\n<p>#PorSoleares El cardenismo llevado a ideolog\u00eda, aunque no hubo un tufo de los herederos familiares en el acto simb\u00f3lico del 18 de marzo. AMLO retoma la calle.<\/p>\n\n\n\n<figure class=\"wp-block-embed is-type-video is-provider-youtube wp-block-embed-youtube wp-embed-aspect-16-9 wp-has-aspect-ratio\"><div class=\"wp-block-embed__wrapper\">\n<iframe title=\"Simbolismos | marzo 19 2023\" width=\"500\" height=\"281\" src=\"https:\/\/www.youtube.com\/embed\/nMPBUbS6m0w?feature=oembed\" frameborder=\"0\" allow=\"accelerometer; autoplay; clipboard-write; encrypted-media; gyroscope; picture-in-picture; web-share\" referrerpolicy=\"strict-origin-when-cross-origin\" allowfullscreen><\/iframe>\n<\/div><\/figure>\n\n\n\n<p><\/p>\n\n\n\n<p class=\"has-vivid-red-color has-text-color\" style=\"font-size:26px\"><strong><em>Por Jes\u00fas Manuel Hern\u00e1ndez<\/em><\/strong><\/p>\n\n\n\n<p>Con la mirada y la mente puestas en el 2 de junio de 2024, el Presidente L\u00f3pez Obrador no ha dejado espacio a permitir, a sospechar, que la calle es de la oposici\u00f3n a la 4T, nada de eso, <strong>el acto del s\u00e1bado 18 de marzo en el z\u00f3calo de la Ciudad de M\u00e9xico es una prueba m\u00e1s de c\u00f3mo viene construyendo la operaci\u00f3n<\/strong> donde la toma de la calle es tan s\u00f3lo uno de los rasgos a observar.<\/p>\n\n\n\n<p>Un d\u00eda antes Andres Manuel estuvo en Tabasco y habl\u00f3 de Ad\u00e1n Augusto, como lo ha venido haciendo de Claudia o de Marcelo, las tres fichas, corcholatas coloquialmente llamadas por \u00e9l, en el camino de la sucesi\u00f3n.<\/p>\n\n\n\n<p>En el pasado al candidato le dio buen resultado <strong>\u201ctomar las redes sociales\u201d<\/strong>, ahora adem\u00e1s toma la calle y convoca en un acto simb\u00f3lico a sus seguidores a defender la postura ideol\u00f3gica de un acto que para los mexicanos no s\u00f3lo es hist\u00f3rico, sino piedra de toque de la soberan\u00eda nacional, la expropiaci\u00f3n petrolera es mucho de eso.<\/p>\n\n\n\n<p><strong>El cardenismo llevado a ideolog\u00eda<\/strong>, el cardenismo como institucionalizaci\u00f3n del deber ser de la presidencia del pueblo, la punta de lanza aglutinante del pasado que ahora es enarbolada como se\u00f1al de arranque de todo aquello que sirva para retener la Presidencia en el 2024.<\/p>\n\n\n\n<p><strong>Y si para ello debe romper con el pasado, Andr\u00e9s Manuel est\u00e1 dispuesto<\/strong>, as\u00ed lo demostr\u00f3, <strong>en el presidium ni un tufo del cardenismo actual, de la izquierda tradicional<\/strong>, de los herederos de L\u00e1zaro C\u00e1rdenas del R\u00edo, aunque la convocatoria haya sido en su honor.<\/p>\n\n\n\n<p>A muchos no les cabe la escena, <strong>nadie podr\u00eda suponer que AMLO llegara a la Presidencia sin los antecedentes labrados &nbsp;por Cuauht\u00e9moc C\u00e1rdenas<\/strong>, de ah\u00ed que no se comprenda la ausencia de alguno de los herederos en este <strong>acto lleno de simbolismos<\/strong>.<\/p>\n\n\n\n<p>Visto as\u00ed el escenario no se puede pensar menos que <strong>la institucionalizaci\u00f3n ideol\u00f3gica del cardenisno no necesita de los herederos de apellido<\/strong>, m\u00e1s bien de la concentraci\u00f3n de intereses en aras de impedir el avance del neoliberalismo, en este caso, como arma frente a la presunta y rid\u00edcula intensi\u00f3n de violaci\u00f3n militar de la soberan\u00eda nacional.<\/p>\n\n\n\n<p><strong>Al Presidente le est\u00e1 dando resultado todo lo que viene proponiendo<\/strong>. Quiz\u00e1 porque lo ha planeado bien, tal vez por la ausencia de una oposici\u00f3n con inteligencia novedosa y propuestas que animen no s\u00f3lo a defender al INE, coaligadas con los intereses de los grupos de poder.<\/p>\n\n\n\n<p>Pareciera que Andr\u00e9s Manuel ha entendido muy bien que <strong>el principal \u201cgrupo de poder\u201d alejado de la operaci\u00f3n pol\u00edtica hab\u00eda sido el pueblo<\/strong>, de ah\u00ed que todo lo que dice y hace est\u00e9 enfocado a un com\u00fan denominador.<\/p>\n\n\n\n<p>Ya lo dijo en Tabasco cuando le gritaron \u201cAd\u00e1n presidente\u201d, <strong><em>\u201cno habr\u00e1 dedazo, ser\u00e1 el pueblo quien elija al candidato, no el presidente, no el partido, el pueblo\u201d<\/em><\/strong>.<\/p>\n\n\n\n<p>Y entonces viene la advertencia al d\u00eda siguiente ante los miles de seguidores: \u201c\u00a1Nada de zigzaguear! Sigamos anclados en nuestros principios, reafirmemos la decisi\u00f3n y el rumbo que hemos tomado desde que inici\u00f3 el Gobierno. <strong>No a las medias tintas<\/strong>, no aceptaremos nunca que en M\u00e9xico se imponga una minor\u00eda a costa de la humillaci\u00f3n y el empobrecimiento de las mayor\u00edas\u201d.<\/p>\n\n\n\n<p>Dicho de otra forma, cualquiera de los elegidos, sentados en el presidium puede ser el designado, pero los principios institucionalizados por Andr\u00e9s Manuel no deber\u00e1n ser violentados, <strong>aunque para ello haya sido necesario dejar fuera al \u201cingeniero\u201d y retomar las viejas pr\u00e1cticas, exitosas por siete d\u00e9cadas del priismo<\/strong>. A fin de cuentas hechos, actos cargados de simbolismo, <strong>el cardenismo sin el nieto de C\u00e1rdenas en el gabinete.<\/strong><\/p>\n\n\n\n<p>O por lo menos, as\u00ed me lo parece.<\/p>\n\n\n\n<p><a href=\"mailto:losperiodistas.com.mx@gmail.com\">losperiodistas.com.mx@gmail.com<\/a><\/p>\n","protected":false},"excerpt":{"rendered":"<p>#PorSoleares El cardenismo llevado a ideolog\u00eda, aunque no hubo un tufo de los herederos familiares en el acto simb\u00f3lico del [&hellip;]<\/p>\n","protected":false},"author":1,"featured_media":48561,"comment_status":"open","ping_status":"open","sticky":false,"template":"","format":"standard","meta":{"site-sidebar-layout":"default","site-content-layout":"","ast-site-content-layout":"default","site-content-style":"default","site-sidebar-style":"default","ast-global-header-display":"","ast-banner-title-visibility":"","ast-main-header-display":"","ast-hfb-above-header-display":"","ast-hfb-below-header-display":"","ast-hfb-mobile-header-display":"","site-post-title":"","ast-breadcrumbs-content":"","ast-featured-img":"","footer-sml-layout":"","theme-transparent-header-meta":"","adv-header-id-meta":"","stick-header-meta":"","header-above-stick-meta":"","header-main-stick-meta":"","header-below-stick-meta":"","astra-migrate-meta-layouts":"default","ast-page-background-enabled":"default","ast-page-background-meta":{"desktop":{"background-color":"var(--ast-global-color-4)","background-image":"","background-repeat":"repeat","background-position":"center center","background-size":"auto","background-attachment":"scroll","background-type":"","background-media":"","overlay-type":"","overlay-color":"","overlay-opacity":"","overlay-gradient":""},"tablet":{"background-color":"","background-image":"","background-repeat":"repeat","background-position":"center center","background-size":"auto","background-attachment":"scroll","background-type":"","background-media":"","overlay-type":"","overlay-color":"","overlay-opacity":"","overlay-gradient":""},"mobile":{"background-color":"","background-image":"","background-repeat":"repeat","background-position":"center center","background-size":"auto","background-attachment":"scroll","background-type":"","background-media":"","overlay-type":"","overlay-color":"","overlay-opacity":"","overlay-gradient":""}},"ast-content-background-meta":{"desktop":{"background-color":"var(--ast-global-color-5)","background-image":"","background-repeat":"repeat","background-position":"center center","background-size":"auto","background-attachment":"scroll","background-type":"","background-media":"","overlay-type":"","overlay-color":"","overlay-opacity":"","overlay-gradient":""},"tablet":{"background-color":"var(--ast-global-color-5)","background-image":"","background-repeat":"repeat","background-position":"center center","background-size":"auto","background-attachment":"scroll","background-type":"","background-media":"","overlay-type":"","overlay-color":"","overlay-opacity":"","overlay-gradient":""},"mobile":{"background-color":"var(--ast-global-color-5)","background-image":"","background-repeat":"repeat","background-position":"center center","background-size":"auto","background-attachment":"scroll","background-type":"","background-media":"","overlay-type":"","overlay-color":"","overlay-opacity":"","overlay-gradient":""}},"footnotes":""},"categories":[8,5],"tags":[15621],"class_list":["post-48560","post","type-post","status-publish","format-standard","has-post-thumbnail","hentry","category-noticias","category-por-soleares","tag-cardenismo-mexico"],"_links":{"self":[{"href":"https:\/\/losperiodistas.com.mx\/portal\/wp-json\/wp\/v2\/posts\/48560","targetHints":{"allow":["GET"]}}],"collection":[{"href":"https:\/\/losperiodistas.com.mx\/portal\/wp-json\/wp\/v2\/posts"}],"about":[{"href":"https:\/\/losperiodistas.com.mx\/portal\/wp-json\/wp\/v2\/types\/post"}],"author":[{"embeddable":true,"href":"https:\/\/losperiodistas.com.mx\/portal\/wp-json\/wp\/v2\/users\/1"}],"replies":[{"embeddable":true,"href":"https:\/\/losperiodistas.com.mx\/portal\/wp-json\/wp\/v2\/comments?post=48560"}],"version-history":[{"count":1,"href":"https:\/\/losperiodistas.com.mx\/portal\/wp-json\/wp\/v2\/posts\/48560\/revisions"}],"predecessor-version":[{"id":48562,"href":"https:\/\/losperiodistas.com.mx\/portal\/wp-json\/wp\/v2\/posts\/48560\/revisions\/48562"}],"wp:featuredmedia":[{"embeddable":true,"href":"https:\/\/losperiodistas.com.mx\/portal\/wp-json\/wp\/v2\/media\/48561"}],"wp:attachment":[{"href":"https:\/\/losperiodistas.com.mx\/portal\/wp-json\/wp\/v2\/media?parent=48560"}],"wp:term":[{"taxonomy":"category","embeddable":true,"href":"https:\/\/losperiodistas.com.mx\/portal\/wp-json\/wp\/v2\/categories?post=48560"},{"taxonomy":"post_tag","embeddable":true,"href":"https:\/\/losperiodistas.com.mx\/portal\/wp-json\/wp\/v2\/tags?post=48560"}],"curies":[{"name":"wp","href":"https:\/\/api.w.org\/{rel}","templated":true}]}}