{"id":48550,"date":"2023-03-19T14:32:17","date_gmt":"2023-03-19T20:32:17","guid":{"rendered":"http:\/\/losperiodistas.com.mx\/portal\/?p=48550"},"modified":"2023-03-19T14:33:06","modified_gmt":"2023-03-19T20:33:06","slug":"encabeza-rodrigo-abdala-instalacion-de-comites-de-sucursales-del-banco-de-bienestar-en-puebla","status":"publish","type":"post","link":"https:\/\/losperiodistas.com.mx\/portal\/encabeza-rodrigo-abdala-instalacion-de-comites-de-sucursales-del-banco-de-bienestar-en-puebla\/","title":{"rendered":"<strong>Encabeza Rodrigo Abdala instalaci\u00f3n de comit\u00e9s de sucursales del Banco de Bienestar en Puebla<\/strong>"},"content":{"rendered":"\n<p class=\"has-medium-font-size\"><strong>\u2022&nbsp;&nbsp;&nbsp;&nbsp; \u201cSe da cumplimiento a uno de los pilares de la Cuarta Transformaci\u00f3n: consolidar los programas del Bienestar en todo estado<\/strong>\u00ab<\/p>\n\n\n\n<p><\/p>\n\n\n\n<figure class=\"wp-block-image size-large is-style-default\"><img fetchpriority=\"high\" decoding=\"async\" width=\"768\" height=\"1024\" src=\"https:\/\/losperiodistas.com.mx\/portal\/wp-content\/uploads\/2023\/03\/t3-768x1024.jpeg\" alt=\"\" class=\"wp-image-48552\" srcset=\"https:\/\/losperiodistas.com.mx\/portal\/wp-content\/uploads\/2023\/03\/t3-768x1024.jpeg 768w, https:\/\/losperiodistas.com.mx\/portal\/wp-content\/uploads\/2023\/03\/t3-225x300.jpeg 225w, https:\/\/losperiodistas.com.mx\/portal\/wp-content\/uploads\/2023\/03\/t3-1152x1536.jpeg 1152w, https:\/\/losperiodistas.com.mx\/portal\/wp-content\/uploads\/2023\/03\/t3.jpeg 1200w\" sizes=\"(max-width: 768px) 100vw, 768px\" \/><\/figure>\n\n\n\n<p><\/p>\n\n\n\n<p class=\"has-vivid-red-color has-text-color has-medium-font-size\"><strong>COMUNICADO<\/strong><\/p>\n\n\n\n<p>Rodrigo Abdala, Delegado de Programas para el Desarrollo en Puebla, encabez\u00f3 este viernes las Asambleas de instalaci\u00f3n de comit\u00e9s de las sucursales del Banco de Bienestar, en los municipios de Chietla, Iz\u00facar de Matamoros, San Juan Amecac, Atzitzihuac\u00e1n, San Diego la Mesa Tochimiltzingo, Atlixco y San Gregorio Atzompa.<\/p>\n\n\n\n<p>Durante esta jornada de instalaci\u00f3n de Programas para el Bienestar, el Coordinador Nacional de Becas para el Bienestar Benito Ju\u00e1rez, Abraham V\u00e1zquez, fue testigo del cumplimento de c\u00f3mo en Puebla el Banco del Bienestar es el centro integrador y eje rector de los esfuerzos de la pol\u00edtica de bienestar.<\/p>\n\n\n\n<p>\u201cAgradezco el compromiso demostrado por estos equipos de trabajo, conformados por servidoras y servidores p\u00fablicos que trabajan de manera coordinada en beneficio de los derechohabientes de Puebla\u201d, declar\u00f3 Rodrigo Abdala durante su visita al municipio de Iz\u00facar de Matamoros, en la Mixteca Poblana.<\/p>\n\n\n\n<p>Posteriormente, en San Juan Amecac, Atzitzihuac\u00e1n, el Delegado de Programas para el Desarrollo en Puebla, agradeci\u00f3 el compromiso demostrado por las servidoras y servidores p\u00fablicos que trabajan de manera coordinada en beneficio de los derechohabientes.<\/p>\n\n\n\n<p>\u201cEl Banco Del Bienestar se convertir\u00e1 en el centro integrador de la pol\u00edtica de Bienestar\u201d, subray\u00f3 Abdala durante la Asamblea realizada, este viernes, en el municipio de San Diego la Mesa Tochimiltzingo, donde agradeci\u00f3 la presencia del alcalde Reynaldo Garc\u00eda Campos, deel Coordinador Nacional de Becas para el Bienestar Benito Ju\u00e1rez, Abraham V\u00e1zquez y de Pedro Hern\u00e1ndez L\u00f3pez, Director regional del distrito III de Atlixco.<\/p>\n\n\n\n<p>Mediante estas acciones, desde la Delegaci\u00f3n de Bienestar del estado de Puebla se garantiza que todos los apoyos que brinda esta instituci\u00f3n financiera se entreguen de manera puntual.<\/p>\n\n\n\n<p>\u201cLa finalidad de estas Asambleas es consolidar los \u201cProgramas Para el Bienestar\u201d en todo el estado de Puebla, para que en todas las sedes de esta instituci\u00f3n financiera se entreguen los apoyos sin ning\u00fan retraso\u201d, asegur\u00f3 Rodrigo Abdala, Delegado de Programas para el Desarrollo en Puebla, durante la Asamblea celebrada en el municipio de Atlixco.<\/p>\n\n\n\n<p>En el municipio de San Gregorio Atzompa continuaron las asambleas de instalaci\u00f3n de comit\u00e9s en sucursales del Banco de Bienestar, donde se sigue brindando informaci\u00f3n sobre todos los Programas para el Bienestar, con la finalidad de que todas las y los poblanos tengan la orientaci\u00f3n sobre las pensiones, becas y todos los apoyos.<\/p>\n","protected":false},"excerpt":{"rendered":"<p>\u2022&nbsp;&nbsp;&nbsp;&nbsp; \u201cSe da cumplimiento a uno de los pilares de la Cuarta Transformaci\u00f3n: consolidar los programas del Bienestar en todo [&hellip;]<\/p>\n","protected":false},"author":1,"featured_media":48552,"comment_status":"open","ping_status":"open","sticky":false,"template":"","format":"standard","meta":{"site-sidebar-layout":"default","site-content-layout":"","ast-site-content-layout":"default","site-content-style":"default","site-sidebar-style":"default","ast-global-header-display":"","ast-banner-title-visibility":"","ast-main-header-display":"","ast-hfb-above-header-display":"","ast-hfb-below-header-display":"","ast-hfb-mobile-header-display":"","site-post-title":"","ast-breadcrumbs-content":"","ast-featured-img":"","footer-sml-layout":"","theme-transparent-header-meta":"","adv-header-id-meta":"","stick-header-meta":"","header-above-stick-meta":"","header-main-stick-meta":"","header-below-stick-meta":"","astra-migrate-meta-layouts":"default","ast-page-background-enabled":"default","ast-page-background-meta":{"desktop":{"background-color":"var(--ast-global-color-4)","background-image":"","background-repeat":"repeat","background-position":"center center","background-size":"auto","background-attachment":"scroll","background-type":"","background-media":"","overlay-type":"","overlay-color":"","overlay-opacity":"","overlay-gradient":""},"tablet":{"background-color":"","background-image":"","background-repeat":"repeat","background-position":"center center","background-size":"auto","background-attachment":"scroll","background-type":"","background-media":"","overlay-type":"","overlay-color":"","overlay-opacity":"","overlay-gradient":""},"mobile":{"background-color":"","background-image":"","background-repeat":"repeat","background-position":"center center","background-size":"auto","background-attachment":"scroll","background-type":"","background-media":"","overlay-type":"","overlay-color":"","overlay-opacity":"","overlay-gradient":""}},"ast-content-background-meta":{"desktop":{"background-color":"var(--ast-global-color-5)","background-image":"","background-repeat":"repeat","background-position":"center center","background-size":"auto","background-attachment":"scroll","background-type":"","background-media":"","overlay-type":"","overlay-color":"","overlay-opacity":"","overlay-gradient":""},"tablet":{"background-color":"var(--ast-global-color-5)","background-image":"","background-repeat":"repeat","background-position":"center center","background-size":"auto","background-attachment":"scroll","background-type":"","background-media":"","overlay-type":"","overlay-color":"","overlay-opacity":"","overlay-gradient":""},"mobile":{"background-color":"var(--ast-global-color-5)","background-image":"","background-repeat":"repeat","background-position":"center center","background-size":"auto","background-attachment":"scroll","background-type":"","background-media":"","overlay-type":"","overlay-color":"","overlay-opacity":"","overlay-gradient":""}},"footnotes":""},"categories":[8],"tags":[15580,6190],"class_list":["post-48550","post","type-post","status-publish","format-standard","has-post-thumbnail","hentry","category-noticias","tag-rodrigoabdala","tag-banco-del-bienestar"],"_links":{"self":[{"href":"https:\/\/losperiodistas.com.mx\/portal\/wp-json\/wp\/v2\/posts\/48550","targetHints":{"allow":["GET"]}}],"collection":[{"href":"https:\/\/losperiodistas.com.mx\/portal\/wp-json\/wp\/v2\/posts"}],"about":[{"href":"https:\/\/losperiodistas.com.mx\/portal\/wp-json\/wp\/v2\/types\/post"}],"author":[{"embeddable":true,"href":"https:\/\/losperiodistas.com.mx\/portal\/wp-json\/wp\/v2\/users\/1"}],"replies":[{"embeddable":true,"href":"https:\/\/losperiodistas.com.mx\/portal\/wp-json\/wp\/v2\/comments?post=48550"}],"version-history":[{"count":2,"href":"https:\/\/losperiodistas.com.mx\/portal\/wp-json\/wp\/v2\/posts\/48550\/revisions"}],"predecessor-version":[{"id":48554,"href":"https:\/\/losperiodistas.com.mx\/portal\/wp-json\/wp\/v2\/posts\/48550\/revisions\/48554"}],"wp:featuredmedia":[{"embeddable":true,"href":"https:\/\/losperiodistas.com.mx\/portal\/wp-json\/wp\/v2\/media\/48552"}],"wp:attachment":[{"href":"https:\/\/losperiodistas.com.mx\/portal\/wp-json\/wp\/v2\/media?parent=48550"}],"wp:term":[{"taxonomy":"category","embeddable":true,"href":"https:\/\/losperiodistas.com.mx\/portal\/wp-json\/wp\/v2\/categories?post=48550"},{"taxonomy":"post_tag","embeddable":true,"href":"https:\/\/losperiodistas.com.mx\/portal\/wp-json\/wp\/v2\/tags?post=48550"}],"curies":[{"name":"wp","href":"https:\/\/api.w.org\/{rel}","templated":true}]}}