{"id":48544,"date":"2023-03-19T12:35:05","date_gmt":"2023-03-19T18:35:05","guid":{"rendered":"http:\/\/losperiodistas.com.mx\/portal\/?p=48544"},"modified":"2023-03-19T12:35:07","modified_gmt":"2023-03-19T18:35:07","slug":"checo-conquisto-el-gran-premio-de-arabia-saudita-y-red-bull-hizo-el-1-2-mc","status":"publish","type":"post","link":"https:\/\/losperiodistas.com.mx\/portal\/checo-conquisto-el-gran-premio-de-arabia-saudita-y-red-bull-hizo-el-1-2-mc\/","title":{"rendered":"\u00a1Checo conquist\u00f3 el Gran Premio de Arabia Saudita y Red Bull hizo el 1-2! | MC"},"content":{"rendered":"\n<p class=\"has-vivid-green-cyan-background-color has-background has-medium-font-size\">Batalla de Red Bull que termin\u00f3 ganando el mexicano Sergio P\u00e9rez<\/p>\n\n\n\n<figure class=\"wp-block-image size-large is-style-default\"><img fetchpriority=\"high\" decoding=\"async\" width=\"1024\" height=\"683\" src=\"https:\/\/losperiodistas.com.mx\/portal\/wp-content\/uploads\/2023\/03\/16792494754337-1024x683.jpg\" alt=\"\" class=\"wp-image-48545\" srcset=\"https:\/\/losperiodistas.com.mx\/portal\/wp-content\/uploads\/2023\/03\/16792494754337-1024x683.jpg 1024w, https:\/\/losperiodistas.com.mx\/portal\/wp-content\/uploads\/2023\/03\/16792494754337-300x200.jpg 300w, https:\/\/losperiodistas.com.mx\/portal\/wp-content\/uploads\/2023\/03\/16792494754337-768x512.jpg 768w, https:\/\/losperiodistas.com.mx\/portal\/wp-content\/uploads\/2023\/03\/16792494754337.jpg 1320w\" sizes=\"(max-width: 1024px) 100vw, 1024px\" \/><\/figure>\n\n\n\n<p><\/p>\n\n\n\n<p class=\"has-vivid-red-color has-text-color has-medium-font-size\"><strong>EDOARDO \u00c1VILA \/ MARCA CLARO<\/strong><\/p>\n\n\n\n<p>Sergio P\u00e9rez ha hecho historia tras conquistar el trazado de Jeddah en Arabia Saudita. Es el quinto Gran Premio que logra ganar el mexicano en todo recorrer profesional. Y superando a su compa\u00f1ero, Max Verstappen, que tuvo gran carrera al superar 13 lugares y quedar segundo; adem\u00e1s sumando la vuelta m\u00e1s r\u00e1pida para con ello mantener el liderato de F1 frente a su compa\u00f1ero de escuder\u00eda. Fernando Alonso, por segunda vez consecutiva, pone a Aston Martin en el podio de la m\u00e1xima categor\u00eda de automovilismo.<\/p>\n\n\n\n<h2 class=\"wp-block-heading\">La carrera de Sergio P\u00e9rez, solo un susto al inicio<\/h2>\n\n\n\n<p>Checo lleg\u00f3 a esta carrera logrando la pole position en la clasificaci\u00f3n; sin embargo, en la largada el mexicano perdi\u00f3 la posici\u00f3n en la primera vuelta ante Fernando Alonso, pero en revisi\u00f3n la FIA castig\u00f3 con 5 segundos al asturiano, por un arranque indebido.<\/p>\n\n\n\n<p>En la vuelta 4, Sergio P\u00e9rez super\u00f3 otra vez a Alonso, y desde entonces no quit\u00f3 el acelerador del primer lugar, que mantuvo durante 46 vueltas m\u00e1s.<\/p>\n\n\n\n<h2 class=\"wp-block-heading\">Verstappen, gran carrera pese a la clasificaci\u00f3n<\/h2>\n\n\n\n<p>Tras problemas en su monoplaza, el campe\u00f3n del mundo se coloc\u00f3 en la largada en posici\u00f3n 15, y ya en declaraciones previas hab\u00eda comentado que estaba confiado en su monoplaza le dar\u00eda poder. Y as\u00ed fue. Porque super\u00f3 hasta 13 posiciones, para terminar segundo despu\u00e9s de grandes batallas que gan\u00f3 sobre Ferrari, y Fernando Alonso.<\/p>\n\n\n\n<p>Max Vertappen hizo la vuelta m\u00e1s r\u00e1pida y con eso logr\u00f3 mantener el primer puesto del Mundia.<\/p>\n\n\n\n<h2 class=\"wp-block-heading\">Alonso y Ferrari, puntos destacados.<\/h2>\n\n\n\n<p>Punto destacado para Fernando Alonso que llev\u00f3 a Aston Martin a su segundo podio del a\u00f1o. Adem\u00e1s, dudas que deja Ferrari, pues par\u00f3 en pits en mal momento y eso hizo que terminaran en posici\u00f3n 6 y 7.<\/p>\n\n\n\n<p>Fuente: <a href=\"https:\/\/www.marca.com\/mx\/motor\/formula-1\/2023\/03\/19\/6417543046163fc5b88b457f.html\">https:\/\/www.marca.com\/mx\/motor\/formula-1\/2023\/03\/19\/6417543046163fc5b88b457f.html<\/a><\/p>\n","protected":false},"excerpt":{"rendered":"<p>Batalla de Red Bull que termin\u00f3 ganando el mexicano Sergio P\u00e9rez EDOARDO \u00c1VILA \/ MARCA CLARO Sergio P\u00e9rez ha hecho [&hellip;]<\/p>\n","protected":false},"author":1,"featured_media":48545,"comment_status":"open","ping_status":"open","sticky":false,"template":"","format":"standard","meta":{"site-sidebar-layout":"default","site-content-layout":"","ast-site-content-layout":"default","site-content-style":"default","site-sidebar-style":"default","ast-global-header-display":"","ast-banner-title-visibility":"","ast-main-header-display":"","ast-hfb-above-header-display":"","ast-hfb-below-header-display":"","ast-hfb-mobile-header-display":"","site-post-title":"","ast-breadcrumbs-content":"","ast-featured-img":"","footer-sml-layout":"","theme-transparent-header-meta":"","adv-header-id-meta":"","stick-header-meta":"","header-above-stick-meta":"","header-main-stick-meta":"","header-below-stick-meta":"","astra-migrate-meta-layouts":"default","ast-page-background-enabled":"default","ast-page-background-meta":{"desktop":{"background-color":"var(--ast-global-color-4)","background-image":"","background-repeat":"repeat","background-position":"center center","background-size":"auto","background-attachment":"scroll","background-type":"","background-media":"","overlay-type":"","overlay-color":"","overlay-opacity":"","overlay-gradient":""},"tablet":{"background-color":"","background-image":"","background-repeat":"repeat","background-position":"center center","background-size":"auto","background-attachment":"scroll","background-type":"","background-media":"","overlay-type":"","overlay-color":"","overlay-opacity":"","overlay-gradient":""},"mobile":{"background-color":"","background-image":"","background-repeat":"repeat","background-position":"center center","background-size":"auto","background-attachment":"scroll","background-type":"","background-media":"","overlay-type":"","overlay-color":"","overlay-opacity":"","overlay-gradient":""}},"ast-content-background-meta":{"desktop":{"background-color":"var(--ast-global-color-5)","background-image":"","background-repeat":"repeat","background-position":"center center","background-size":"auto","background-attachment":"scroll","background-type":"","background-media":"","overlay-type":"","overlay-color":"","overlay-opacity":"","overlay-gradient":""},"tablet":{"background-color":"var(--ast-global-color-5)","background-image":"","background-repeat":"repeat","background-position":"center center","background-size":"auto","background-attachment":"scroll","background-type":"","background-media":"","overlay-type":"","overlay-color":"","overlay-opacity":"","overlay-gradient":""},"mobile":{"background-color":"var(--ast-global-color-5)","background-image":"","background-repeat":"repeat","background-position":"center center","background-size":"auto","background-attachment":"scroll","background-type":"","background-media":"","overlay-type":"","overlay-color":"","overlay-opacity":"","overlay-gradient":""}},"footnotes":""},"categories":[8],"tags":[276,511,9174,466],"class_list":["post-48544","post","type-post","status-publish","format-standard","has-post-thumbnail","hentry","category-noticias","tag-checo-perez","tag-fernando-alonso","tag-gp-arabia-saudita","tag-red-bull"],"_links":{"self":[{"href":"https:\/\/losperiodistas.com.mx\/portal\/wp-json\/wp\/v2\/posts\/48544","targetHints":{"allow":["GET"]}}],"collection":[{"href":"https:\/\/losperiodistas.com.mx\/portal\/wp-json\/wp\/v2\/posts"}],"about":[{"href":"https:\/\/losperiodistas.com.mx\/portal\/wp-json\/wp\/v2\/types\/post"}],"author":[{"embeddable":true,"href":"https:\/\/losperiodistas.com.mx\/portal\/wp-json\/wp\/v2\/users\/1"}],"replies":[{"embeddable":true,"href":"https:\/\/losperiodistas.com.mx\/portal\/wp-json\/wp\/v2\/comments?post=48544"}],"version-history":[{"count":1,"href":"https:\/\/losperiodistas.com.mx\/portal\/wp-json\/wp\/v2\/posts\/48544\/revisions"}],"predecessor-version":[{"id":48546,"href":"https:\/\/losperiodistas.com.mx\/portal\/wp-json\/wp\/v2\/posts\/48544\/revisions\/48546"}],"wp:featuredmedia":[{"embeddable":true,"href":"https:\/\/losperiodistas.com.mx\/portal\/wp-json\/wp\/v2\/media\/48545"}],"wp:attachment":[{"href":"https:\/\/losperiodistas.com.mx\/portal\/wp-json\/wp\/v2\/media?parent=48544"}],"wp:term":[{"taxonomy":"category","embeddable":true,"href":"https:\/\/losperiodistas.com.mx\/portal\/wp-json\/wp\/v2\/categories?post=48544"},{"taxonomy":"post_tag","embeddable":true,"href":"https:\/\/losperiodistas.com.mx\/portal\/wp-json\/wp\/v2\/tags?post=48544"}],"curies":[{"name":"wp","href":"https:\/\/api.w.org\/{rel}","templated":true}]}}