{"id":48537,"date":"2023-03-19T07:39:21","date_gmt":"2023-03-19T13:39:21","guid":{"rendered":"http:\/\/losperiodistas.com.mx\/portal\/?p=48537"},"modified":"2023-03-19T07:39:22","modified_gmt":"2023-03-19T13:39:22","slug":"francisco-pidamos-la-gracia-de-sorprendernos-cada-dia-por-los-dones-de-dios-vatican-news","status":"publish","type":"post","link":"https:\/\/losperiodistas.com.mx\/portal\/francisco-pidamos-la-gracia-de-sorprendernos-cada-dia-por-los-dones-de-dios-vatican-news\/","title":{"rendered":"Francisco: Pidamos la gracia de sorprendernos cada d\u00eda por los dones de Dios | Vatican News"},"content":{"rendered":"\n<p class=\"has-luminous-vivid-amber-background-color has-background has-medium-font-size\">Ver las diferentes circunstancias de la vida, tambi\u00e9n las m\u00e1s dif\u00edciles de aceptar, como ocasiones para obrar el bien. Fue la exhortaci\u00f3n de Francisco al meditar sobre el Evangelio del d\u00eda, que hoy narra el episodio de Jes\u00fas que devuelve la vista a un ciego de nacimiento.<\/p>\n\n\n\n<figure class=\"wp-block-embed is-type-video is-provider-youtube wp-block-embed-youtube wp-embed-aspect-16-9 wp-has-aspect-ratio\"><div class=\"wp-block-embed__wrapper\">\n<iframe title=\"\u00c1ngelus 19 de marzo de 2023 Papa Francisco\" width=\"500\" height=\"281\" src=\"https:\/\/www.youtube.com\/embed\/hZIeSi_mTW8?feature=oembed\" frameborder=\"0\" allow=\"accelerometer; autoplay; clipboard-write; encrypted-media; gyroscope; picture-in-picture; web-share\" referrerpolicy=\"strict-origin-when-cross-origin\" allowfullscreen><\/iframe>\n<\/div><\/figure>\n\n\n\n<p><\/p>\n\n\n\n<p class=\"has-vivid-red-color has-text-color has-medium-font-size\"><strong>VATICAN NEWS<\/strong><\/p>\n\n\n\n<p>\u201c\u00bfSabemos ver el bien y ser agradecidos por los dones que recibimos?\u201d Fue una de las preguntas que el Papa Francisco dej\u00f3 hoy para la reflexi\u00f3n a los fieles que, como cada domingo, se convocaron en la plaza de san Pedro para escuchar su comentario sobre el Evangelio del D\u00eda y rezar la oraci\u00f3n mariana del \u00c1ngelus.&nbsp;<\/p>\n\n\n\n<h2 class=\"wp-block-heading\"><strong>Corazones cerrados<\/strong><\/h2>\n\n\n\n<p>El Evangelio del d\u00eda \u2013 comenz\u00f3 diciendo el Santo Padre &#8211; muestra a Jes\u00fas que devuelve la vista a un hombre ciego de nacimiento (cfr Jn 9,1-41). Pero este prodigio no es bien recibido por varias personas y grupos: los disc\u00edpulos buscan un \u201cculpable\u201d, los vecinos se muestran \u201cesc\u00e9pticos\u201d y los padres del hombre sanado \u201ctemen a las autoridades religiosas y no se pronuncian\u201d. El Evangelio de hoy muestra \u00abc\u00f3mo procede Jes\u00fas\u00bb y c\u00f3mo procede \u00abel coraz\u00f3n humano\u00bb: el coraz\u00f3n humano bueno, el coraz\u00f3n humano tibio, el coraz\u00f3n humano timorato, el coraz\u00f3n humano valiente.&nbsp;<\/p>\n\n\n\n<p><em>En todas estas reacciones, emergen corazones cerrados frente al signo de Jes\u00fas, por varios motivos: porque buscan un culpable, porque no saben sorprenderse, porque no quieren cambiar, porque est\u00e1n bloqueados por el miedo.&nbsp;Y tantas situaciones se parecen a esto hoy. Ante algo que realmente es un mensaje de testimonio de una persona, es un mensaje de Jes\u00fas, caemos en esto: buscamos otra explicaci\u00f3n, no queremos cambiar, intentamos buscar una salida m\u00e1s elegante que aceptar la verdad.<\/em><\/p>\n\n\n\n<h2 class=\"wp-block-heading\"><strong>El testimonio sencillo y libre<\/strong><\/h2>\n\n\n\n<p>El \u00fanico que reacciona bien \u2013 continu\u00f3 diciendo Francisco &#8211; es el ciego: feliz de ver, testimonia lo que le ha sucedido de la forma m\u00e1s sencilla: \u201cEra ciego y ahora veo\u201d. Primero se ve\u00eda obligado a pedir limosna y sufr\u00eda los prejuicios de la gente: \u201ces pobre y ciego de nacimiento, debe sufrir, debe pagar por sus pecados o por los de sus antepasados\u201d. Ahora, libre en el cuerpo y en el esp\u00edritu, da testimonio de Jes\u00fas: no inventa nada y no esconde nada.&nbsp;<\/p>\n\n\n\n<p><em>No tiene miedo de lo que dir\u00e1n los otros: el sabor amargo de la marginaci\u00f3n ya lo ha conocido durante toda la vida, ya ha sentido sobre \u00e9l la indiferencia y el desprecio de los transe\u00fantes, de quien lo consideraba como un descarte de la sociedad, \u00fatil a lo sumo para la piedad de alguna limosna. Ahora, curado, ya no teme esas actitudes de desprecio, porque Jes\u00fas le ha dado plena dignidad: en s\u00e1bado, delante de todos, le ha liberado y le ha donado la vista sin pedirle nada, ni siquiera un gracias, y \u00e9l da testimonio. \u00c9sta es la dignidad de una persona noble, de una persona que se sabe sanada y renace.<\/em><\/p>\n\n\n\n<h2 class=\"wp-block-heading\"><strong>\u00bfY nosotros?<\/strong><\/h2>\n\n\n\n<p>He aqu\u00ed que el Papa invitara a los fieles a preguntarse qu\u00e9 posici\u00f3n tomamos ante esta escena del Evangelio, qu\u00e9 hubi\u00e9ramos dicho entonces, y, sobre todo, qu\u00e9 hacemos \u201choy\u201d:<\/p>\n\n\n\n<p><em>Como el ciego, \u00bfsabemos ver el bien y ser agradecidos por los dones que recibimos? Me pregunto: \u00bfc\u00f3mo es mi dignidad? \u00bfC\u00f3mo es tu dignidad? \u00bfTestimoniamos a Jes\u00fas o difundimos cr\u00edticas y sospechas? \u00bfSomos libres frente a los prejuicios o nos asociamos a los que difunden negatividad y chismes? \u00bfEstamos felices de decir que Jes\u00fas nos ama y nos salva o, como los padres del ciego de nacimiento, nos dejamos enjaular por temor a lo que pensar\u00e1 la gente? Los tibios de coraz\u00f3n no aceptan la verdad y no tienen el coraje de decir: \u00abNo, esto es as\u00ed\u00bb. &nbsp;Y tambi\u00e9n, \u00bfc\u00f3mo acogemos las dificultades de los dem\u00e1s? \u00bfC\u00f3mo acogemos a las personas que tienen tantas limitaciones en la vida, ya sean f\u00edsicas que sociales, como los mendigos que viven en la calle? \u00bfcomo maldiciones o como ocasiones para hacernos cercanos a ellos con amor?&nbsp;<\/em><\/p>\n\n\n\n<p>La exhortaci\u00f3n final de Francisco en el d\u00eda en que la Iglesia recuerda a San Jos\u00e9, padre de Jes\u00fas, fue a \u201cpedir la gracia de sorprendernos cada d\u00eda por los dones de Dios y de ver las diferentes circunstancias de la vida, tambi\u00e9n las m\u00e1s dif\u00edciles de aceptar, como ocasiones para obrar el bien, como hizo Jes\u00fas con el ciego\u201d.&nbsp;<\/p>\n\n\n\n<blockquote class=\"wp-block-quote is-layout-flow wp-block-quote-is-layout-flow\"><p>\u201cLa Virgen nos ayude en esto, junto a San Jos\u00e9, hombre justo y fiel.\u201d<\/p><\/blockquote>\n\n\n\n<h2 class=\"wp-block-heading\"><strong>Ucrania y Ecuador en el coraz\u00f3n del Papa<\/strong><\/h2>\n\n\n\n<p>Tras la oraci\u00f3n mariana el pensamiento del Papa fue hacia&nbsp;<strong><a href=\"https:\/\/www.vaticannews.va\/es\/papa\/news\/2023-03\/terremoto-ecuador-cercania-de-francisco.html\">Ecuador<\/a><\/strong>, donde un terremoto caus\u00f3 muertos, heridos e ingentes da\u00f1os. Al pueblo ecuatoriano asegur\u00f3 su oraci\u00f3n por los fallecidos y por cuantos sufren. Tampoco olvid\u00f3 el atormentado&nbsp;<strong><a href=\"https:\/\/www.vaticannews.va\/es\/papa\/news\/2023-03\/papa-no-olvidemos-ucrania-sufre-crimenes-guerra.html\">pueblo ucraniano<\/a><\/strong>, \u201cque sigue sufriendo por cr\u00edmenes de guerra\u201d. Y en el d\u00eda en que la Iglesia celebra a San Jos\u00e9, padre de Jes\u00fas, el Papa Francisco rez\u00f3 con los fieles un Padrenuestro por todos los pap\u00e1s del mundo: que encuentren en&nbsp;<strong><a href=\"https:\/\/www.vaticannews.va\/es\/papa\/news\/2023-03\/buenos-deseos-francisco-padres-san-jose-modelo-paternidad.html\">San Jos\u00e9<\/a><\/strong>&nbsp;\u2013 les dijo \u2013 el modelo, el apoyo, el consuelo para vivir bien su paternidad.&nbsp;<\/p>\n\n\n\n<p>Adem\u00e1s de saludar los muchos peregrinos de diversos pa\u00edses, con gusto se dirigi\u00f3 a los participantes en el marat\u00f3n de Roma, a quienes felicit\u00f3 porque, a instancias de \u00abAthletica Vaticana\u00bb, hacen de este acontecimiento deportivo una ocasi\u00f3n de solidaridad en favor de los m\u00e1s pobres.\u00a0<\/p>\n\n\n\n<p>Fuente: <a href=\"https:\/\/www.vaticannews.va\/es\/papa\/news\/2023-03\/francisco-pidamos-gracia-sorprendernos-cada-dia-dones-dios.html\">https:\/\/www.vaticannews.va\/es\/papa\/news\/2023-03\/francisco-pidamos-gracia-sorprendernos-cada-dia-dones-dios.html<\/a><a href=\"https:\/\/www.comunicazione.va\/en\/sostienici\/es.html\" target=\"_blank\" rel=\"noreferrer noopener\"><\/a><\/p>\n","protected":false},"excerpt":{"rendered":"<p>Ver las diferentes circunstancias de la vida, tambi\u00e9n las m\u00e1s dif\u00edciles de aceptar, como ocasiones para obrar el bien. Fue [&hellip;]<\/p>\n","protected":false},"author":1,"featured_media":48538,"comment_status":"open","ping_status":"open","sticky":false,"template":"","format":"standard","meta":{"site-sidebar-layout":"default","site-content-layout":"","ast-site-content-layout":"default","site-content-style":"default","site-sidebar-style":"default","ast-global-header-display":"","ast-banner-title-visibility":"","ast-main-header-display":"","ast-hfb-above-header-display":"","ast-hfb-below-header-display":"","ast-hfb-mobile-header-display":"","site-post-title":"","ast-breadcrumbs-content":"","ast-featured-img":"","footer-sml-layout":"","theme-transparent-header-meta":"","adv-header-id-meta":"","stick-header-meta":"","header-above-stick-meta":"","header-main-stick-meta":"","header-below-stick-meta":"","astra-migrate-meta-layouts":"default","ast-page-background-enabled":"default","ast-page-background-meta":{"desktop":{"background-color":"var(--ast-global-color-4)","background-image":"","background-repeat":"repeat","background-position":"center center","background-size":"auto","background-attachment":"scroll","background-type":"","background-media":"","overlay-type":"","overlay-color":"","overlay-opacity":"","overlay-gradient":""},"tablet":{"background-color":"","background-image":"","background-repeat":"repeat","background-position":"center center","background-size":"auto","background-attachment":"scroll","background-type":"","background-media":"","overlay-type":"","overlay-color":"","overlay-opacity":"","overlay-gradient":""},"mobile":{"background-color":"","background-image":"","background-repeat":"repeat","background-position":"center center","background-size":"auto","background-attachment":"scroll","background-type":"","background-media":"","overlay-type":"","overlay-color":"","overlay-opacity":"","overlay-gradient":""}},"ast-content-background-meta":{"desktop":{"background-color":"var(--ast-global-color-5)","background-image":"","background-repeat":"repeat","background-position":"center center","background-size":"auto","background-attachment":"scroll","background-type":"","background-media":"","overlay-type":"","overlay-color":"","overlay-opacity":"","overlay-gradient":""},"tablet":{"background-color":"var(--ast-global-color-5)","background-image":"","background-repeat":"repeat","background-position":"center center","background-size":"auto","background-attachment":"scroll","background-type":"","background-media":"","overlay-type":"","overlay-color":"","overlay-opacity":"","overlay-gradient":""},"mobile":{"background-color":"var(--ast-global-color-5)","background-image":"","background-repeat":"repeat","background-position":"center center","background-size":"auto","background-attachment":"scroll","background-type":"","background-media":"","overlay-type":"","overlay-color":"","overlay-opacity":"","overlay-gradient":""}},"footnotes":""},"categories":[8],"tags":[8436,8046,15617],"class_list":["post-48537","post","type-post","status-publish","format-standard","has-post-thumbnail","hentry","category-noticias","tag-angelus-papa-francisco-2","tag-guerra-ucrania","tag-sismo-ecuador"],"_links":{"self":[{"href":"https:\/\/losperiodistas.com.mx\/portal\/wp-json\/wp\/v2\/posts\/48537","targetHints":{"allow":["GET"]}}],"collection":[{"href":"https:\/\/losperiodistas.com.mx\/portal\/wp-json\/wp\/v2\/posts"}],"about":[{"href":"https:\/\/losperiodistas.com.mx\/portal\/wp-json\/wp\/v2\/types\/post"}],"author":[{"embeddable":true,"href":"https:\/\/losperiodistas.com.mx\/portal\/wp-json\/wp\/v2\/users\/1"}],"replies":[{"embeddable":true,"href":"https:\/\/losperiodistas.com.mx\/portal\/wp-json\/wp\/v2\/comments?post=48537"}],"version-history":[{"count":1,"href":"https:\/\/losperiodistas.com.mx\/portal\/wp-json\/wp\/v2\/posts\/48537\/revisions"}],"predecessor-version":[{"id":48539,"href":"https:\/\/losperiodistas.com.mx\/portal\/wp-json\/wp\/v2\/posts\/48537\/revisions\/48539"}],"wp:featuredmedia":[{"embeddable":true,"href":"https:\/\/losperiodistas.com.mx\/portal\/wp-json\/wp\/v2\/media\/48538"}],"wp:attachment":[{"href":"https:\/\/losperiodistas.com.mx\/portal\/wp-json\/wp\/v2\/media?parent=48537"}],"wp:term":[{"taxonomy":"category","embeddable":true,"href":"https:\/\/losperiodistas.com.mx\/portal\/wp-json\/wp\/v2\/categories?post=48537"},{"taxonomy":"post_tag","embeddable":true,"href":"https:\/\/losperiodistas.com.mx\/portal\/wp-json\/wp\/v2\/tags?post=48537"}],"curies":[{"name":"wp","href":"https:\/\/api.w.org\/{rel}","templated":true}]}}