{"id":48534,"date":"2023-03-19T07:34:27","date_gmt":"2023-03-19T13:34:27","guid":{"rendered":"http:\/\/losperiodistas.com.mx\/portal\/?p=48534"},"modified":"2023-03-19T07:34:28","modified_gmt":"2023-03-19T13:34:28","slug":"empresarios-consentidos-de-la-4t-tras-el-plan-sonora-proceso","status":"publish","type":"post","link":"https:\/\/losperiodistas.com.mx\/portal\/empresarios-consentidos-de-la-4t-tras-el-plan-sonora-proceso\/","title":{"rendered":"Empresarios consentidos de la 4T, tras el Plan Sonora | Proceso"},"content":{"rendered":"\n<p class=\"has-vivid-green-cyan-background-color has-background has-medium-font-size\"><strong>El Plan Sonora de Energ\u00edas Sostenibles se basa en una alianza de facto entre el gobierno federal y los empresarios Alfonso Romo y Daniel Ch\u00e1vez, due\u00f1o del Grupo Vidanta y padre de los socios de Jos\u00e9 Ram\u00f3n L\u00f3pez Beltr\u00e1n en KEI Partners.<\/strong><\/p>\n\n\n\n<p><a href=\"javascript:Popup('https:\/\/www.facebook.com\/sharer\/sharer.php?u=https:\/\/www.proceso.com.mx\/reportajes\/2023\/3\/18\/empresarios-consentidos-de-la-4t-tras-el-plan-sonora-303859.html%27,%27envio%27,700,435,%27no%27,%27yes%27);\"><\/a><a href=\"https:\/\/web.whatsapp.com\/send?text=Empresarios+consentidos+de+la+4T%2C+tras+el+Plan+Sonora%20-%20https:\/\/www.proceso.com.mx\/reportajes\/2023\/3\/18\/empresarios-consentidos-de-la-4t-tras-el-plan-sonora-303859.html\" target=\"_blank\" rel=\"noreferrer noopener\"><\/a><a href=\"https:\/\/www.proceso.com.mx\/u\/fotografias\/fotosnoticias\/2023\/3\/18\/170793.jpg\"><\/a><\/p>\n\n\n\n<figure class=\"wp-block-image size-full is-style-default\"><img fetchpriority=\"high\" decoding=\"async\" width=\"800\" height=\"450\" src=\"https:\/\/losperiodistas.com.mx\/portal\/wp-content\/uploads\/2023\/03\/f800x450-170793_222239_4735.jpg\" alt=\"\" class=\"wp-image-48535\" srcset=\"https:\/\/losperiodistas.com.mx\/portal\/wp-content\/uploads\/2023\/03\/f800x450-170793_222239_4735.jpg 800w, https:\/\/losperiodistas.com.mx\/portal\/wp-content\/uploads\/2023\/03\/f800x450-170793_222239_4735-300x169.jpg 300w, https:\/\/losperiodistas.com.mx\/portal\/wp-content\/uploads\/2023\/03\/f800x450-170793_222239_4735-768x432.jpg 768w\" sizes=\"(max-width: 800px) 100vw, 800px\" \/><figcaption><strong>Plan Sonora.<\/strong>\u00a0Daniel Ch\u00e1vez, due\u00f1o del Grupo Vidanta, y Alfonso Romo, exjefe de la Oficina de la Presidencia. Foto: Miguel Dimayuga y Eduardo Miranda<\/figcaption><\/figure>\n\n\n\n<p class=\"has-vivid-red-color has-text-color has-medium-font-size\"><strong>SOF\u00cdA CALVILLO L\u00d3PEZ \/ REVISTA PROCESO<\/strong><\/p>\n\n\n\n<p><em>El Plan Sonora de Energ\u00edas Sostenibles, que entre otras obras incluye el parque fotovoltaico m\u00e1s grande de Am\u00e9rica Latina, se basa en una alianza de facto entre el gobierno federal y los empresarios Alfonso Romo, exjefe de la Oficina de la Presidencia, y Daniel Ch\u00e1vez, due\u00f1o del Grupo Vidanta y padre de los socios de Jos\u00e9 Ram\u00f3n L\u00f3pez Beltr\u00e1n en KEI Partners. Ch\u00e1vez entreg\u00f3 en condiciones poco claras terrenos para la construcci\u00f3n de la planta fotovoltaica de Puerto Pe\u00f1asco. Ambos magnates fueron convocados tambi\u00e9n por el gobernador Alfonso Durazo para construir naves industriales a fin de atraer inversi\u00f3n extranjera.<\/em><\/p>\n\n\n\n<p>HERMOSILLO, Son. (Proceso).- Con el Plan Sonora de Energ\u00edas Sostenibles el gobierno de Andr\u00e9s Manuel L\u00f3pez Obrador present\u00f3 al mundo la apuesta de M\u00e9xico para ayudar contra la crisis clim\u00e1tica, seg\u00fan lo plante\u00f3 en la Conferencia de las Naciones Unidas sobre el Cambio Clim\u00e1tico, COP27, celebrada en Egipto en noviembre pasado.<\/p>\n\n\n\n<h5 class=\"has-cyan-bluish-gray-background-color has-background wp-block-heading\">NOTICIAS RELACIONADAS<\/h5>\n\n\n\n<ul class=\"wp-block-list\"><li><a href=\"https:\/\/www.proceso.com.mx\/nacional\/2022\/7\/18\/grupo-vidanta-demanda-por-difamacion-mexicanos-contra-la-corrupcion-289783.html\">Grupo Vidanta demanda por difamaci\u00f3n a Mexicanos contra la Corrupci\u00f3n<\/a><\/li><li><a href=\"https:\/\/www.proceso.com.mx\/nacional\/2022\/5\/26\/gobierno-de-bc-next-energy-cancelan-contrato-para-planta-fotovoltaica-que-costaria-12-mil-mdp-286544.html\">Gobierno de BC y Next Energy cancelan contrato para planta fotovoltaica que costar\u00eda 12 mil mdp<\/a><\/li><li><a href=\"https:\/\/www.proceso.com.mx\/nacional\/2022\/5\/18\/jaime-bonilla-sera-citado-por-presuntos-actos-de-corrupcion-en-licitacion-de-planta-fotovoltaica-286164.html\">Jaime Bonilla ser\u00e1 citado por presuntos actos de corrupci\u00f3n en licitaci\u00f3n de planta fotovoltaica<\/a><\/li><li><a href=\"https:\/\/www.proceso.com.mx\/nacional\/2022\/5\/6\/funcion-publica-no-hay-conflicto-de-interes-entre-amlo-grupo-vidanta-285540.html\">Funci\u00f3n P\u00fablica: no hay conflicto de inter\u00e9s entre AMLO y Grupo Vidanta<\/a><\/li><li><a href=\"https:\/\/www.proceso.com.mx\/reportajes\/2022\/2\/27\/vidanta-world-un-ambicioso-ecocida-proyecto-turistico-281637.html\">Vidanta World: Un ambicioso, y ecocida, proyecto tur\u00edstico<\/a><\/li><\/ul>\n\n\n\n<p>El Plan Sonora incluye la instalaci\u00f3n de la planta solar que se anuncia como la m\u00e1s grande de Latinoam\u00e9rica y la s\u00e9ptima m\u00e1s grande del mundo: una red de factor\u00edas para la licuefacci\u00f3n de gas natural para exportaci\u00f3n, obras de infraestructura carretera, explotaci\u00f3n del litio, aprovechamiento del recurso humano mexicano\u2026 y la alianza con empresarios como Daniel Ch\u00e1vez Mor\u00e1n, fundador del Grupo Vidanta.<\/p>\n\n\n\n<p>El 17 de febrero \u00faltimo, en una gira por la zona, L\u00f3pez Obrador dijo que el plan tiene una inversi\u00f3n de 48 mil millones de d\u00f3lares y fortalecer\u00e1 las cadenas de suministro con Estados Unidos, fomentar\u00e1 la fabricaci\u00f3n de veh\u00edculos el\u00e9ctricos y la construcci\u00f3n de grandes centrales de energ\u00eda verde, adem\u00e1s de promover la producci\u00f3n asociada de litio para bater\u00edas.<\/p>\n\n\n\n<p>\u201cYa a partir de hoy va a significar electricidad para 60 mil hogares, y es apenas el inicio\u201d, dijo el presidente al dar banderazo de salida con la inauguraci\u00f3n de la primera etapa del parque fotovoltaico Puerto Pe\u00f1asco, que generar\u00e1 en una primera etapa 120 megawatts (MW) y mil MW para 2027. La planta representa una inversi\u00f3n de casi mil 700 millones de d\u00f3lares.<\/p>\n\n\n\n<p>El gobernador de Sonora, Alfonso Durazo, realiza una intensa promoci\u00f3n del plan, sobre todo desde el mes pasado, cuando present\u00f3 en Puerto Pe\u00f1asco el proyecto ante unos 60 embajadores del cuerpo diplom\u00e1tico en M\u00e9xico, a quienes expuso que esa infraestructura servir\u00e1 para \u201cconsolidar un ecosistema en el que se tomen las riquezas naturales del Estado para la elaboraci\u00f3n de componentes electr\u00f3nicos y semiconductores con el talento humano\u201d, as\u00ed como aprovechar la cercan\u00eda con Estados Unidos para facilitar las relaciones comerciales con miras a la transici\u00f3n energ\u00e9tica.<\/p>\n\n\n\n<p>Despu\u00e9s de ese encuentro, Durazo efectu\u00f3 una gira en Toronto y Washington para presentar el Plan Sonora a organizaciones empresariales, pol\u00edticos e inversionistas. A su regreso, en un foro sobre energ\u00edas sostenibles organizado por el peri\u00f3dico El Pa\u00eds M\u00e9xico y el propio gobierno estatal, el lunes 13, describi\u00f3:<\/p>\n\n\n\n<blockquote class=\"wp-block-quote is-layout-flow wp-block-quote-is-layout-flow\"><p>Sonora ser\u00e1 el Silicon Valley de las energ\u00edas renovables y el Plan Sonora representa un proyecto de descarbonizaci\u00f3n de la econom\u00eda, un plan sumamente ambicioso que aprovechar\u00e1 el sol y el litio para un futuro de energ\u00edas limpias\u201d.<\/p><\/blockquote>\n\n\n\n<p>Pero al d\u00eda siguiente, en su conferencia al estilo ma\u00f1anera, Durazo habl\u00f3 ampliamente sobre su alianza con dos empresarios ya involucrados en la promoci\u00f3n de inversiones para infraestructura, naves industriales y del sector tur\u00edstico, todo alrededor del Plan Sonora: Daniel Ch\u00e1vez Mor\u00e1n, fundador del Grupo Vidanta, y Alfonso Romo, exjefe de la Oficina de la Presidencia con Andr\u00e9s Manuel L\u00f3pez Obrador, quien recientemente lo volvi\u00f3 a mencionar como enlace con el sector empresarial.<\/p>\n\n\n\n<p>Vidanta, desarrollador l\u00edder de resorts en Am\u00e9rica Latina, tiene presencia muy cerca del parque solar con el Aeropuerto Internacional del Mar de Cort\u00e9s, del que es operador, as\u00ed como el Hotel Mayan Palace, Grand Mayan y The Nicklaus Design Course at Vidanta, que est\u00e1n a unos 10 kil\u00f3metros.<\/p>\n\n\n\n<p>Esta cercan\u00eda con la planta en Puerto Pe\u00f1asco representa, en t\u00e9rminos inmobiliarios, una revalorizaci\u00f3n de los terrenos del fundador de Grupo Vidanta, as\u00ed como de los hoteles que se encuentran en el polo tur\u00edstico, mientras que el consorcio recibe otros beneficios del gobierno de la 4T.<\/p>\n\n\n\n<p>En la conferencia, el gobernador de Sonora insisti\u00f3 que es necesario promover a Sonora como un destino con atractivos tur\u00edsticos, a fin de sumar inversores al Plan Sonora, ya que actualmente se desconoce la ubicaci\u00f3n y sus ventajas.<\/p>\n\n\n\n<p>Tambi\u00e9n se\u00f1al\u00f3 que el estado carece de las naves industriales necesarias para que las empresas se asienten en la entidad. Y revel\u00f3 que en una reuni\u00f3n que sostuvo el lunes 13 con el fundador de Grupo Vidanta y con Alfonso Romo acord\u00f3 su apoyo para la creaci\u00f3n de naves industriales y promoci\u00f3n tur\u00edstica.<\/p>\n\n\n\n<p>\u201cAyer tuve una comida con Daniel Ch\u00e1vez y Alfonso Romo y \u00bfqu\u00e9 les digo? Me preguntan: \u2018\u00bfC\u00f3mo ayudo?\u2019 A ver, nos faltan naves industriales en el estado, \u00bfc\u00f3mo viene una empresa en Sonora si no tenemos una sola nave industrial disponible? Y les dec\u00eda: \u2018Ay\u00fadenme con naves industriales en Hermosillo, Obreg\u00f3n, Navojoa, en todos lados\u201d, narr\u00f3.<\/p>\n\n\n\n<p>El gobernador a\u00f1adi\u00f3 que le pidi\u00f3 a Daniel Ch\u00e1vez el apoyo para construir infraestructura tur\u00edstica, no s\u00f3lo en Puerto Pe\u00f1asco, donde el empresario tiene presencia y terrenos, sino en San Carlos, el polo tur\u00edstico de Guaymas, punto que Ch\u00e1vez ha dicho tener en la mira con proyectos relacionados con cruceros.<\/p>\n\n\n\n<p>Abiertamente, Durazo dijo: \u201cCon la construcci\u00f3n de infraestructura tur\u00edstica en Puerto Pe\u00f1asco, que Daniel Ch\u00e1vez conoce muy bien porque ah\u00ed est\u00e1 Grupo Vidanta, y San Carlos, porque una vez que se construya la carretera, lo he dicho aqu\u00ed, la carretera a Chihuahua, la gente va a llegar a San Carlos. Si no hay hoteles la gente no va a regresar o eventualmente ni siquiera va a venir.<\/p>\n\n\n\n<p>\u201cEsas son las peticiones que les hice \u2013recapitul\u00f3 el gobernador\u2013. Ustedes saben que ambos son personajes muy fuertes en el sector empresarial y yo estoy seguro que de ah\u00ed sali\u00f3 el compromiso de una reuni\u00f3n con los principales constructores de naves industriales en Sonora. Espero que sea pronto, es el compromiso que hizo Alfonso Romo conmigo y Daniel Ch\u00e1vez ofreci\u00f3, dio algunas ideas para mejorar la conectividad de Puerto Pe\u00f1asco y facilitar el flujo de turistas, pero tambi\u00e9n hizo el compromiso de ayudarme en la promoci\u00f3n, particularmente en San Carlos\u201d.<\/p>\n\n\n\n<p>En esa conferencia&nbsp;<strong>Proceso<\/strong>&nbsp;pidi\u00f3 hacer una pregunta al gobernador, pero su equipo de prensa no dio oportunidad.<\/p>\n\n\n\n<p><strong>Empresario consentido<\/strong><\/p>\n\n\n\n<p>En el estado a\u00fan permea la pol\u00e9mica originada por el hecho de que la primera etapa de la planta solar del proyecto en Puerto Pe\u00f1asco fue posible gracias a la entrega en comodato de un terreno de dos mil hect\u00e1reas por parte del due\u00f1o de grupo Vidanta, empresa que asesora el proyecto tur\u00edstico del Tren Maya.<\/p>\n\n\n\n<p>Jos\u00e9 Ram\u00f3n L\u00f3pez Beltr\u00e1n, hijo del presidente Andr\u00e9s Manuel L\u00f3pez Obrador, trabaja en KEI Partners, empresa fundada por \u00c9rika e Iv\u00e1n Ch\u00e1vez, hijos del due\u00f1o de Grupo Vidanta.<\/p>\n\n\n\n<p>Aun cuando el presidente de la Rep\u00fablica asegur\u00f3 que no hay ning\u00fan conflicto de inter\u00e9s porque el due\u00f1o de Grupo Vidanta no tiene ning\u00fan contrato o negocio con el gobierno federal, no se ha transparentado c\u00f3mo fue la donaci\u00f3n del predio, as\u00ed como las condiciones o contraprestaciones que tendr\u00e1 la empresa.<\/p>\n\n\n\n<p>Norma Julieta del R\u00edo Venegas, comisionada del Instituto Nacional de Transparencia, Acceso a la Informaci\u00f3n y Protecci\u00f3n de Datos Personales (Inai), dice a Proceso que el organismo resolvi\u00f3 un recurso para que la Comisi\u00f3n Federal de Electricidad (CFE) informe c\u00f3mo se dio la donaci\u00f3n o comodato del terreno por Grupo Vidanta, a partir de la petici\u00f3n de un solicitante que ha encontrado resistencia de la paraestatal.<\/p>\n\n\n\n<blockquote class=\"wp-block-quote is-layout-flow wp-block-quote-is-layout-flow\"><p>La CFE le dijo que busc\u00f3 y que era una informaci\u00f3n inexistente, por eso se inconform\u00f3; nosotros resolvimos revocar esa respuesta del sujeto obligado para instruirle a que realizara una nueva b\u00fasqueda\u201d, explic\u00f3.<\/p><\/blockquote>\n\n\n\n<p>Del R\u00edo Venegas agrega que dicha resoluci\u00f3n se justific\u00f3 en la importancia de transparentar la discusi\u00f3n social acerca de posibles conflictos de inter\u00e9s entre sectores p\u00fablicos y algunos actores del sector empresarial.<\/p>\n\n\n\n<p>Incluso, ante la serie de cuestionamientos y se\u00f1alamientos que se hicieron por la donaci\u00f3n de este terreno, el gobernador Durazo asegur\u00f3 que se dar\u00edan a conocer todos los pormenores del proyecto:<\/p>\n\n\n\n<p>\u201cVamos a manejar las cosas con transparencia; esa es mi responsabilidad. Y si no hay transparencia y si hay irregularidades, es mi responsabilidad, as\u00ed es que andaremos todos a mecate corto, como dice el presidente, para rendirle cuentas transparentes a la ciudadan\u00eda\u201d, coment\u00f3 el mandatario estatal en febrero de 2022.<\/p>\n\n\n\n<p>Sin embargo, desde agosto de ese a\u00f1o a la fecha, pese al recurso resuelto por el Inai, no se ha dado a conocer la informaci\u00f3n sobre la donaci\u00f3n del predio por parte de Grupo Vidanta a la CFE, con lo que permanecen en la opacidad los acuerdos del consorcio tur\u00edstico con la empresa el\u00e9ctrica.<\/p>\n\n\n\n<p>Mientras tanto, Vidanta cuenta con otros beneficios: en febrero de 2022 se le dio la ampliaci\u00f3n de 15 a\u00f1os en tres concesiones para ocupar las playas en Nayarit, Jalisco y Guerrero; adem\u00e1s obtuvo dos nuevos permisos para Acapulco y Puerto Vallarta. La Secretar\u00eda de Infraestructura, Comunicaciones y Transportes, v\u00eda la Direcci\u00f3n General de Puertos y Marina Mercante, le otorg\u00f3 permiso a OTM Naviera para que la embarcaci\u00f3n Vidanta Elegant brinde un servicio de crucero tur\u00edstico, de acuerdo a la informaci\u00f3n publicada por Mexicanos Contra la Corrupci\u00f3n y la Impunidad (MCCI).<\/p>\n\n\n\n<p>A esto se suma la ampliaci\u00f3n de la ruta que conectar\u00e1 dos de sus desarrollos tur\u00edsticos en la Riviera Nayarita, los cuales no cuentan con autorizaci\u00f3n de la Secretar\u00eda de Medio Ambiente y Recursos Naturales (Semarnat).<\/p>\n\n\n\n<h3 class=\"wp-block-heading\"><strong>Fragmento del reportaje publicado en la edici\u00f3n 2419 de la revista Proceso,\u00a0<a href=\"https:\/\/publicacionesdigitales.proceso.com.mx\/library\/\">cuya edici\u00f3n digital puede adquirir en\u00a0este enlace.<\/a><\/strong><\/h3>\n\n\n\n<p>Fuente: <a href=\"https:\/\/www.proceso.com.mx\/reportajes\/2023\/3\/18\/empresarios-consentidos-de-la-4t-tras-el-plan-sonora-303859.html\">https:\/\/www.proceso.com.mx\/reportajes\/2023\/3\/18\/empresarios-consentidos-de-la-4t-tras-el-plan-sonora-303859.html<\/a><\/p>\n","protected":false},"excerpt":{"rendered":"<p>El Plan Sonora de Energ\u00edas Sostenibles se basa en una alianza de facto entre el gobierno federal y los empresarios [&hellip;]<\/p>\n","protected":false},"author":1,"featured_media":48535,"comment_status":"open","ping_status":"open","sticky":false,"template":"","format":"standard","meta":{"site-sidebar-layout":"default","site-content-layout":"","ast-site-content-layout":"default","site-content-style":"default","site-sidebar-style":"default","ast-global-header-display":"","ast-banner-title-visibility":"","ast-main-header-display":"","ast-hfb-above-header-display":"","ast-hfb-below-header-display":"","ast-hfb-mobile-header-display":"","site-post-title":"","ast-breadcrumbs-content":"","ast-featured-img":"","footer-sml-layout":"","theme-transparent-header-meta":"","adv-header-id-meta":"","stick-header-meta":"","header-above-stick-meta":"","header-main-stick-meta":"","header-below-stick-meta":"","astra-migrate-meta-layouts":"default","ast-page-background-enabled":"default","ast-page-background-meta":{"desktop":{"background-color":"var(--ast-global-color-4)","background-image":"","background-repeat":"repeat","background-position":"center center","background-size":"auto","background-attachment":"scroll","background-type":"","background-media":"","overlay-type":"","overlay-color":"","overlay-opacity":"","overlay-gradient":""},"tablet":{"background-color":"","background-image":"","background-repeat":"repeat","background-position":"center center","background-size":"auto","background-attachment":"scroll","background-type":"","background-media":"","overlay-type":"","overlay-color":"","overlay-opacity":"","overlay-gradient":""},"mobile":{"background-color":"","background-image":"","background-repeat":"repeat","background-position":"center center","background-size":"auto","background-attachment":"scroll","background-type":"","background-media":"","overlay-type":"","overlay-color":"","overlay-opacity":"","overlay-gradient":""}},"ast-content-background-meta":{"desktop":{"background-color":"var(--ast-global-color-5)","background-image":"","background-repeat":"repeat","background-position":"center center","background-size":"auto","background-attachment":"scroll","background-type":"","background-media":"","overlay-type":"","overlay-color":"","overlay-opacity":"","overlay-gradient":""},"tablet":{"background-color":"var(--ast-global-color-5)","background-image":"","background-repeat":"repeat","background-position":"center center","background-size":"auto","background-attachment":"scroll","background-type":"","background-media":"","overlay-type":"","overlay-color":"","overlay-opacity":"","overlay-gradient":""},"mobile":{"background-color":"var(--ast-global-color-5)","background-image":"","background-repeat":"repeat","background-position":"center center","background-size":"auto","background-attachment":"scroll","background-type":"","background-media":"","overlay-type":"","overlay-color":"","overlay-opacity":"","overlay-gradient":""}},"footnotes":""},"categories":[8],"tags":[15616,15614,15615,13479,15613],"class_list":["post-48534","post","type-post","status-publish","format-standard","has-post-thumbnail","hentry","category-noticias","tag-alfonso-romo","tag-energias-sostenibles","tag-grupo-vidanta","tag-plan-sonora","tag-planta-fotovoltaica"],"_links":{"self":[{"href":"https:\/\/losperiodistas.com.mx\/portal\/wp-json\/wp\/v2\/posts\/48534","targetHints":{"allow":["GET"]}}],"collection":[{"href":"https:\/\/losperiodistas.com.mx\/portal\/wp-json\/wp\/v2\/posts"}],"about":[{"href":"https:\/\/losperiodistas.com.mx\/portal\/wp-json\/wp\/v2\/types\/post"}],"author":[{"embeddable":true,"href":"https:\/\/losperiodistas.com.mx\/portal\/wp-json\/wp\/v2\/users\/1"}],"replies":[{"embeddable":true,"href":"https:\/\/losperiodistas.com.mx\/portal\/wp-json\/wp\/v2\/comments?post=48534"}],"version-history":[{"count":1,"href":"https:\/\/losperiodistas.com.mx\/portal\/wp-json\/wp\/v2\/posts\/48534\/revisions"}],"predecessor-version":[{"id":48536,"href":"https:\/\/losperiodistas.com.mx\/portal\/wp-json\/wp\/v2\/posts\/48534\/revisions\/48536"}],"wp:featuredmedia":[{"embeddable":true,"href":"https:\/\/losperiodistas.com.mx\/portal\/wp-json\/wp\/v2\/media\/48535"}],"wp:attachment":[{"href":"https:\/\/losperiodistas.com.mx\/portal\/wp-json\/wp\/v2\/media?parent=48534"}],"wp:term":[{"taxonomy":"category","embeddable":true,"href":"https:\/\/losperiodistas.com.mx\/portal\/wp-json\/wp\/v2\/categories?post=48534"},{"taxonomy":"post_tag","embeddable":true,"href":"https:\/\/losperiodistas.com.mx\/portal\/wp-json\/wp\/v2\/tags?post=48534"}],"curies":[{"name":"wp","href":"https:\/\/api.w.org\/{rel}","templated":true}]}}