{"id":48478,"date":"2023-03-18T07:39:31","date_gmt":"2023-03-18T13:39:31","guid":{"rendered":"http:\/\/losperiodistas.com.mx\/portal\/?p=48478"},"modified":"2023-03-18T07:39:33","modified_gmt":"2023-03-18T13:39:33","slug":"sacerdote-denuncia-corrupcion-que-permite-absoluta-normalidad-del-narcotrafico-en-mexico-aci","status":"publish","type":"post","link":"https:\/\/losperiodistas.com.mx\/portal\/sacerdote-denuncia-corrupcion-que-permite-absoluta-normalidad-del-narcotrafico-en-mexico-aci\/","title":{"rendered":"Sacerdote denuncia corrupci\u00f3n que permite \u201cabsoluta normalidad\u201d del narcotr\u00e1fico en M\u00e9xico\u00a0| ACI"},"content":{"rendered":"\n<figure class=\"wp-block-image size-full is-style-default\"><img fetchpriority=\"high\" decoding=\"async\" width=\"900\" height=\"500\" src=\"https:\/\/losperiodistas.com.mx\/portal\/wp-content\/uploads\/2023\/03\/Bandera-17-2-23.jpg\" alt=\"\" class=\"wp-image-48479\" srcset=\"https:\/\/losperiodistas.com.mx\/portal\/wp-content\/uploads\/2023\/03\/Bandera-17-2-23.jpg 900w, https:\/\/losperiodistas.com.mx\/portal\/wp-content\/uploads\/2023\/03\/Bandera-17-2-23-300x167.jpg 300w, https:\/\/losperiodistas.com.mx\/portal\/wp-content\/uploads\/2023\/03\/Bandera-17-2-23-768x427.jpg 768w\" sizes=\"(max-width: 900px) 100vw, 900px\" \/><figcaption>Imagen referencial. Cr\u00e9dito: Jorge Aguilar \/ Unsplash.<\/figcaption><\/figure>\n\n\n\n<p class=\"has-vivid-red-color has-text-color has-medium-font-size\"><strong>ANA PAULA MORALES \/ ACI<\/strong><\/p>\n\n\n\n<p>El P. Mario \u00c1ngel Flores, director del Observatorio de la Conferencia del Episcopado Mexicano (CEM), denunci\u00f3 \u201cel alto grado de corrupci\u00f3n entre nuestras autoridades\u201d, que permite una \u201cabsoluta normalidad\u201d del narcotr\u00e1fico y la violencia en el pa\u00eds.&nbsp;<\/p>\n\n\n\n<p>En una reciente columna publicada en&nbsp;<a href=\"https:\/\/desdelafe.mx\/otros\/el-gobierno-mexicano-y-el-narcotrafico\/\" target=\"_blank\" rel=\"noreferrer noopener\">Desde la fe,<\/a>&nbsp;semanario de la Arquidi\u00f3cesis Primada de M\u00e9xico, el P. Flores indic\u00f3 que \u201cen los Estados Unidos se han procesado y condenado a prisi\u00f3n a muchos criminales mexicanos que se dedican al tr\u00e1fico de drogas, ya que afectan directamente a la poblaci\u00f3n norteamericana en general y a los j\u00f3venes en particular\u00bb.<\/p>\n\n\n\n<p>El sacerdote mexicano record\u00f3 el caso de la reciente captura y condena de Genaro Garc\u00eda Luna, quien fuera Secretario de Seguridad P\u00fablica durante el gobierno de Felipe Calder\u00f3n, entre 2006 y 2012.<\/p>\n\n\n\n<p>\u201cEntre los meses de enero y febrero de este a\u00f1o 2023 fue juzgado por la Justicia de los Estados Unidos y declarado culpable por proteger al c\u00e1rtel de Sinaloa\u201d, se\u00f1al\u00f3 el P. Flores.<\/p>\n\n\n\n<p>M\u00e9xico vive uno de los momentos m\u00e1s cr\u00edticos de violencia en su historia, y se estima que para el final del sexenio, en 2024, del presidente Andr\u00e9s Manuel L\u00f3pez Obrador, la cifra de homicidios durante su gobierno bordee los 190 mil.<\/p>\n\n\n\n<p><a href=\"https:\/\/geoenlace.net\/seguridadjusticiaypaz\/webpage\/detalleBoletin.php?id=4566\" target=\"_blank\" rel=\"noreferrer noopener\">De acuerdo al Consejo Ciudadano para la Seguridad P\u00fablica y la Justicia Penal A.C.<\/a>, 17 de las 50 ciudades m\u00e1s violentas en el mundo durante 2022 se encuentran en M\u00e9xico. Nueve de las 10 primeras ciudades del listado son mexicanas, encabezadas por Colima, Zamora, Ciudad Obreg\u00f3n, Zacatecas y Tijuana.<\/p>\n\n\n\n<h4 class=\"wp-block-heading\">M\u00c1S EN AM\u00c9RICA<\/h4>\n\n\n\n<div class=\"wp-block-image is-style-default\"><figure class=\"alignleft is-resized\"><a href=\"https:\/\/www.aciprensa.com\/noticias\/sacerdote-denuncia-que-estamos-viviendo-un-estado-de-guerra-por-el-narcotrafico-en-mexico-54988\" target=\"_blank\" rel=\"noreferrer noopener\"><img decoding=\"async\" src=\"https:\/\/www.aciprensa.com\/imagespp\/Balas-Will-Porada-Unsplash-060721.jpg\" alt=\"\" width=\"-292\" height=\"-162\"\/><\/a><\/figure><\/div>\n\n\n\n<h3 class=\"wp-block-heading\"><a target=\"_blank\" href=\"https:\/\/www.aciprensa.com\/noticias\/sacerdote-denuncia-que-estamos-viviendo-un-estado-de-guerra-por-el-narcotrafico-en-mexico-54988\" rel=\"noreferrer noopener\">Sacerdote denuncia que \u201cestamos viviendo un estado de guerra\u201d por el narcotr\u00e1fico en M\u00e9xico<\/a><\/h3>\n\n\n\n<p><a target=\"_blank\" href=\"https:\/\/www.aciprensa.com\/noticias\/sacerdote-denuncia-que-estamos-viviendo-un-estado-de-guerra-por-el-narcotrafico-en-mexico-54988\" rel=\"noreferrer noopener\">Leer la noticia<\/a><\/p>\n\n\n\n<p><\/p>\n\n\n\n<p><\/p>\n\n\n\n<p><\/p>\n\n\n\n<p>En el centro de la violencia se encuentra el crimen organizado, encabezado por grupos como el C\u00e1rtel Jalisco Nueva Generaci\u00f3n (CJNG) y el C\u00e1rtel de Sinaloa, hasta hace pocos a\u00f1os liderado por Joaqu\u00edn \u201cEl Chapo\u201d Guzm\u00e1n, hoy preso en Estados Unidos.<\/p>\n\n\n\n<p>La actual pol\u00edtica del gobierno de L\u00f3pez Obrador, de \u201cabrazos y no balazos\u201d, ha sido duramente criticada por organismos de la sociedad civil y por la Iglesia Cat\u00f3lica.<\/p>\n\n\n\n<p>En su columna, el P. Flores critic\u00f3 precisamente \u201cla estrategia de Seguridad del actual gobierno, que implica no combatir de manera frontal al narcotr\u00e1fico y al crimen organizado\u201d, y que \u201cha causado el periodo m\u00e1s sangriento de nuestra historia reciente\u201d.<\/p>\n\n\n\n<p>Frente a la \u201cola de asesinatos, masacres, dominio de territorios enteros por parte de los delincuentes, extorsiones, robo de combustible, robo en carreteras, inseguridad por todas partes\u201d, el sacerdote llam\u00f3 a preguntarse \u201cqui\u00e9nes, desde las m\u00e1s altas autoridades pol\u00edticas y militares, est\u00e1n implicadas para que en nuestros d\u00edas todo esto suceda con absoluta normalidad\u201d.<\/p>\n\n\n\n<p>Fuente: <a href=\"https:\/\/www.aciprensa.com\/autor\/55\/ana-paula-morales\">https:\/\/www.aciprensa.com\/autor\/55\/ana-paula-morales<\/a><\/p>\n","protected":false},"excerpt":{"rendered":"<p>ANA PAULA MORALES \/ ACI El P. Mario \u00c1ngel Flores, director del Observatorio de la Conferencia del Episcopado Mexicano (CEM), [&hellip;]<\/p>\n","protected":false},"author":1,"featured_media":48479,"comment_status":"open","ping_status":"open","sticky":false,"template":"","format":"standard","meta":{"site-sidebar-layout":"default","site-content-layout":"","ast-site-content-layout":"default","site-content-style":"default","site-sidebar-style":"default","ast-global-header-display":"","ast-banner-title-visibility":"","ast-main-header-display":"","ast-hfb-above-header-display":"","ast-hfb-below-header-display":"","ast-hfb-mobile-header-display":"","site-post-title":"","ast-breadcrumbs-content":"","ast-featured-img":"","footer-sml-layout":"","theme-transparent-header-meta":"","adv-header-id-meta":"","stick-header-meta":"","header-above-stick-meta":"","header-main-stick-meta":"","header-below-stick-meta":"","astra-migrate-meta-layouts":"default","ast-page-background-enabled":"default","ast-page-background-meta":{"desktop":{"background-color":"var(--ast-global-color-4)","background-image":"","background-repeat":"repeat","background-position":"center center","background-size":"auto","background-attachment":"scroll","background-type":"","background-media":"","overlay-type":"","overlay-color":"","overlay-opacity":"","overlay-gradient":""},"tablet":{"background-color":"","background-image":"","background-repeat":"repeat","background-position":"center center","background-size":"auto","background-attachment":"scroll","background-type":"","background-media":"","overlay-type":"","overlay-color":"","overlay-opacity":"","overlay-gradient":""},"mobile":{"background-color":"","background-image":"","background-repeat":"repeat","background-position":"center center","background-size":"auto","background-attachment":"scroll","background-type":"","background-media":"","overlay-type":"","overlay-color":"","overlay-opacity":"","overlay-gradient":""}},"ast-content-background-meta":{"desktop":{"background-color":"var(--ast-global-color-5)","background-image":"","background-repeat":"repeat","background-position":"center center","background-size":"auto","background-attachment":"scroll","background-type":"","background-media":"","overlay-type":"","overlay-color":"","overlay-opacity":"","overlay-gradient":""},"tablet":{"background-color":"var(--ast-global-color-5)","background-image":"","background-repeat":"repeat","background-position":"center center","background-size":"auto","background-attachment":"scroll","background-type":"","background-media":"","overlay-type":"","overlay-color":"","overlay-opacity":"","overlay-gradient":""},"mobile":{"background-color":"var(--ast-global-color-5)","background-image":"","background-repeat":"repeat","background-position":"center center","background-size":"auto","background-attachment":"scroll","background-type":"","background-media":"","overlay-type":"","overlay-color":"","overlay-opacity":"","overlay-gradient":""}},"footnotes":""},"categories":[8],"tags":[7196,11339,2428,15596],"class_list":["post-48478","post","type-post","status-publish","format-standard","has-post-thumbnail","hentry","category-noticias","tag-cem","tag-corrupcion-mexico","tag-narcotrafico","tag-padre-mario-angel-flores"],"_links":{"self":[{"href":"https:\/\/losperiodistas.com.mx\/portal\/wp-json\/wp\/v2\/posts\/48478","targetHints":{"allow":["GET"]}}],"collection":[{"href":"https:\/\/losperiodistas.com.mx\/portal\/wp-json\/wp\/v2\/posts"}],"about":[{"href":"https:\/\/losperiodistas.com.mx\/portal\/wp-json\/wp\/v2\/types\/post"}],"author":[{"embeddable":true,"href":"https:\/\/losperiodistas.com.mx\/portal\/wp-json\/wp\/v2\/users\/1"}],"replies":[{"embeddable":true,"href":"https:\/\/losperiodistas.com.mx\/portal\/wp-json\/wp\/v2\/comments?post=48478"}],"version-history":[{"count":1,"href":"https:\/\/losperiodistas.com.mx\/portal\/wp-json\/wp\/v2\/posts\/48478\/revisions"}],"predecessor-version":[{"id":48480,"href":"https:\/\/losperiodistas.com.mx\/portal\/wp-json\/wp\/v2\/posts\/48478\/revisions\/48480"}],"wp:featuredmedia":[{"embeddable":true,"href":"https:\/\/losperiodistas.com.mx\/portal\/wp-json\/wp\/v2\/media\/48479"}],"wp:attachment":[{"href":"https:\/\/losperiodistas.com.mx\/portal\/wp-json\/wp\/v2\/media?parent=48478"}],"wp:term":[{"taxonomy":"category","embeddable":true,"href":"https:\/\/losperiodistas.com.mx\/portal\/wp-json\/wp\/v2\/categories?post=48478"},{"taxonomy":"post_tag","embeddable":true,"href":"https:\/\/losperiodistas.com.mx\/portal\/wp-json\/wp\/v2\/tags?post=48478"}],"curies":[{"name":"wp","href":"https:\/\/api.w.org\/{rel}","templated":true}]}}