{"id":48455,"date":"2023-03-17T09:20:57","date_gmt":"2023-03-17T15:20:57","guid":{"rendered":"http:\/\/losperiodistas.com.mx\/portal\/?p=48455"},"modified":"2023-03-17T09:20:59","modified_gmt":"2023-03-17T15:20:59","slug":"dia-historico-para-kate-middleton-radiante-de-verde-se-estrena-como-coronel-del-regimiento-en-el-desfile-de-san-patricio-vanity-fair","status":"publish","type":"post","link":"https:\/\/losperiodistas.com.mx\/portal\/dia-historico-para-kate-middleton-radiante-de-verde-se-estrena-como-coronel-del-regimiento-en-el-desfile-de-san-patricio-vanity-fair\/","title":{"rendered":"D\u00eda hist\u00f3rico para Kate Middleton: radiante de verde, se estrena como Coronel del Regimiento en el desfile de San Patricio | Vanity Fair"},"content":{"rendered":"\n<p class=\"has-pale-pink-background-color has-background has-medium-font-size\">Los pr\u00edncipes de Gales visitaron a la Guardia Irlandesa y presenciaron el desfile del D\u00eda de San Patricio en Aldershot.<\/p>\n\n\n\n<p><\/p>\n\n\n\n<figure class=\"wp-block-image size-large is-style-default\"><img fetchpriority=\"high\" decoding=\"async\" width=\"683\" height=\"1024\" src=\"https:\/\/losperiodistas.com.mx\/portal\/wp-content\/uploads\/2023\/03\/PaddyDay_170323_GettyImages-1474128997-683x1024.jpg\" alt=\"\" class=\"wp-image-48456\" srcset=\"https:\/\/losperiodistas.com.mx\/portal\/wp-content\/uploads\/2023\/03\/PaddyDay_170323_GettyImages-1474128997-683x1024.jpg 683w, https:\/\/losperiodistas.com.mx\/portal\/wp-content\/uploads\/2023\/03\/PaddyDay_170323_GettyImages-1474128997-200x300.jpg 200w, https:\/\/losperiodistas.com.mx\/portal\/wp-content\/uploads\/2023\/03\/PaddyDay_170323_GettyImages-1474128997-768x1152.jpg 768w, https:\/\/losperiodistas.com.mx\/portal\/wp-content\/uploads\/2023\/03\/PaddyDay_170323_GettyImages-1474128997-1024x1536.jpg 1024w, https:\/\/losperiodistas.com.mx\/portal\/wp-content\/uploads\/2023\/03\/PaddyDay_170323_GettyImages-1474128997.jpg 1280w\" sizes=\"(max-width: 683px) 100vw, 683px\" \/><figcaption>La Princesa de Gales asiste al desfile de San Patricio en Aldershot\u00a0SAMIR HUSSEIN<\/figcaption><\/figure>\n\n\n\n<p class=\"has-vivid-red-color has-text-color has-medium-font-size\"><strong>STEPHANIE BRIDGER-LINNING \/ VANITY FAIR<\/strong><\/p>\n\n\n\n<p>En los meses transcurridos desde la muerte de la reina Isabel II, la vida de&nbsp;<a href=\"https:\/\/www.revistavanityfair.es\/tags\/kate-middleton\"><strong>Kate Middleton<\/strong><\/a>&nbsp;ha sido una sucesi\u00f3n de \u00abprimeras veces\u00bb. Hoy no ha sido diferente, ya que ha llevado a cabo un compromiso hist\u00f3rico con motivo del D\u00eda de San Patricio.<\/p>\n\n\n\n<figure class=\"wp-block-image is-style-default\"><img decoding=\"async\" src=\"https:\/\/media.revistavanityfair.es\/photos\/64145de625d41a3e680d3af4\/master\/w_1600%2Cc_limit\/PaddyDay_170323_GettyImages-1248437465.jpg\" alt=\"La princesa de Gales entrega el tradicional trbol a la mascota del 1er Batall\u00f3n de Guardias Irlandeses el perro lobero...\"\/><\/figure>\n\n\n\n<p>La princesa de Gales, de 41 a\u00f1os, visit\u00f3 a los Guardias Irlandeses en el desfile del D\u00eda de San Patricio en Aldershot, por primera vez desde que fue nombrada Coronel. Estuvo acompa\u00f1ada por su marido, el\u00a0<a href=\"https:\/\/www.revistavanityfair.es\/tags\/guillermo-windsor\"><strong>pr\u00edncipe Guillermo,<\/strong><\/a>\u00a0que es el Coronel saliente de la Guardia Irlandesa. Tras una reciente visita al Primer Batall\u00f3n de la Guardia Irlandesa en Salisbury Plain, hoy la princesa se ha estrendo en el desfile como Coronel del Regimiento.<\/p>\n\n\n\n<figure class=\"wp-block-image is-style-default\"><img decoding=\"async\" src=\"https:\/\/media.revistavanityfair.es\/photos\/64145de7795695299ee82a4b\/master\/w_1600%2Cc_limit\/PaddyDay_170323_GettyImages-1474130393.jpg\" alt=\"Los pr\u00edncipes de Gales asisten al desfile del D\u00eda de San Patricio\"\/><\/figure>\n\n\n\n<p>Elegante como siempre a pesar del viento y la lluvia,&nbsp;<strong>Kate luci\u00f3 un espectacular conjunto verde<\/strong>&nbsp;en un gui\u00f1o de estilo que dicta la tradici\u00f3n. Combin\u00f3 un abrigo largo de color verde azulado con unos tacones a juego y un sombrero de ala ancha y redecilla. Remataba su conjunto con un ramillete de flores verdes prendido en la solapa.<\/p>\n\n\n\n<p>Durante el acto, la princesa entreg\u00f3 las tradicionales ramitas de tr\u00e9bol a los oficiales y guardias, que a su vez las repartieron entre las filas, y a la mascota del regimiento, el Irish Wolf Hound.<\/p>\n\n\n\n<p>El pr\u00edncipe Guillermo y Kate pronunciaron sendos discursos durante el acto. El pr\u00edncipe declar\u00f3: \u00abAunque estoy muy contento de estar aqu\u00ed celebrando el D\u00eda de San Patricio con ustedes una vez m\u00e1s, estoy muy triste de dar este discurso, ya que esto significa que mi tiempo como su Coronel ha llegado a su fin. Ha sido uno de los mayores honores de mi vida ostentar ese t\u00edtulo; estoy orgulloso de todo lo que representa, al igual que estoy inmensamente orgulloso de cada uno de ustedes\u00bb.<\/p>\n\n\n\n<p>Continu\u00f3 recordando su \u00abprimera experiencia con la Guardia Irlandesa en Sandhurst\u00bb y mencion\u00f3 que el Batall\u00f3n hab\u00eda estado \u00abfirmemente en la parte superior\u00bb de su \u00ablista de deseos personales\u00bb, subrayando que \u201cs\u00f3lo razones operativas me impidieron servir mis a\u00f1os de primera l\u00ednea con The Micks\u201d. Guillermo declar\u00f3 que, no obstante, \u00abdisfrutaba cada oportunidad de visitarlos\u00bb y elogi\u00f3 su \u00abinspirador\u00bb trabajo, diciendo: \u00abse os ha pedido mucho, pero lo hab\u00e9is cumplido con creces\u00bb.<\/p>\n\n\n\n<p>Tambi\u00e9n rindi\u00f3 homenaje al General de Divisi\u00f3n Sir Sebastian Roberts, su predecesor como Coronel, fallecido la semana pasada, y a\u00f1adi\u00f3: \u00abEra, sencillamente, un fen\u00f3meno. Tuve el orgullo de conocerle, y hago llegar mi m\u00e1s sentido p\u00e9same y el de la Coronel Catherine a Lady Roberts y a su familia, y a ustedes, su otra familia: los Guardias Irlandeses\u00bb.<\/p>\n\n\n\n<figure class=\"wp-block-image is-style-default\"><img decoding=\"async\" src=\"https:\/\/media.revistavanityfair.es\/photos\/64145de8795695299ee82a4c\/master\/w_1600%2Cc_limit\/PaddyDay_170323_GettyImages-1474130191.jpg\" alt=\"El Pr\u00edncipe y la Princesa de Gales asisten al desfile del D\u00eda de San Patricio\"\/><\/figure>\n\n\n\n<p>Tras el agridulce discurso, la princesa de Gales transmiti\u00f3 su propio mensaje. \u201cNo podr\u00eda estar m\u00e1s orgullosa de estar hoy aqu\u00ed delante de vosotros. Es un verdadero honor ser vuestra Coronel. Estoy aqu\u00ed para escucharles, apoyarles y defenderles en todo lo que hagan; es una responsabilidad que no me tomo a la ligera. La semana pasada tuve la oportunidad de visitar a algunos de vosotros en Salisbury Plain, para ver con mis propios ojos vuestro inspirador trabajo. El d\u00eda era muy fr\u00edo y, aunque probablemente lo \u00faltimo que quer\u00edais hacer era mostrar vuestras habilidades a otro visitante, lo \u00fanico que vi fue entusiasmo, orgullo y una dedicaci\u00f3n incre\u00edble. Me impresion\u00f3 enormemente vuestra insistencia en que nada es tan malo como parece y, sobre todo, vuestro ilimitado, irreverente y glorioso sentido del humor. Eso es lo que te hace ser quien eres y lo que hace \u00fanica a la Guardia Irlandesa. Estoy deseando pasar m\u00e1s tiempo con vosotros y vuestras familias, y ver vuestro compromiso con el deber y el servicio en todo lo que hac\u00e9is. Antes de terminar, sin embargo, quiero dar las gracias al coronel William. Siempre ha hablado de su gran orgullo por este Regimiento. S\u00e9 que seguir\u00e1 apoy\u00e1ndonos a todos en el trabajo que hacemos\u00bb.<\/p>\n\n\n\n<p><\/p>\n\n\n\n<figure class=\"wp-block-image is-style-default\"><img decoding=\"async\" src=\"https:\/\/media.revistavanityfair.es\/photos\/64145de26dad985f7bccdb3a\/master\/w_1600%2Cc_limit\/1473478323\" alt=\"El Pr\u00edncipe y la Princesa de Gales en el Servicio del D\u00eda de la Commonwealth\"\/><\/figure>\n\n\n\n<p>Despu\u00e9s de la inspecci\u00f3n, los pr\u00edncipes se reunir\u00e1n con los miembros del Regimiento antes de sentarse para las fotograf\u00edas oficiales del Comedor de Oficiales y Sargentos. A continuaci\u00f3n, visitar\u00e1n el comedor de los rangos inferiores, donde el Guardia Mayor del Batall\u00f3n propondr\u00e1 un brindis por Sus Altezas Reales\u00bb.<\/p>\n\n\n\n<p>Este acontecimiento se produce d\u00edas despu\u00e9s de que los pr\u00edncipes de Gales se unieran al rey&nbsp;<a href=\"https:\/\/www.revistavanityfair.es\/tags\/principe-carlos-de-inglaterra\"><strong>Carlos III<\/strong><\/a>, a la reina Consorte y a los condes de Wessex en el Servicio del D\u00eda de la Commonwealth en la Abad\u00eda de Westminster. Kate Middleton luci\u00f3 elegante con una chaqueta&nbsp;<em>peplum<\/em>&nbsp;de inspiraci\u00f3n vintage de Erdem y falda a juego, que complement\u00f3 con pendientes de la princesa Diana y el broche de plumas del pr\u00edncipe de Gales.Tambi\u00e9n te puede interesar:<\/p>\n\n\n\n<ul class=\"wp-block-list\"><li><a href=\"https:\/\/www.revistavanityfair.es\/articulos\/kate-middleton-pendientes-zafiro-de-diana-broche-princesa-de-gales\">Kate Middleton con los pendientes de zafiro de Diana y su nuevo broche de princesa de Gales<\/a><\/li><li><a href=\"https:\/\/www.revistavanityfair.es\/articulos\/kate-middleton-principe-louis-jardin-aire-libre\">Kate Middleton y \u00abla energ\u00eda de Louis cuando llega a casa de la escuela\u00bb<\/a><\/li><li><a href=\"https:\/\/www.revistavanityfair.es\/articulos\/una-princesa-de-camuflaje-kate-middleton-desafia-a-la-nieve-en-una-excursion-militar\">Una princesa de camuflaje: Kate Middleton desaf\u00eda a la nieve en una excursi\u00f3n militar<\/a><\/li><\/ul>\n\n\n\n<p>Fuente: <a href=\"https:\/\/www.revistavanityfair.es\/articulos\/kate-middleton-primer-desfile-san-patricio-como-coronel\">https:\/\/www.revistavanityfair.es\/articulos\/kate-middleton-primer-desfile-san-patricio-como-coronel<\/a><\/p>\n","protected":false},"excerpt":{"rendered":"<p>Los pr\u00edncipes de Gales visitaron a la Guardia Irlandesa y presenciaron el desfile del D\u00eda de San Patricio en Aldershot. [&hellip;]<\/p>\n","protected":false},"author":1,"featured_media":48456,"comment_status":"open","ping_status":"open","sticky":false,"template":"","format":"standard","meta":{"site-sidebar-layout":"default","site-content-layout":"","ast-site-content-layout":"default","site-content-style":"default","site-sidebar-style":"default","ast-global-header-display":"","ast-banner-title-visibility":"","ast-main-header-display":"","ast-hfb-above-header-display":"","ast-hfb-below-header-display":"","ast-hfb-mobile-header-display":"","site-post-title":"","ast-breadcrumbs-content":"","ast-featured-img":"","footer-sml-layout":"","theme-transparent-header-meta":"","adv-header-id-meta":"","stick-header-meta":"","header-above-stick-meta":"","header-main-stick-meta":"","header-below-stick-meta":"","astra-migrate-meta-layouts":"default","ast-page-background-enabled":"default","ast-page-background-meta":{"desktop":{"background-color":"var(--ast-global-color-4)","background-image":"","background-repeat":"repeat","background-position":"center center","background-size":"auto","background-attachment":"scroll","background-type":"","background-media":"","overlay-type":"","overlay-color":"","overlay-opacity":"","overlay-gradient":""},"tablet":{"background-color":"","background-image":"","background-repeat":"repeat","background-position":"center center","background-size":"auto","background-attachment":"scroll","background-type":"","background-media":"","overlay-type":"","overlay-color":"","overlay-opacity":"","overlay-gradient":""},"mobile":{"background-color":"","background-image":"","background-repeat":"repeat","background-position":"center center","background-size":"auto","background-attachment":"scroll","background-type":"","background-media":"","overlay-type":"","overlay-color":"","overlay-opacity":"","overlay-gradient":""}},"ast-content-background-meta":{"desktop":{"background-color":"var(--ast-global-color-5)","background-image":"","background-repeat":"repeat","background-position":"center center","background-size":"auto","background-attachment":"scroll","background-type":"","background-media":"","overlay-type":"","overlay-color":"","overlay-opacity":"","overlay-gradient":""},"tablet":{"background-color":"var(--ast-global-color-5)","background-image":"","background-repeat":"repeat","background-position":"center center","background-size":"auto","background-attachment":"scroll","background-type":"","background-media":"","overlay-type":"","overlay-color":"","overlay-opacity":"","overlay-gradient":""},"mobile":{"background-color":"var(--ast-global-color-5)","background-image":"","background-repeat":"repeat","background-position":"center center","background-size":"auto","background-attachment":"scroll","background-type":"","background-media":"","overlay-type":"","overlay-color":"","overlay-opacity":"","overlay-gradient":""}},"footnotes":""},"categories":[8],"tags":[8620,15595,7552,549],"class_list":["post-48455","post","type-post","status-publish","format-standard","has-post-thumbnail","hentry","category-noticias","tag-irlanda","tag-kate-winddleton","tag-principe-de-gales","tag-san-patricio"],"_links":{"self":[{"href":"https:\/\/losperiodistas.com.mx\/portal\/wp-json\/wp\/v2\/posts\/48455","targetHints":{"allow":["GET"]}}],"collection":[{"href":"https:\/\/losperiodistas.com.mx\/portal\/wp-json\/wp\/v2\/posts"}],"about":[{"href":"https:\/\/losperiodistas.com.mx\/portal\/wp-json\/wp\/v2\/types\/post"}],"author":[{"embeddable":true,"href":"https:\/\/losperiodistas.com.mx\/portal\/wp-json\/wp\/v2\/users\/1"}],"replies":[{"embeddable":true,"href":"https:\/\/losperiodistas.com.mx\/portal\/wp-json\/wp\/v2\/comments?post=48455"}],"version-history":[{"count":1,"href":"https:\/\/losperiodistas.com.mx\/portal\/wp-json\/wp\/v2\/posts\/48455\/revisions"}],"predecessor-version":[{"id":48457,"href":"https:\/\/losperiodistas.com.mx\/portal\/wp-json\/wp\/v2\/posts\/48455\/revisions\/48457"}],"wp:featuredmedia":[{"embeddable":true,"href":"https:\/\/losperiodistas.com.mx\/portal\/wp-json\/wp\/v2\/media\/48456"}],"wp:attachment":[{"href":"https:\/\/losperiodistas.com.mx\/portal\/wp-json\/wp\/v2\/media?parent=48455"}],"wp:term":[{"taxonomy":"category","embeddable":true,"href":"https:\/\/losperiodistas.com.mx\/portal\/wp-json\/wp\/v2\/categories?post=48455"},{"taxonomy":"post_tag","embeddable":true,"href":"https:\/\/losperiodistas.com.mx\/portal\/wp-json\/wp\/v2\/tags?post=48455"}],"curies":[{"name":"wp","href":"https:\/\/api.w.org\/{rel}","templated":true}]}}