{"id":48449,"date":"2023-03-17T09:07:16","date_gmt":"2023-03-17T15:07:16","guid":{"rendered":"http:\/\/losperiodistas.com.mx\/portal\/?p=48449"},"modified":"2023-03-17T09:14:19","modified_gmt":"2023-03-17T15:14:19","slug":"monologos-de-menade-paola-angon-vs-beatriz-perez-round-3","status":"publish","type":"post","link":"https:\/\/losperiodistas.com.mx\/portal\/monologos-de-menade-paola-angon-vs-beatriz-perez-round-3\/","title":{"rendered":"Mon\u00f3logos de M\u00e9nade | Paola Ang\u00f3n vs Beatriz P\u00e9rez\u2026 Round 3!!!"},"content":{"rendered":"\n<figure class=\"wp-block-image size-large is-style-default\"><img fetchpriority=\"high\" decoding=\"async\" width=\"1024\" height=\"576\" src=\"https:\/\/losperiodistas.com.mx\/portal\/wp-content\/uploads\/2023\/03\/Paola-Angon-vs-Beatriz-Perez-1024x576.jpg\" alt=\"\" class=\"wp-image-48452\" srcset=\"https:\/\/losperiodistas.com.mx\/portal\/wp-content\/uploads\/2023\/03\/Paola-Angon-vs-Beatriz-Perez-1024x576.jpg 1024w, https:\/\/losperiodistas.com.mx\/portal\/wp-content\/uploads\/2023\/03\/Paola-Angon-vs-Beatriz-Perez-300x169.jpg 300w, https:\/\/losperiodistas.com.mx\/portal\/wp-content\/uploads\/2023\/03\/Paola-Angon-vs-Beatriz-Perez-768x432.jpg 768w, https:\/\/losperiodistas.com.mx\/portal\/wp-content\/uploads\/2023\/03\/Paola-Angon-vs-Beatriz-Perez.jpg 1200w\" sizes=\"(max-width: 1024px) 100vw, 1024px\" \/><\/figure>\n\n\n\n<p><\/p>\n\n\n\n<p class=\"has-vivid-red-color has-text-color\" style=\"font-size:26px\"><strong><em>Por Itandehui Rodr\u00edguez<\/em><\/strong><\/p>\n\n\n\n<p>@Itandehui_Roma<\/p>\n\n\n\n<p>Si no se saben el chisme se los cuento r\u00e1pido y, si se lo saben, se los actualizo. El conflicto entre la regidora de San Pedro Cholula, Beatriz P\u00e9rez Fragoso y Paola Ang\u00f3n, la alcaldesa, no es nuevo.<\/p>\n\n\n\n<p>La regidora fue reelecta y fue cuota del PRI.<\/p>\n\n\n\n<p>Se encarg\u00f3 de movilizar a la estructura tricolor en la zona para as\u00ed, alzarse con el triunfo opositor en ese municipio y es que, debemos recordar, que Paola Ang\u00f3n y su planilla, vencieron a Julio Lorenzini.<\/p>\n\n\n\n<p>Round 1\u2026 Fight!!!<\/p>\n\n\n\n<p>Espero que hayan le\u00eddo lo de arriba y recordado \u2018Street Fighter\u2019\u2026 prosigamos.<\/p>\n\n\n\n<p>Ya en el cargo, a Beatriz se le olvid\u00f3 que qui\u00e9n la hab\u00eda impulsado para poder reelegirse, fue Leobardo Soto. No, no lleg\u00f3 porque era la operadora que Cholula y la zona conurbada esperaban, sino porque fue cuota de la CTM.<\/p>\n\n\n\n<p>Normalmente cu\u00e1ndo a una o uno se le olvida de d\u00f3nde viene, tampoco va a saber a d\u00f3nde dirigirse.<\/p>\n\n\n\n<p>Sin rumbo y sin grupo, Beatriz decidi\u00f3 que lo mejor ser\u00eda sumarse al bloque opositor en el Cabildo.<\/p>\n\n\n\n<p>Y parec\u00eda un paso l\u00f3gico, finalmente la presidenta municipal ha tenido conflictos con la mitad de los regidores\u2026 y con la mitad de Cholula.<\/p>\n\n\n\n<p>Al final, el enemigo de tu enemigo es tu amigo. As\u00ed que se sum\u00f3 en varios temas al bloque de Alejandro Oaxaca.<\/p>\n\n\n\n<p>Te recomendamos:&nbsp;<a href=\"https:\/\/www.apartadomex.com\/opinion\/monologos-de-menade\/la-lluvia-de-gonzalo-gutierrez-gomez\/6047\/\" target=\"_blank\" rel=\"noreferrer noopener\">La lluvia de Gonzalo Guti\u00e9rrez G\u00f3mez<\/a>.<\/p>\n\n\n\n<p>Round 2\u2026 Fight!!!<\/p>\n\n\n\n<p>\u00bfAhora s\u00ed lo leyeron pensando en el videojuego?<\/p>\n\n\n\n<p>Acto seguido, la Contralor\u00eda de Cholula actu\u00f3 en su contra pues, a su decir, estaba cobrando una plaza como empleada del ayuntamiento y, adem\u00e1s, su sueldo como regidora. \u00bfD\u00f3nde se ha visto eso?<\/p>\n\n\n\n<p>El Ayuntamiento separ\u00f3 a la funcionaria de su cargo en el cabildo y solicit\u00f3 al Congreso que atrajera el caso para su destituci\u00f3n.<\/p>\n\n\n\n<p>Y como en San Pedro, un d\u00eda amanece siendo San Pedro Cholula y otro, \u2018San Pedro de los Saguaros\u2019, &nbsp;Paola Ang\u00f3n decidi\u00f3 convocar a la suplente de Beatriz para que rindiera protesta, porque, \u00bfpara qu\u00e9 esperar al Congreso?<\/p>\n\n\n\n<p>Y como el Poder Legislativo de este estado no se rige por los usos y costumbres de \u2018San Pedro de los Saguaros\u2019, obviamente el movimiento no pudo concretarse.<\/p>\n\n\n\n<p>Por su parte, Beatriz ingres\u00f3 escritos al Congreso Local para que velara por el debido proceso y, adem\u00e1s, present\u00f3 una denuncia por violencia pol\u00edtica de g\u00e9nero.<\/p>\n\n\n\n<p>&nbsp;Round 3\u2026 Fight!!!<\/p>\n\n\n\n<p>\u00a1Eso! Ahora s\u00ed ya se la saben\u2026<\/p>\n\n\n\n<p>El d\u00eda de ayer el Tercer Tribunal Colegiado en Materia Administrativa del Sexto Circuito declar\u00f3 fundado el recurso de la queja de P\u00e9rez Fragoso, por lo que debe reincorporarse inmediatamente al Cabildo. A las 12 del d\u00eda de hoy, la Contralor\u00eda recibir\u00e1 el documento y tendr\u00e1 que reinstalar a la funcionaria.<\/p>\n\n\n\n<p>\u00bfHabr\u00e1 Round 4? \u00a1Hoy mismo lo sabremos, pero se va a poner bueno!<\/p>\n\n\n\n<p><\/p>\n","protected":false},"excerpt":{"rendered":"<p>Por Itandehui Rodr\u00edguez @Itandehui_Roma Si no se saben el chisme se los cuento r\u00e1pido y, si se lo saben, se [&hellip;]<\/p>\n","protected":false},"author":1,"featured_media":48452,"comment_status":"open","ping_status":"open","sticky":false,"template":"","format":"standard","meta":{"site-sidebar-layout":"default","site-content-layout":"","ast-site-content-layout":"default","site-content-style":"default","site-sidebar-style":"default","ast-global-header-display":"","ast-banner-title-visibility":"","ast-main-header-display":"","ast-hfb-above-header-display":"","ast-hfb-below-header-display":"","ast-hfb-mobile-header-display":"","site-post-title":"","ast-breadcrumbs-content":"","ast-featured-img":"","footer-sml-layout":"","theme-transparent-header-meta":"","adv-header-id-meta":"","stick-header-meta":"","header-above-stick-meta":"","header-main-stick-meta":"","header-below-stick-meta":"","astra-migrate-meta-layouts":"default","ast-page-background-enabled":"default","ast-page-background-meta":{"desktop":{"background-color":"var(--ast-global-color-4)","background-image":"","background-repeat":"repeat","background-position":"center center","background-size":"auto","background-attachment":"scroll","background-type":"","background-media":"","overlay-type":"","overlay-color":"","overlay-opacity":"","overlay-gradient":""},"tablet":{"background-color":"","background-image":"","background-repeat":"repeat","background-position":"center center","background-size":"auto","background-attachment":"scroll","background-type":"","background-media":"","overlay-type":"","overlay-color":"","overlay-opacity":"","overlay-gradient":""},"mobile":{"background-color":"","background-image":"","background-repeat":"repeat","background-position":"center center","background-size":"auto","background-attachment":"scroll","background-type":"","background-media":"","overlay-type":"","overlay-color":"","overlay-opacity":"","overlay-gradient":""}},"ast-content-background-meta":{"desktop":{"background-color":"var(--ast-global-color-5)","background-image":"","background-repeat":"repeat","background-position":"center center","background-size":"auto","background-attachment":"scroll","background-type":"","background-media":"","overlay-type":"","overlay-color":"","overlay-opacity":"","overlay-gradient":""},"tablet":{"background-color":"var(--ast-global-color-5)","background-image":"","background-repeat":"repeat","background-position":"center center","background-size":"auto","background-attachment":"scroll","background-type":"","background-media":"","overlay-type":"","overlay-color":"","overlay-opacity":"","overlay-gradient":""},"mobile":{"background-color":"var(--ast-global-color-5)","background-image":"","background-repeat":"repeat","background-position":"center center","background-size":"auto","background-attachment":"scroll","background-type":"","background-media":"","overlay-type":"","overlay-color":"","overlay-opacity":"","overlay-gradient":""}},"footnotes":""},"categories":[8,22],"tags":[15594,7184],"class_list":["post-48449","post","type-post","status-publish","format-standard","has-post-thumbnail","hentry","category-noticias","category-opinion-invitada","tag-beatriz-perez-fragoso","tag-paola-angon"],"_links":{"self":[{"href":"https:\/\/losperiodistas.com.mx\/portal\/wp-json\/wp\/v2\/posts\/48449","targetHints":{"allow":["GET"]}}],"collection":[{"href":"https:\/\/losperiodistas.com.mx\/portal\/wp-json\/wp\/v2\/posts"}],"about":[{"href":"https:\/\/losperiodistas.com.mx\/portal\/wp-json\/wp\/v2\/types\/post"}],"author":[{"embeddable":true,"href":"https:\/\/losperiodistas.com.mx\/portal\/wp-json\/wp\/v2\/users\/1"}],"replies":[{"embeddable":true,"href":"https:\/\/losperiodistas.com.mx\/portal\/wp-json\/wp\/v2\/comments?post=48449"}],"version-history":[{"count":2,"href":"https:\/\/losperiodistas.com.mx\/portal\/wp-json\/wp\/v2\/posts\/48449\/revisions"}],"predecessor-version":[{"id":48454,"href":"https:\/\/losperiodistas.com.mx\/portal\/wp-json\/wp\/v2\/posts\/48449\/revisions\/48454"}],"wp:featuredmedia":[{"embeddable":true,"href":"https:\/\/losperiodistas.com.mx\/portal\/wp-json\/wp\/v2\/media\/48452"}],"wp:attachment":[{"href":"https:\/\/losperiodistas.com.mx\/portal\/wp-json\/wp\/v2\/media?parent=48449"}],"wp:term":[{"taxonomy":"category","embeddable":true,"href":"https:\/\/losperiodistas.com.mx\/portal\/wp-json\/wp\/v2\/categories?post=48449"},{"taxonomy":"post_tag","embeddable":true,"href":"https:\/\/losperiodistas.com.mx\/portal\/wp-json\/wp\/v2\/tags?post=48449"}],"curies":[{"name":"wp","href":"https:\/\/api.w.org\/{rel}","templated":true}]}}