{"id":48445,"date":"2023-03-17T08:50:09","date_gmt":"2023-03-17T14:50:09","guid":{"rendered":"http:\/\/losperiodistas.com.mx\/portal\/?p=48445"},"modified":"2023-03-17T08:50:11","modified_gmt":"2023-03-17T14:50:11","slug":"el-fantasma-de-lehman-brothers-vuelve-a-sacudir-a-la-banca-y-la-situa-en-el-ojo-del-huracan-rtve","status":"publish","type":"post","link":"https:\/\/losperiodistas.com.mx\/portal\/el-fantasma-de-lehman-brothers-vuelve-a-sacudir-a-la-banca-y-la-situa-en-el-ojo-del-huracan-rtve\/","title":{"rendered":"El fantasma de Lehman Brothers vuelve a sacudir a la banca y la sit\u00faa en el ojo del hurac\u00e1n | RTVE"},"content":{"rendered":"\n<ul class=\"has-luminous-vivid-amber-background-color has-background has-medium-font-size wp-block-list\"><li>El desplome de Credit Suisse d\u00edas despu\u00e9s del cierre de Silicon Valley Bank azuz\u00f3 el miedo a un contagio por el sistema bancario<\/li><li>Economistas y autoridades repiten que la regulaci\u00f3n y supervisi\u00f3n se reforz\u00f3 despu\u00e9s de 2008 para evitar que se repitiera<\/li><\/ul>\n\n\n\n<figure class=\"wp-block-image size-large is-style-default\"><img fetchpriority=\"high\" decoding=\"async\" width=\"1024\" height=\"576\" src=\"https:\/\/losperiodistas.com.mx\/portal\/wp-content\/uploads\/2023\/03\/descarga-2-1024x576.jpeg\" alt=\"\" class=\"wp-image-48446\" srcset=\"https:\/\/losperiodistas.com.mx\/portal\/wp-content\/uploads\/2023\/03\/descarga-2-1024x576.jpeg 1024w, https:\/\/losperiodistas.com.mx\/portal\/wp-content\/uploads\/2023\/03\/descarga-2-300x169.jpeg 300w, https:\/\/losperiodistas.com.mx\/portal\/wp-content\/uploads\/2023\/03\/descarga-2-768x432.jpeg 768w, https:\/\/losperiodistas.com.mx\/portal\/wp-content\/uploads\/2023\/03\/descarga-2-1536x864.jpeg 1536w, https:\/\/losperiodistas.com.mx\/portal\/wp-content\/uploads\/2023\/03\/descarga-2.jpeg 1600w\" sizes=\"(max-width: 1024px) 100vw, 1024px\" \/><figcaption>La silueta de un hombre que pasa por delante de una sucursal del banco Credit Suisse en Vevey, Suiza\u00a0<em>CROPPER<\/em><\/figcaption><\/figure>\n\n\n\n<p class=\"has-vivid-red-color has-text-color has-medium-font-size\"><strong>SOF\u00cdA SOLER \/ RTVE<\/strong><\/p>\n\n\n\n<p>Un&nbsp;<em>fantasma&nbsp;<\/em>se pasea por los vest\u00edbulos de los&nbsp;<a href=\"https:\/\/www.rtve.es\/temas\/banca\/4650\/300\/%C2%A0\" target=\"_blank\" rel=\"noreferrer noopener\">bancos<\/a>&nbsp;en&nbsp;<a href=\"https:\/\/www.rtve.es\/temas\/europa\/1021\/\" target=\"_blank\" rel=\"noreferrer noopener\">Europa<\/a>&nbsp;y&nbsp;<a href=\"https:\/\/www.rtve.es\/temas\/estados-unidos\/1307\/\" target=\"_blank\" rel=\"noreferrer noopener\">Estados Unidos<\/a>&nbsp;tras la&nbsp;<a href=\"https:\/\/www.rtve.es\/noticias\/20230310\/silicon-valley-bank-caida-bolsa-eeuu\/2431123.shtml\" target=\"_blank\" rel=\"noreferrer noopener\">quiebra del Silicon Valley Bank (SVB)&nbsp;<\/a>y la&nbsp;<a href=\"https:\/\/www.rtve.es\/noticias\/20230315\/ibex-cae-tras-apertura-cede-2-ciento-pierde-soporte-9000-puntos\/2431790.shtml\" target=\"_blank\" rel=\"noreferrer noopener\">ca\u00edda burs\u00e1til del Credit Suisse<\/a>.<strong>&nbsp;El temor a volver a vivir lo ocurrido en 2008 con el colapso de&nbsp;<a href=\"https:\/\/https\/\/www.rtve.es\/noticias\/\/lehman-brothers\/\" target=\"_blank\" rel=\"noreferrer noopener\">Lehman Brothers<\/a>&nbsp;y la&nbsp;<a href=\"https:\/\/www.rtve.es\/temas\/crisis-economica\/5230\/\" target=\"_blank\" rel=\"noreferrer noopener\">Gran Recesi\u00f3n<\/a>&nbsp;<\/strong>que vino despu\u00e9s pone de nuevo al sector financiero en el ojo del hurac\u00e1n. Aunque el mundo ha cambiado algo desde entonces.&nbsp;<\/p>\n\n\n\n<p>\u00abLa crisis financiera a ra\u00edz de Lehman Brothers puso en marcha todo un conjunto de&nbsp;<strong>procesos supervisores, reguladores y bancos centrales para hacer el sistema mucho m\u00e1s resiliente\u00bb,&nbsp;<\/strong>ha defendido este jueves el ministro de&nbsp;<a href=\"https:\/\/www.rtve.es\/temas\/ministerio-de-inclusion-seguridad-social-y-migraciones\/129553\/\" target=\"_blank\" rel=\"noreferrer noopener\">Inclusi\u00f3n, Seguridad Social y Migraciones<\/a>,&nbsp;<a href=\"https:\/\/www.rtve.es\/temas\/jose-luis-escriva\/129556\/\" target=\"_blank\" rel=\"noreferrer noopener\">Jos\u00e9 Luis Escriv\u00e1<\/a>, y ha insistido en el mensaje de tranquilidad que mandaron en la v\u00edspera<a href=\"https:\/\/www.rtve.es\/noticias\/20230315\/sanchez-llama-prudencia-defiende-solvencia-banca-europea\/2431848.shtml\" target=\"_blank\" rel=\"noreferrer noopener\">&nbsp;el presidente del Gobierno<\/a>&nbsp;y las ministras de Econom\u00eda y Hacienda.<\/p>\n\n\n\n<p>Es, de hecho, el principal argumento que esgrimen los analistas, que destacan a su vez una distancia con la crisis bancaria estadounidense que proteger\u00eda a Europa del contagio. \u00abHay un universo radicalmente distinto en materia de\u00a0<strong>regulaci\u00f3n<\/strong>, pero tambi\u00e9n incluso de la naturaleza y el\u00a0<strong>negocio\u00a0<\/strong>de los bancos\u00bb, ha valorado el economista Javier Santacruz, en una entrevista en\u00a0<em>La hora de la 1<\/em>, de TVE.<img decoding=\"async\" src=\"https:\/\/img2.rtve.es\/v\/6835586?w=1600&amp;preview=1678957825287.jpg\" alt=\"Santacruz: &quot;Estamos poco expuestos a los cr\u00e9ditos y a las operaciones de los grandes bancos europeos&quot; - Ver ahora\"><a href=\"https:\/\/www.rtve.es\/play\/videos\/la-hora-de-la-1\/hablamos-economista-javier-santacruz\/6835586\/\">15.34 min<\/a>Santacruz: <a href=\"https:\/\/www.rtve.es\/play\/videos\/la-hora-de-la-1\/hablamos-economista-javier-santacruz\/6835586\/\">\u00abEstamos poco expuestos a los cr\u00e9ditos y a las operaciones de los grandes bancos europeos\u00bb &#8211; <\/a>Ver ahora<\/p>\n\n\n\n<h3 class=\"wp-block-heading\"><strong>Las lecciones del 2008: \u00bfen qu\u00e9 ha cambiado el sistema?<\/strong><\/h3>\n\n\n\n<p>Pero, \u00bfen qu\u00e9 se traducen esas \u00ablecciones extra\u00eddas\u00bb de la crisis financiera de 2008 que, seg\u00fan afirm\u00f3 el presidente&nbsp;<a href=\"https:\/\/www.rtve.es\/temas\/pedro-sanchez\/78071\/\" target=\"_blank\" rel=\"noreferrer noopener\">Pedro S\u00e1nchez<\/a>, acabaron con la \u00abdesregulaci\u00f3n\u00bb que sufr\u00eda el sector?<\/p>\n\n\n\n<p>Para responder, es necesario reparar en cu\u00e1l era la situaci\u00f3n antes de aquello. En 1999, Estados Unidos derog\u00f3 la ley Glass-Steagall que regulaba el sistema financiero desde 1933 y terminaba con la separaci\u00f3n entre banca comercial (ahorros, pr\u00e9stamos) y la de inversi\u00f3n (m\u00e1s riesgo). Esa&nbsp;<strong>desregulaci\u00f3n bancaria&nbsp;<\/strong>dio adem\u00e1s rienda suelta a que los bancos se endeudaran m\u00e1s y asumieran m\u00e1s riesgos, con la concesi\u00f3n de cr\u00e9ditos&nbsp;<em>subprime<\/em>, hipotecas \u00abbasura\u00bb y la venta de paquetes de pr\u00e9stamos, entre otros. As\u00ed, cuando la crisis inmobiliaria encendi\u00f3 la primera chispa, los impagos se extendieron por la red sin cortafuegos.<\/p>\n\n\n\n<p>\u00abYo estaba ya aqu\u00ed en 2008 y, por lo tanto, s\u00e9 claramente lo que ha ocurrido y lo que tuvimos que hacer\u00bb, ha replicado la presidenta del Banco Central Europeo, Christine Lagarde, ante las dudas planteadas por los periodistas tras anunciar la subida de tipo de inter\u00e9s, tal y como avanz\u00f3 hace un mes. La directiva sacaba as\u00ed pecho por la reforma de la regulaci\u00f3n bancaria llevada a cabo desde 2010 con los llamados\u00a0<strong>Acuerdos de Basilea III:\u00a0<\/strong>\u00abAumentamos la ratio de capital, la ratio de cobertura financiera y creo que\u00a0<strong>el sistema bancario est\u00e1 ahora en una posici\u00f3n mucho m\u00e1s fuerte\u00bb.<\/strong><\/p>\n\n\n\n<p class=\"has-cyan-bluish-gray-background-color has-background\"><a href=\"https:\/\/www.rtve.es\/noticias\/20180914\/diez-anos-caida-lehman-brothers-simbolo-gran-recesion\/1794720.shtml\"><strong>Diez a\u00f1os de la ca\u00edda de Lehman Brothers, el s\u00edmbolo de la Gran Recesi\u00f3n<\/strong><em>PEDRO L. MANJ\u00d3N<\/em><\/a><\/p>\n\n\n\n<h3 class=\"wp-block-heading\"><strong>El miedo a un contagio se extiende a un lado y otro del charco<\/strong><\/h3>\n\n\n\n<p>El desplome de&nbsp;Credit Suisse d\u00edas despu\u00e9s del cierre de Silicon Valley Bank azuz\u00f3 el miedo a un contagio por el sistema bancario europeo, pese a que los hechos no est\u00e1n directamente relacionados entre s\u00ed. Las comparaciones est\u00e1n siendo inevitables. En opini\u00f3n de Patricia Su\u00e1rez, presidenta de la Asociaci\u00f3n Usuarios Financieros (ASUFIN), es precisamente el marco de Basilea lo que hoy puede<strong>&nbsp;<\/strong>certificar cierta solidez y solvencia a las entidades de este lado del charco.&nbsp;<\/p>\n\n\n\n<p><strong>\u00abEn Europa, a los bancos se les somete a una serie de pruebas estresantes de todo tipo.&nbsp;<\/strong>Sin embargo, la Reserva Federal decidi\u00f3 que a los bancos grandes les somet\u00eda a todo, pero a los m\u00e1s peque\u00f1os, como puede ser el Silicon Valley, no. Y por ah\u00ed se les ha escapado esta crisis\u00bb, ha comentado este jueves en una entrevista en La hora de la 1.<\/p>\n\n\n\n<p>\u00abEs evidente que ha habido fallos de control, empezando por el supervisor, la Reserva Federal\u00bb, ha coincidido Julio Rodr\u00edguez, de Economistas frente a la crisis, en declaraciones a RTVE.es. \u00c9l considera que esta crisis tendr\u00e1 \u00abalcance limitado\u00bb, de acuerdo con los indicios hasta ahora, aunque tampoco se puede descartar que aparezcan otros \u00abcisnes negros\u00bb, como Credit Suisse, que ya ven\u00eda arrastrando problemas y esc\u00e1ndalos. \u00abEl negocio bancario es muy sist\u00e9mico (&#8230;)&nbsp;<strong>cuando un banco entra en situaci\u00f3n de clara quiebra, autom\u00e1ticamente todo el mundo empieza a mirar qu\u00e9 banco tiene debilidades\u00bb<\/strong>, ha se\u00f1alado Rodr\u00edguez.<\/p>\n\n\n\n<p>Porque no solo se trata de prevenir quiebras puntuales, sino tambi\u00e9n de c\u00f3mo actuar cuando ya hay problemas. \u00abEn ese sentido\u00a0<strong>se ha seguido pr\u00e1cticamente al mil\u00edmetro el protocolo<\/strong>\u00a0que se estableci\u00f3 hace m\u00e1s de diez a\u00f1os\u00bb, ha asegurado el economista Javier Santacruz. \u00bfC\u00f3mo? Primero, con el supervisor de Credit Suisse \u2014el Banco Nacional de Suiza\u2014 concedi\u00e9ndole un pr\u00e9stamo de 50.000 millones de francos suizos para asegurar su liquidez. Y despu\u00e9s, con el Banco Central Europeo pidiendo a todas sus entidades supervisadas que midan su exposici\u00f3n a los riesgos. \u00abEstamos dentro de lo que es una<strong>\u00a0crisis bancaria bastante cl\u00e1sica<\/strong>. Hemos visto unas cuantas a lo largo de los \u00faltimos a\u00f1os\u00bb, ha agregado Santacruz.<\/p>\n\n\n\n<p class=\"has-cyan-bluish-gray-background-color has-background\"><a href=\"https:\/\/www.rtve.es\/noticias\/20230315\/credit-suisse-se-desploma-20-ciento-bolsa-ante-falta-apoyo-banca-saudi\/2431811.shtml\"><strong>El Banco Suizo proporcionar\u00e1 liquidez al Credit Suisse si la necesita tras cundir el miedo en el sector bancario<\/strong><\/a><\/p>\n\n\n\n<h3 class=\"wp-block-heading\"><strong>Miradas al pasado<\/strong><\/h3>\n\n\n\n<p>Entre las comparativas con la crisis del 2008 que se han escuchado estos d\u00edas, est\u00e1 tambi\u00e9n<strong>&nbsp;la sombra del rescate bancario<\/strong>. \u00abPara m\u00ed, la clave es que no haya dinero del contribuyente, porque hemos estado 15 a\u00f1os redefiniendo las normas bancarias para que no se generen esos incentivos perversos, que hacen que los bancos asuman excesivos riesgos\u00bb, apunt\u00f3 a este respecto Santiago Carb\u00f3, director de Estudios Financieros del centro de an\u00e1lisis FUNCAS, en una entrevista en RNE este lunes&nbsp;tras la quiebra Silicon Valley Bank.<\/p>\n\n\n\n<p>Por ello, el presidente estadounidense Joe Biden quiso dejar claro desde un primer momento que<a href=\"https:\/\/www.rtve.es\/noticias\/20230313\/eeuu-lanza-plan-para-proteger-depositos-del-svb\/2431372.shtml\" target=\"_blank\" rel=\"noreferrer noopener\"><strong>&nbsp;las arcas del Estado&nbsp;no asumir\u00edan las p\u00e9rdidas.&nbsp;<\/strong><\/a>Las operaciones para garantizar los dep\u00f3sitos del Silicon Valley Bank, mayoritariamente de startups tecnol\u00f3gicas, correr\u00edan a cuenta del fondo que nutren los mismos bancos para estos supuestos. Los inversores, en cambio, no ser\u00edan rescatados. \u00abHicieron una apuesta a sabiendas, y la perdieron. El capitalismo va de eso\u00bb, remach\u00f3.<\/p>\n\n\n\n<p>En declaraciones a RTVE.es, Carb\u00f3\u00a0juzga que la situaci\u00f3n ahora se asemeja m\u00e1s a\u00a0<strong>la crisis de las cajas de ahorros estadounidenses<\/strong>\u00a0en los a\u00f1os 80, pero con una diferencia fundamental:\u00a0\u00abLos mercados financieros ahora est\u00e1n mucho m\u00e1s integrados e interconectados, con lo que se transmiten m\u00e1s los problemas\u00bb.<\/p>\n\n\n\n<p class=\"has-text-align-left\"><img decoding=\"async\" src=\"https:\/\/img2.rtve.es\/a\/6833555?w=1600&amp;preview=1678740183249.jpg\" alt=\"24 horas - Santiago Carb\u00f3, economista: &quot;Hemos aprendido de 2008&quot; - Escuchar ahora\"><a href=\"https:\/\/www.rtve.es\/play\/audios\/24-horas\/santiago-carbo-economista-hemos-aprendido-2008\/6833555\/\">07.23 min24 horas &#8211; Santiago Carb\u00f3, economista: \u00abHemos aprendido de 2008\u00bb<\/a> &#8211; Escuchar ahora<\/p>\n\n\n\n<h3 class=\"wp-block-heading\"><strong>Las autoridades p\u00fablicas y privadas defienden la \u00absolidez\u00bb&nbsp;del sistema<\/strong><\/h3>\n\n\n\n<p>Ante ese riesgo, y mientras se apagan los fuegos en California y Suiza, las autoridades en Espa\u00f1a tratan de&nbsp;<strong>reforzar la confianza<\/strong>&nbsp;en el sistema bancario aqu\u00ed. El presidente de la CEOE, Antonio Garamendi, ha destacado \u00abla robustez y fortaleza\u00bb del sector espa\u00f1ol, al tiempo que la presidenta de la Asociaci\u00f3n Espa\u00f1ola de Banca, Alejandra Kindel\u00e1n, ha&nbsp;<strong><a href=\"https:\/\/www.rtve.es\/noticias\/20230316\/banca-espanola-asegura-rotundamente-no-hay-riesgo-contagio-credit-suisse\/2431935.shtml\" target=\"_blank\" rel=\"noreferrer noopener\">negado \u00abrotundamente\u00bb&nbsp;<\/a>que haya riesgo de contagio por el Credit Suisse<\/strong>.<\/p>\n\n\n\n<p>\u00abLlevamos meses oyendo informaciones, es un banco que ten\u00eda sus dificultades\u00bb, ha subrayado Kindel\u00e1n sobre un acontecimiento que la vicepresidenta econ\u00f3mica, Nadia Calvi\u00f1o, ha tachado de igualmente de \u00ab\u00fanico e idiosincr\u00e1tico\u00bb.&nbsp;<\/p>\n\n\n\n<p>La l\u00edder de la patronal bancaria ha reparado tambi\u00e9n en la crisis estadounidense y ha\u00a0recordado que<strong>\u00a0Silicon Valley Bank\u00a0es una entidad de cr\u00e9dito que \u00abno tiene nada que ver\u00bb con las espa\u00f1olas.<\/strong>\u00a0Del mismo modo, la subgobernadora del Banco de Espa\u00f1a, Margarita Delgado, lo ha calificado de \u00abbanco nicho\u00bb, por su\u00a0escasa diversificaci\u00f3n de clientes y su apuesta por la inversi\u00f3n en renta fija a largo plazo, una decisi\u00f3n que le ha dejado muy expuesto\u00a0a la subida de tipos de inter\u00e9s. Adem\u00e1s, ha apuntado, apenas el 11% de sus dep\u00f3sitos estaban garantizados, mientras el promedio en Espa\u00f1a alcanza el 66%.<\/p>\n\n\n\n<figure class=\"wp-block-image size-large is-style-default\"><img decoding=\"async\" width=\"1024\" height=\"714\" src=\"https:\/\/losperiodistas.com.mx\/portal\/wp-content\/uploads\/2023\/03\/Captura-de-Pantalla-2023-03-17-a-las-8.44.47-1024x714.jpg\" alt=\"\" class=\"wp-image-48447\" srcset=\"https:\/\/losperiodistas.com.mx\/portal\/wp-content\/uploads\/2023\/03\/Captura-de-Pantalla-2023-03-17-a-las-8.44.47-1024x714.jpg 1024w, https:\/\/losperiodistas.com.mx\/portal\/wp-content\/uploads\/2023\/03\/Captura-de-Pantalla-2023-03-17-a-las-8.44.47-300x209.jpg 300w, https:\/\/losperiodistas.com.mx\/portal\/wp-content\/uploads\/2023\/03\/Captura-de-Pantalla-2023-03-17-a-las-8.44.47-768x536.jpg 768w, https:\/\/losperiodistas.com.mx\/portal\/wp-content\/uploads\/2023\/03\/Captura-de-Pantalla-2023-03-17-a-las-8.44.47-1536x1071.jpg 1536w, https:\/\/losperiodistas.com.mx\/portal\/wp-content\/uploads\/2023\/03\/Captura-de-Pantalla-2023-03-17-a-las-8.44.47.jpg 1640w\" sizes=\"(max-width: 1024px) 100vw, 1024px\" \/><\/figure>\n\n\n\n<h3 class=\"wp-block-heading\"><strong>Y entonces, \u00bfpor qu\u00e9 reacciona as\u00ed&nbsp;la Bolsa espa\u00f1ola y europea?<\/strong><\/h3>\n\n\n\n<p>El mi\u00e9rcoles Credit Suisse se desplom\u00f3 en&nbsp;<strong>Bolsa&nbsp;<\/strong>hasta m\u00ednimos hist\u00f3ricos (por debajo de los 2 francos suizos) y arrastr\u00f3 a los mercados europeos. Antes, el colapso de Silicon Valley Bank provoc\u00f3 la p\u00e9rdida de m\u00e1s de un 5% de Banco Sabadell y Santander en el parqu\u00e9 de Madrid. \u00abLos mercados a corto plazo son nerviosos\u00bb, ha tranquilizado el jueves&nbsp;<a href=\"https:\/\/www.rtve.es\/play\/audios\/las-mananas-de-rne-con-inigo-alfonso\/sistema-pensiones-escriva\/6835563\/\" target=\"_blank\" rel=\"noreferrer noopener\">el ministro Escriv\u00e1 en RNE.<\/a><\/p>\n\n\n\n<p>Y as\u00ed ha sido.&nbsp;<a href=\"https:\/\/www.rtve.es\/noticias\/20230316\/bolsas-europeas-efectos-credit-suisse-decision-tipos-bce\/2431910.shtml\" target=\"_blank\" rel=\"noreferrer noopener\">Los valores se recuperaron por la tarde<\/a>&nbsp;y<strong>&nbsp;tanto el IBEX 35 como las Bolsas de Par\u00eds, Fr\u00e1ncfort, Mil\u00e1n o Londres&nbsp;cerraron en verde<\/strong>, tras el pr\u00e9stamo concedido a&nbsp;Credit Suisse y&nbsp;<a href=\"https:\/\/www.rtve.es\/noticias\/20230316\/bce-tipos-interes-alerta-mercados-silicon-valley-bank-credit-suisse\/2431618.shtml\" target=\"_blank\" rel=\"noreferrer noopener\">la decisi\u00f3n del Banco Central Europeo de elevar los tipos de inter\u00e9s en 50 puntos b\u00e1sicos<\/a>&nbsp;para contener la inflaci\u00f3n.&nbsp;<\/p>\n\n\n\n<p>\u00abLas ca\u00eddas que se han producido en estos \u00faltimos d\u00edas&nbsp;pr\u00e1cticamente van en el mismo orden que las subidas de los \u00faltimos meses. Cuanto m\u00e1s hab\u00edan&nbsp;subido varios de ellos, m\u00e1s han ca\u00eddo esta semana\u00bb, ha comentado el economista Javier Santacruz antes del cierre en verde por la tarde. Seg\u00fan ha explicado, la tendencia al alza hasta ahora ven\u00eda propulsada por el incremento de los m\u00e1rgenes de beneficio unidos a la subida de los tipos de inter\u00e9s.&nbsp;La inc\u00f3gnita ahora de qu\u00e9 lado se decantar\u00e1n los mercados.<\/p>\n\n\n\n<p><strong>\u00abEl problema es que las dudas contin\u00faen<\/strong>. Y entonces ah\u00ed s\u00ed que tenemos un problema\u00bb, ha reconocido Carb\u00f3. \u00abLa confianza es cr\u00edtica para funcionamiento del sistema financiero, por los ahorros, por los inversores, por todo\u2026\u00bb.\u00a0<\/p>\n\n\n\n<p>Fuente: <a href=\"https:\/\/www.rtve.es\/noticias\/20230317\/inquietud-bancos-diferencias-lehman-brothers\/2431940.shtml\">https:\/\/www.rtve.es\/noticias\/20230317\/inquietud-bancos-diferencias-lehman-brothers\/2431940.shtml<\/a><\/p>\n","protected":false},"excerpt":{"rendered":"<p>El desplome de Credit Suisse d\u00edas despu\u00e9s del cierre de Silicon Valley Bank azuz\u00f3 el miedo a un contagio por [&hellip;]<\/p>\n","protected":false},"author":1,"featured_media":48446,"comment_status":"open","ping_status":"open","sticky":false,"template":"","format":"standard","meta":{"site-sidebar-layout":"default","site-content-layout":"","ast-site-content-layout":"default","site-content-style":"default","site-sidebar-style":"default","ast-global-header-display":"","ast-banner-title-visibility":"","ast-main-header-display":"","ast-hfb-above-header-display":"","ast-hfb-below-header-display":"","ast-hfb-mobile-header-display":"","site-post-title":"","ast-breadcrumbs-content":"","ast-featured-img":"","footer-sml-layout":"","theme-transparent-header-meta":"","adv-header-id-meta":"","stick-header-meta":"","header-above-stick-meta":"","header-main-stick-meta":"","header-below-stick-meta":"","astra-migrate-meta-layouts":"default","ast-page-background-enabled":"default","ast-page-background-meta":{"desktop":{"background-color":"var(--ast-global-color-4)","background-image":"","background-repeat":"repeat","background-position":"center center","background-size":"auto","background-attachment":"scroll","background-type":"","background-media":"","overlay-type":"","overlay-color":"","overlay-opacity":"","overlay-gradient":""},"tablet":{"background-color":"","background-image":"","background-repeat":"repeat","background-position":"center center","background-size":"auto","background-attachment":"scroll","background-type":"","background-media":"","overlay-type":"","overlay-color":"","overlay-opacity":"","overlay-gradient":""},"mobile":{"background-color":"","background-image":"","background-repeat":"repeat","background-position":"center center","background-size":"auto","background-attachment":"scroll","background-type":"","background-media":"","overlay-type":"","overlay-color":"","overlay-opacity":"","overlay-gradient":""}},"ast-content-background-meta":{"desktop":{"background-color":"var(--ast-global-color-5)","background-image":"","background-repeat":"repeat","background-position":"center center","background-size":"auto","background-attachment":"scroll","background-type":"","background-media":"","overlay-type":"","overlay-color":"","overlay-opacity":"","overlay-gradient":""},"tablet":{"background-color":"var(--ast-global-color-5)","background-image":"","background-repeat":"repeat","background-position":"center center","background-size":"auto","background-attachment":"scroll","background-type":"","background-media":"","overlay-type":"","overlay-color":"","overlay-opacity":"","overlay-gradient":""},"mobile":{"background-color":"var(--ast-global-color-5)","background-image":"","background-repeat":"repeat","background-position":"center center","background-size":"auto","background-attachment":"scroll","background-type":"","background-media":"","overlay-type":"","overlay-color":"","overlay-opacity":"","overlay-gradient":""}},"footnotes":""},"categories":[8],"tags":[15593,15591,15590,15592],"class_list":["post-48445","post","type-post","status-publish","format-standard","has-post-thumbnail","hentry","category-noticias","tag-credite-suisse","tag-gran-recesion","tag-lehman-brothers","tag-quiebra-silicon-valley-bank"],"_links":{"self":[{"href":"https:\/\/losperiodistas.com.mx\/portal\/wp-json\/wp\/v2\/posts\/48445","targetHints":{"allow":["GET"]}}],"collection":[{"href":"https:\/\/losperiodistas.com.mx\/portal\/wp-json\/wp\/v2\/posts"}],"about":[{"href":"https:\/\/losperiodistas.com.mx\/portal\/wp-json\/wp\/v2\/types\/post"}],"author":[{"embeddable":true,"href":"https:\/\/losperiodistas.com.mx\/portal\/wp-json\/wp\/v2\/users\/1"}],"replies":[{"embeddable":true,"href":"https:\/\/losperiodistas.com.mx\/portal\/wp-json\/wp\/v2\/comments?post=48445"}],"version-history":[{"count":1,"href":"https:\/\/losperiodistas.com.mx\/portal\/wp-json\/wp\/v2\/posts\/48445\/revisions"}],"predecessor-version":[{"id":48448,"href":"https:\/\/losperiodistas.com.mx\/portal\/wp-json\/wp\/v2\/posts\/48445\/revisions\/48448"}],"wp:featuredmedia":[{"embeddable":true,"href":"https:\/\/losperiodistas.com.mx\/portal\/wp-json\/wp\/v2\/media\/48446"}],"wp:attachment":[{"href":"https:\/\/losperiodistas.com.mx\/portal\/wp-json\/wp\/v2\/media?parent=48445"}],"wp:term":[{"taxonomy":"category","embeddable":true,"href":"https:\/\/losperiodistas.com.mx\/portal\/wp-json\/wp\/v2\/categories?post=48445"},{"taxonomy":"post_tag","embeddable":true,"href":"https:\/\/losperiodistas.com.mx\/portal\/wp-json\/wp\/v2\/tags?post=48445"}],"curies":[{"name":"wp","href":"https:\/\/api.w.org\/{rel}","templated":true}]}}